{"id":52750,"date":"2025-04-16T15:24:49","date_gmt":"2025-04-16T18:24:49","guid":{"rendered":"https:\/\/radiorevelacionfm.cl\/?p=52750"},"modified":"2025-04-16T15:24:49","modified_gmt":"2025-04-16T18:24:49","slug":"planificacion-turistica-sostenible-la-urgencia-de-larga-data-que-sigue-pendiente-en-la-region-de-aysen","status":"publish","type":"post","link":"https:\/\/radiorevelacionfm.cl\/?p=52750","title":{"rendered":"Planificaci\u00f3n Tur\u00edstica Sostenible: La urgencia de larga data que sigue pendiente en la Regi\u00f3n de Ays\u00e9n"},"content":{"rendered":"<div class=\"flex_column av_one_full  flex_column_div av-zero-column-padding first  avia-builder-el-0  el_before_av_one_full  avia-builder-el-first  \" style='border-radius:0px; '><div  class='avia-image-container  av-styling-    avia-builder-el-1  avia-builder-el-no-sibling  avia-align-center '  itemprop=\"image\" itemscope=\"itemscope\" itemtype=\"https:\/\/schema.org\/ImageObject\"  ><div class='avia-image-container-inner'><div class='avia-image-overlay-wrap'><img decoding=\"async\" class='wp-image-52751 avia-img-lazy-loading-not-52751 avia_image' src=\"https:\/\/radiorevelacionfm.cl\/wp-content\/uploads\/2025\/04\/Post-Cores-2-1-1-1.jpg\" alt='' title='Post Cores (2) (1) (1) (1)' height=\"600\" width=\"808\"  itemprop=\"thumbnailUrl\" srcset=\"https:\/\/radiorevelacionfm.cl\/wp-content\/uploads\/2025\/04\/Post-Cores-2-1-1-1.jpg 808w, https:\/\/radiorevelacionfm.cl\/wp-content\/uploads\/2025\/04\/Post-Cores-2-1-1-1-300x223.jpg 300w, https:\/\/radiorevelacionfm.cl\/wp-content\/uploads\/2025\/04\/Post-Cores-2-1-1-1-768x570.jpg 768w, https:\/\/radiorevelacionfm.cl\/wp-content\/uploads\/2025\/04\/Post-Cores-2-1-1-1-705x524.jpg 705w, https:\/\/radiorevelacionfm.cl\/wp-content\/uploads\/2025\/04\/Post-Cores-2-1-1-1-450x334.jpg 450w, https:\/\/radiorevelacionfm.cl\/wp-content\/uploads\/2025\/04\/Post-Cores-2-1-1-1-600x446.jpg 600w\" sizes=\"(max-width: 808px) 100vw, 808px\" \/><\/div><\/div><\/div><\/div><div class=\"flex_column av_one_full  flex_column_div av-zero-column-padding first  avia-builder-el-2  el_after_av_one_full  el_before_av_one_full  column-top-margin\" style='border-radius:0px; '><section class=\"av_textblock_section \"  itemscope=\"itemscope\" itemtype=\"https:\/\/schema.org\/BlogPosting\" itemprop=\"blogPost\" ><div class='avia_textblock  '   itemprop=\"text\" ><p style=\"text-align: center;\"><span style=\"font-size: 18pt;\"><strong>Planificaci\u00f3n Tur\u00edstica Sostenible: La urgencia de larga data que sigue pendiente en la Regi\u00f3n de Ays\u00e9n<\/strong><\/span><\/p>\n<div id=\"gtx-trans\" style=\"position: absolute; left: -50px; top: 4.31534px;\">\n<div class=\"gtx-trans-icon\"><\/div>\n<\/div>\n<\/div><\/section><\/div><div class=\"flex_column av_one_full  flex_column_div av-zero-column-padding first  avia-builder-el-4  el_after_av_one_full  el_before_av_hr  column-top-margin\" style='border-radius:0px; '><section class=\"av_textblock_section \"  itemscope=\"itemscope\" itemtype=\"https:\/\/schema.org\/BlogPosting\" itemprop=\"blogPost\" ><div class='avia_textblock  '   itemprop=\"text\" ><p style=\"text-align: justify;\">Para los Cores Eligio Montecinos y Arcadio Soto, contar s\u00f3lo con el 30% de los municipios del territorio con un Pladetur \u201ces una improvisaci\u00f3n que s\u00f3lo da\u00f1a un eje clave para el desarrollo econ\u00f3mico del destino\u201d. Asimismo, llamaron a una acci\u00f3n coordinada para el desarrollo sustentable de la actividad.<\/p>\n<p style=\"text-align: justify;\">S\u00f3lo tres de las diez comunas de la Regi\u00f3n de Ays\u00e9n \u2014Guaitecas, Cisnes y Tortel\u2014 cuentan con un Plan de Desarrollo Tur\u00edstico (Pladetur) vigente, lo que representa apenas el 30% del territorio con un ordenamiento activo. Este indicador encendi\u00f3 las alertas para los consejeros regionales Eligio Montecinos y Arcadio Soto, quien definen que hay que priorizar el sector turismo, ya que ha emergido como uno de los principales motores de la econom\u00eda local, junto a la pesca artesanal y la salmonicultura.<\/p>\n<p style=\"text-align: justify;\">Lo anterior es para los representantes de las provincias de Ays\u00e9n y General Carrera, respectivamente, una deficiencia de larga data, en donde no se ha logrado definir el futuro del destino y qu\u00e9 turismo representamos como Ays\u00e9n Patagonia. Esto tras los datos alentadores dados a conocer esta semana, donde la cantidad de turistas que llegaron a la regi\u00f3n aument\u00f3 un 40%, respecto a la \u00faltima temporada.<\/p>\n<p style=\"text-align: justify;\">\u201cPese a su dinamismo, el turismo en Ays\u00e9n enfrenta un crecimiento poco planificado. La falta de una hoja de ruta clara, que de no concretarse amenaza con frenar su proyecci\u00f3n futura y aumentar sus impactos negativos, tanto sociales como medioambientales\u201d, explic\u00f3 el Core Arcadio Soto.<\/p>\n<p style=\"text-align: justify;\">En tanto, su par Eligio Montecinos detall\u00f3 la \u201cdescoordinaci\u00f3n entre actores, la d\u00e9bil inversi\u00f3n en infraestructura, la baja asociatividad sumada a la limitada promoci\u00f3n y un creciente riesgo de sobreexplotaci\u00f3n sin control normativo, son algunos de los desaf\u00edos que comienzan a hacerse visibles\u201d, acot\u00f3.<\/p>\n<p style=\"text-align: justify;\">Adem\u00e1s de los impactos inmediatos, la ausencia de planificaci\u00f3n impide proyectar a Ays\u00e9n como un Destino con \u00c1reas Protegidas. Para los miembros del Cuerpo Colegiado es \u201curgente un enfoque productivo que permita a las comunidades locales, especialmente aquellas cercanas a \u00e1reas protegidas, beneficiarse realmente de los espacios de uso p\u00fablico, que son un atractivo relevante para la regi\u00f3n\u201d. Adem\u00e1s, seg\u00fan el Sistema de Inteligencia Tur\u00edstica de la Universidad Austral de Chile, un 79% de los turistas que visit\u00f3 la regi\u00f3n, tuvo una experiencia en un \u00e1rea silvestre protegida.<\/p>\n<p style=\"text-align: justify;\">En una reciente sesi\u00f3n del Consejo Regional, el Core y presidente de la Comisi\u00f3n de Fomento Productivo, <strong>Eligio Montecinos<\/strong>, present\u00f3 una ponencia destacando el rol hist\u00f3rico del Gobierno Regional en el impulso al sector. Record\u00f3 hitos como la primera participaci\u00f3n internacional de Ays\u00e9n en ferias mundiales, incluyendo Hannover (Alemania) a fines de los a\u00f1os 90, como parte de una visi\u00f3n de posicionamiento a largo plazo.<\/p>\n<p style=\"text-align: justify;\">\u201cEl turismo ha respondido con creces a la visi\u00f3n que tuvimos hace m\u00e1s de dos d\u00e9cadas. Hoy es uno de los pilares de nuestra econom\u00eda y debemos trabajar para que contin\u00fae si\u00e9ndolo\u201d, afirm\u00f3 Montecinos.<\/p>\n<p style=\"text-align: justify;\">Aunque el objetivo principal no es s\u00f3lo crecimiento, sino tambi\u00e9n la necesidad de una orientaci\u00f3n clara hacia un desarrollo en el que tambi\u00e9n est\u00e9n incluidas las comunidades rurales de la regi\u00f3n, acot\u00f3 el representante de Ays\u00e9n.<\/p>\n<p style=\"text-align: justify;\">Durante su intervenci\u00f3n, el consejero solicit\u00f3 formalmente al Director Regional de Sernatur, <strong>Claudio Montecinos<\/strong>, liderar un proceso de di\u00e1logo con los gremios tur\u00edsticos de la regi\u00f3n. El objetivo es dise\u00f1ar un Plan Estrat\u00e9gico Regional de Desarrollo Tur\u00edstico, que recoja la identidad y vocaci\u00f3n de cada territorio, corrija brechas estructurales y articule los esfuerzos p\u00fablicos y privados.<\/p>\n<p style=\"text-align: justify;\">A esta visi\u00f3n se sum\u00f3 el consejero regional <strong>Arcadio Soto<\/strong>, quien es miembro de la Comisi\u00f3n de Fomento Productivo y enfatiz\u00f3 en la relevancia de que cada comuna cuente con un Plan de Desarrollo Tur\u00edstico (Pladetur) actualizado, participativo y pertinente con los desaf\u00edos del territorio.<\/p>\n<p style=\"text-align: justify;\">\u201cNo podemos seguir improvisando. Los planes comunales de turismo son esenciales para ordenar el desarrollo, priorizar inversiones y, sobre todo, para que las comunidades locales participen activamente en c\u00f3mo quieren crecer\u201d, indic\u00f3 Soto.<\/p>\n<p style=\"text-align: justify;\">Asimismo, el consejero advirti\u00f3 sobre algunas de las consecuencias en caso de no contar con una planificaci\u00f3n local.<\/p>\n<p style=\"text-align: justify;\">\u201cCuando no existe planificaci\u00f3n, se puede generar una brecha enorme entre comunas. Algunas avanzan, otras se quedan atr\u00e1s y eso va en contra de la equidad territorial. El turismo puede ser un gran igualador, pero solo si lo pensamos de manera estrat\u00e9gica\u201d, destac\u00f3.<\/p>\n<p style=\"text-align: justify;\">Contar con un Pladetur permite establecer un diagn\u00f3stico del estado del turismo en cada comuna, definir metas concretas a mediano y a largo plazo, fortalecer la gobernanza local y regional, y guiar de forma eficiente las inversiones, todo ello bajo criterios de sostenibilidad ambiental, social y cultural.<\/p>\n<p style=\"text-align: justify;\">Ambos consejeros abordan un tema sensible: la falta de avances en la pavimentaci\u00f3n de la <strong>Carretera Austral<\/strong>, considerada columna vertebral de la conectividad regional y recientemente elegida por el medio internacional BBC como una de las seis rutas esc\u00e9nicas m\u00e1s extraordinarias del mundo.<\/p>\n<p style=\"text-align: justify;\">\u201cDurante el \u00faltimo periodo, no hemos visto progresos significativos ni hacia el norte ni hacia el sur. Ser\u00e1 tarea del nuevo Gobierno Regional asumir con decisi\u00f3n esta labor pendiente\u201d, advierten.<\/p>\n<p style=\"text-align: justify;\">Ays\u00e9n posee un potencial tur\u00edstico incomparable, sustentado en su biodiversidad, sus \u00e1reas silvestres protegidas, su cultura y su car\u00e1cter \u00fanico como territorio austral. Pero ese potencial, para transformarse en una ventaja estrat\u00e9gica sostenible, requiere planificaci\u00f3n, di\u00e1logo, visi\u00f3n de futuro y estar alineado a un Plan Regional de Turismo a largo plazo. El desaf\u00edo ya est\u00e1 sobre la mesa.<\/p>\n<\/div><\/section><\/div><div  style='height:50px' class='hr hr-invisible   avia-builder-el-6  el_after_av_one_full  el_before_av_social_share '><span class='hr-inner ' ><span class='hr-inner-style'><\/span><\/span><\/div><\/p>\n<div  class='av-social-sharing-box  avia-builder-el-7  el_after_av_hr  el_before_av_hr  '><div class='av-share-box'><h5 class='av-share-link-description av-no-toc '>Compartir esta noticia<\/h5><ul class='av-share-box-list noLightbox'><li class='av-share-link av-social-link-facebook' ><a target=\"_blank\" aria-label=\"Compartir en Facebook\" href='https:\/\/www.facebook.com\/sharer.php?u=https:\/\/radiorevelacionfm.cl\/?p=52750&#038;t=Planificaci%C3%B3n%20Tur%C3%ADstica%20Sostenible%3A%20La%20urgencia%20de%20larga%20data%20que%20sigue%20pendiente%20en%20la%20Regi%C3%B3n%20de%20Ays%C3%A9n' aria-hidden='false' data-av_icon='\ue8f3' data-av_iconfont='entypo-fontello' title='' data-avia-related-tooltip='Compartir en Facebook' rel=\"noopener\"><span class='avia_hidden_link_text'>Compartir en Facebook<\/span><\/a><\/li><li class='av-share-link av-social-link-twitter' ><a target=\"_blank\" aria-label=\"Compartir en Twitter\" href='https:\/\/twitter.com\/share?text=Planificaci%C3%B3n%20Tur%C3%ADstica%20Sostenible%3A%20La%20urgencia%20de%20larga%20data%20que%20sigue%20pendiente%20en%20la%20Regi%C3%B3n%20de%20Ays%C3%A9n&#038;url=https:\/\/radiorevelacionfm.cl\/?p=52750' aria-hidden='false' data-av_icon='\ue8f1' data-av_iconfont='entypo-fontello' title='' data-avia-related-tooltip='Compartir en Twitter' rel=\"noopener\"><span class='avia_hidden_link_text'>Compartir en Twitter<\/span><\/a><\/li><li class='av-share-link av-social-link-whatsapp' ><a target=\"_blank\" aria-label=\"Compartir en Whatsapp\" href='https:\/\/api.whatsapp.com\/send?text=https:\/\/radiorevelacionfm.cl\/?p=52750' aria-hidden='false' data-av_icon='\uf232' data-av_iconfont='entypo-fontello' title='' data-avia-related-tooltip='Compartir en Whatsapp' rel=\"noopener\"><span class='avia_hidden_link_text'>Compartir en Whatsapp<\/span><\/a><\/li><li class='av-share-link av-social-link-linkedin' ><a target=\"_blank\" aria-label=\"Compartir en LinkedIn\" href='https:\/\/linkedin.com\/shareArticle?mini=true&#038;title=Planificaci%C3%B3n%20Tur%C3%ADstica%20Sostenible%3A%20La%20urgencia%20de%20larga%20data%20que%20sigue%20pendiente%20en%20la%20Regi%C3%B3n%20de%20Ays%C3%A9n&#038;url=https:\/\/radiorevelacionfm.cl\/?p=52750' aria-hidden='false' data-av_icon='\ue8fc' data-av_iconfont='entypo-fontello' title='' data-avia-related-tooltip='Compartir en LinkedIn' rel=\"noopener\"><span class='avia_hidden_link_text'>Compartir en LinkedIn<\/span><\/a><\/li><li class='av-share-link av-social-link-mail' ><a  aria-label=\"Compartir por correo\" href='mailto:?subject=Planificaci%C3%B3n%20Tur%C3%ADstica%20Sostenible%3A%20La%20urgencia%20de%20larga%20data%20que%20sigue%20pendiente%20en%20la%20Regi%C3%B3n%20de%20Ays%C3%A9n&#038;body=https:\/\/radiorevelacionfm.cl\/?p=52750' aria-hidden='false' data-av_icon='\ue805' data-av_iconfont='entypo-fontello' title='' data-avia-related-tooltip='Compartir por correo'><span class='avia_hidden_link_text'>Compartir por correo<\/span><\/a><\/li><\/ul><\/div><\/div>\n<div  style='height:50px' class='hr hr-invisible   avia-builder-el-8  el_after_av_social_share  el_before_av_comments_list '><span class='hr-inner ' ><span class='hr-inner-style'><\/span><\/span><\/div>\n<div  class='av-buildercomment  av-blog-meta-html-info-disabled av-blog-meta-tag-disabled  '><\/div>\n","protected":false},"excerpt":{"rendered":"","protected":false},"author":1,"featured_media":52751,"comment_status":"closed","ping_status":"closed","sticky":false,"template":"","format":"standard","meta":{"footnotes":""},"categories":[38],"tags":[],"class_list":["post-52750","post","type-post","status-publish","format-standard","has-post-thumbnail","hentry","category-regional"],"jetpack_featured_media_url":"https:\/\/radiorevelacionfm.cl\/wp-content\/uploads\/2025\/04\/Post-Cores-2-1-1-1.jpg","_links":{"self":[{"href":"https:\/\/radiorevelacionfm.cl\/index.php?rest_route=\/wp\/v2\/posts\/52750","targetHints":{"allow":["GET"]}}],"collection":[{"href":"https:\/\/radiorevelacionfm.cl\/index.php?rest_route=\/wp\/v2\/posts"}],"about":[{"href":"https:\/\/radiorevelacionfm.cl\/index.php?rest_route=\/wp\/v2\/types\/post"}],"author":[{"embeddable":true,"href":"https:\/\/radiorevelacionfm.cl\/index.php?rest_route=\/wp\/v2\/users\/1"}],"replies":[{"embeddable":true,"href":"https:\/\/radiorevelacionfm.cl\/index.php?rest_route=%2Fwp%2Fv2%2Fcomments&post=52750"}],"version-history":[{"count":1,"href":"https:\/\/radiorevelacionfm.cl\/index.php?rest_route=\/wp\/v2\/posts\/52750\/revisions"}],"predecessor-version":[{"id":52752,"href":"https:\/\/radiorevelacionfm.cl\/index.php?rest_route=\/wp\/v2\/posts\/52750\/revisions\/52752"}],"wp:featuredmedia":[{"embeddable":true,"href":"https:\/\/radiorevelacionfm.cl\/index.php?rest_route=\/wp\/v2\/media\/52751"}],"wp:attachment":[{"href":"https:\/\/radiorevelacionfm.cl\/index.php?rest_route=%2Fwp%2Fv2%2Fmedia&parent=52750"}],"wp:term":[{"taxonomy":"category","embeddable":true,"href":"https:\/\/radiorevelacionfm.cl\/index.php?rest_route=%2Fwp%2Fv2%2Fcategories&post=52750"},{"taxonomy":"post_tag","embeddable":true,"href":"https:\/\/radiorevelacionfm.cl\/index.php?rest_route=%2Fwp%2Fv2%2Ftags&post=52750"}],"curies":[{"name":"wp","href":"https:\/\/api.w.org\/{rel}","templated":true}]}}