{"id":52744,"date":"2025-04-16T15:08:14","date_gmt":"2025-04-16T18:08:14","guid":{"rendered":"https:\/\/radiorevelacionfm.cl\/?p=52744"},"modified":"2025-04-16T15:08:14","modified_gmt":"2025-04-16T18:08:14","slug":"convocatoria-abierta-para-el-primer-taller-de-archivos-audiovisuales-para-residentes-de-aysen-y-magallanes","status":"publish","type":"post","link":"https:\/\/radiorevelacionfm.cl\/?p=52744","title":{"rendered":"Convocatoria abierta para el primer Taller de Archivos Audiovisuales para residentes de Ays\u00e9n y Magallanes"},"content":{"rendered":"<div class=\"flex_column av_one_full  flex_column_div av-zero-column-padding first  avia-builder-el-0  el_before_av_one_full  avia-builder-el-first  \" style='border-radius:0px; '><div  class='avia-image-container  av-styling-    avia-builder-el-1  avia-builder-el-no-sibling  avia-align-center '  itemprop=\"image\" itemscope=\"itemscope\" itemtype=\"https:\/\/schema.org\/ImageObject\"  ><div class='avia-image-container-inner'><div class='avia-image-overlay-wrap'><img decoding=\"async\" class='wp-image-52745 avia-img-lazy-loading-not-52745 avia_image' src=\"https:\/\/radiorevelacionfm.cl\/wp-content\/uploads\/2025\/04\/cartel_web-1_optimized.jpg\" alt='' title='cartel_web-(1)_optimized' height=\"600\" width=\"837\"  itemprop=\"thumbnailUrl\" srcset=\"https:\/\/radiorevelacionfm.cl\/wp-content\/uploads\/2025\/04\/cartel_web-1_optimized.jpg 837w, https:\/\/radiorevelacionfm.cl\/wp-content\/uploads\/2025\/04\/cartel_web-1_optimized-300x215.jpg 300w, https:\/\/radiorevelacionfm.cl\/wp-content\/uploads\/2025\/04\/cartel_web-1_optimized-768x551.jpg 768w, https:\/\/radiorevelacionfm.cl\/wp-content\/uploads\/2025\/04\/cartel_web-1_optimized-260x185.jpg 260w, https:\/\/radiorevelacionfm.cl\/wp-content\/uploads\/2025\/04\/cartel_web-1_optimized-705x505.jpg 705w, https:\/\/radiorevelacionfm.cl\/wp-content\/uploads\/2025\/04\/cartel_web-1_optimized-450x323.jpg 450w, https:\/\/radiorevelacionfm.cl\/wp-content\/uploads\/2025\/04\/cartel_web-1_optimized-600x430.jpg 600w\" sizes=\"(max-width: 837px) 100vw, 837px\" \/><\/div><\/div><\/div><\/div><div class=\"flex_column av_one_full  flex_column_div av-zero-column-padding first  avia-builder-el-2  el_after_av_one_full  el_before_av_one_full  column-top-margin\" style='border-radius:0px; '><section class=\"av_textblock_section \"  itemscope=\"itemscope\" itemtype=\"https:\/\/schema.org\/BlogPosting\" itemprop=\"blogPost\" ><div class='avia_textblock  '   itemprop=\"text\" ><p style=\"text-align: center;\"><span style=\"font-size: 18pt;\"><strong>Convocatoria abierta para el primer Taller de Archivos Audiovisuales para residentes de Ays\u00e9n y Magallanes<\/strong><\/span><\/p>\n<div id=\"gtx-trans\" style=\"position: absolute; left: -50px; top: 4.31534px;\">\n<div class=\"gtx-trans-icon\"><\/div>\n<\/div>\n<\/div><\/section><\/div><\/p>\n<div class=\"flex_column av_one_full  flex_column_div av-zero-column-padding first  avia-builder-el-4  el_after_av_one_full  el_before_av_hr  column-top-margin\" style='border-radius:0px; '><section class=\"av_textblock_section \"  itemscope=\"itemscope\" itemtype=\"https:\/\/schema.org\/BlogPosting\" itemprop=\"blogPost\" ><div class='avia_textblock  '   itemprop=\"text\" ><p style=\"text-align: justify;\">Hasta el lunes 5 de mayo estar\u00e1 abierta la convocatoria para la primera instancia de formaci\u00f3n en conservaci\u00f3n, catalogaci\u00f3n y difusi\u00f3n de archivos audiovisuales en las regiones de Magallanes y Ays\u00e9n.<\/p>\n<p style=\"text-align: justify;\">El taller no tiene costo y est\u00e1 dirigido a quienes trabajan custodiando archivos audiovisuales en formato celuloide y\/o video an\u00e1logo en las regiones m\u00e1s australes del\u00a0pa\u00eds.<\/p>\n<p style=\"text-align: justify;\">El <em>Laboratorio del Archivo Audiovisual Austral<\/em> invita a los residentes de las regiones de Ays\u00e9n y Magallanes a participar de la convocatoria del Taller de Archivos Audiovisuales para interesados\/as en la conservaci\u00f3n de las im\u00e1genes para el futuro. El taller ofrecer\u00e1 herramientas y conocimientos para el rescate, preservaci\u00f3n, catalogaci\u00f3n y\u00a0 difusi\u00f3n de los archivos audiovisuales de la regi\u00f3n austral.<\/p>\n<p style=\"text-align: justify;\">\u201cLas im\u00e1genes del pasado son una fuente valiosa de identidad hist\u00f3rica, que en la zona austral retrataron modos de vida, naturaleza, un habitar de esta geograf\u00eda. A partir de ellas nos damos cuenta de la transformaci\u00f3n en el tiempo, pero tambi\u00e9n de que podemos reinterpretarlas en el presente. En las regiones de Magallanes y Ays\u00e9n hay una riqueza enorme de archivos muy diversos, pero la tecnolog\u00eda cambia y r\u00e1pidamente las im\u00e1genes se vuelven inaccesibles. Este taller invita a revisar esos archivos con equipamiento especializado y a conocer t\u00e9cnicas de conservaci\u00f3n para que est\u00e9n disponibles por muchos a\u00f1os\u201d, se\u00f1al\u00f3 la coordinadora Tiziana Panizza, docente de la Universidad de Chile.<\/p>\n<p style=\"text-align: justify;\">La capacitaci\u00f3n no tiene costo y ser\u00e1 presencial, de dedicaci\u00f3n exclusiva durante 5 d\u00edas, entre el 2 y 6 de junio en el Museo de Historia Natural de R\u00edo Seco, en la ciudad de Punta Arenas. Se adjudicar\u00e1n 8 becas completas (transporte, alojamiento y alimentaci\u00f3n) para quienes residan localidades lejanas de Punta Arenas en Magallanes y para postulantes de Ays\u00e9n. \u00a0Los participantes recibir\u00e1n un diploma emitido por la Universidad de Magallanes y la Universidad de Chile.<\/p>\n<p style=\"text-align: justify;\">El Taller de Archivos Audiovisuales es de car\u00e1cter te\u00f3rico\/pr\u00e1ctico donde se analizar\u00e1n las diversas discusiones en torno al audiovisual como patrimonio. Los participantes tendr\u00e1n a su disposici\u00f3n equipamiento t\u00e9cnico para evaluar el estado de conservaci\u00f3n de los materiales en formatos diversos como celuloide super 8mm, 16mm y 35 mm, de video an\u00e1logo como U-matic, betacam, Dvcam, Hi-8, VHS, entre otros.\u00a0\u00a0 Esto le permitir\u00e1 eventualmente iniciar acciones de rescate, salvaguarda, preservaci\u00f3n y restauraci\u00f3n, adem\u00e1s de realizar diagn\u00f3sticos t\u00e9cnicos, crear sistemas de catalogaci\u00f3n y dise\u00f1ar futuros proyectos para la puesta en valor de las colecciones m\u00e1s australes del mundo.<\/p>\n<p style=\"text-align: justify;\">La instancia formativa ser\u00e1 impartida por los especialistas Luis Horta y Carlos Ovando de la Cineteca de la Universidad de Chile, Rafael Cheuquelaf, de la Universidad de Magallanes y Tiziana Panizza de la Universidad de Chile. Este proyecto de formaci\u00f3n cuenta con el financiamiento del Fondo de Fomento Audiovisual del Ministerio de las Culturas, las Artes y el Patrimonio.<\/p>\n<p style=\"text-align: justify;\"><strong>FECHAS Y PLAZOS:<\/strong><\/p>\n<p style=\"text-align: justify;\"><strong>Lugar y fecha: <\/strong>\u00a0en la ciudad de Punta Arenas entre el <strong>2 y el 6 de junio de 2025<\/strong> en el Museo de Historia Natural de R\u00edo Seco.<\/p>\n<p style=\"text-align: justify;\"><strong>Apertura de postulaciones<\/strong>: Lunes 7 de abril de 2025<\/p>\n<p style=\"text-align: justify;\"><strong>Cierre de postulaciones:<\/strong> Lunes 5 de mayo de 2025, 18:00 hrs (hora Ays\u00e9n y Magallanes).<\/p>\n<p style=\"text-align: justify;\"><strong>D\u00d3NDE POSTULAR:<\/strong><\/p>\n<p style=\"text-align: justify;\">Se postula exclusivamente a trav\u00e9s del formulario en el\u00a0 siguiente <a href=\"https:\/\/docs.google.com\/forms\/d\/1WixTEue6o5BSTTrGGhTuQ84BaXTKto1HCSkX52GxERA\/viewform?edit_requested=true\">link<\/a>:<\/p>\n<p style=\"text-align: justify;\"><a href=\"https:\/\/linktr.ee\/archivosaudiovisuales.lab?fbclid=PAZXh0bgNhZW0CMTEAAae0kb9LmHt66svVTHHIVbxIsg33ntjkg5rROV4CbWoRVhEnRfwMgruERU-zfQ_aem_TPKmggPHTKvGeU2-0FyM3w\">https:\/\/linktr.ee\/archivosaudiovisuales.lab?fbclid=PAZXh0bgNhZW0CMTEAAae0kb9LmHt66svVTHHIVbxIsg33ntjkg5rROV4CbWoRVhEnRfwMgruERU-zfQ_aem_TPKmggPHTKvGeU2-0FyM3w<\/a><\/p>\n<p style=\"text-align: justify;\">Para resolver dudas, los interesados pueden escribir a: archivoaudiovisual.lab@gmail.com<\/p>\n<\/div><\/section><\/div><div  style='height:50px' class='hr hr-invisible   avia-builder-el-6  el_after_av_one_full  el_before_av_social_share '><span class='hr-inner ' ><span class='hr-inner-style'><\/span><\/span><\/div><\/p>\n<div  class='av-social-sharing-box  avia-builder-el-7  el_after_av_hr  el_before_av_hr  '><div class='av-share-box'><h5 class='av-share-link-description av-no-toc '>Compartir esta noticia<\/h5><ul class='av-share-box-list noLightbox'><li class='av-share-link av-social-link-facebook' ><a target=\"_blank\" aria-label=\"Compartir en Facebook\" href='https:\/\/www.facebook.com\/sharer.php?u=https:\/\/radiorevelacionfm.cl\/?p=52744&#038;t=Convocatoria%20abierta%20para%20el%20primer%20Taller%20de%20Archivos%20Audiovisuales%20para%20residentes%20de%20Ays%C3%A9n%20y%20Magallanes' aria-hidden='false' data-av_icon='\ue8f3' data-av_iconfont='entypo-fontello' title='' data-avia-related-tooltip='Compartir en Facebook' rel=\"noopener\"><span class='avia_hidden_link_text'>Compartir en Facebook<\/span><\/a><\/li><li class='av-share-link av-social-link-twitter' ><a target=\"_blank\" aria-label=\"Compartir en Twitter\" href='https:\/\/twitter.com\/share?text=Convocatoria%20abierta%20para%20el%20primer%20Taller%20de%20Archivos%20Audiovisuales%20para%20residentes%20de%20Ays%C3%A9n%20y%20Magallanes&#038;url=https:\/\/radiorevelacionfm.cl\/?p=52744' aria-hidden='false' data-av_icon='\ue8f1' data-av_iconfont='entypo-fontello' title='' data-avia-related-tooltip='Compartir en Twitter' rel=\"noopener\"><span class='avia_hidden_link_text'>Compartir en Twitter<\/span><\/a><\/li><li class='av-share-link av-social-link-whatsapp' ><a target=\"_blank\" aria-label=\"Compartir en Whatsapp\" href='https:\/\/api.whatsapp.com\/send?text=https:\/\/radiorevelacionfm.cl\/?p=52744' aria-hidden='false' data-av_icon='\uf232' data-av_iconfont='entypo-fontello' title='' data-avia-related-tooltip='Compartir en Whatsapp' rel=\"noopener\"><span class='avia_hidden_link_text'>Compartir en Whatsapp<\/span><\/a><\/li><li class='av-share-link av-social-link-linkedin' ><a target=\"_blank\" aria-label=\"Compartir en LinkedIn\" href='https:\/\/linkedin.com\/shareArticle?mini=true&#038;title=Convocatoria%20abierta%20para%20el%20primer%20Taller%20de%20Archivos%20Audiovisuales%20para%20residentes%20de%20Ays%C3%A9n%20y%20Magallanes&#038;url=https:\/\/radiorevelacionfm.cl\/?p=52744' aria-hidden='false' data-av_icon='\ue8fc' data-av_iconfont='entypo-fontello' title='' data-avia-related-tooltip='Compartir en LinkedIn' rel=\"noopener\"><span class='avia_hidden_link_text'>Compartir en LinkedIn<\/span><\/a><\/li><li class='av-share-link av-social-link-mail' ><a  aria-label=\"Compartir por correo\" href='mailto:?subject=Convocatoria%20abierta%20para%20el%20primer%20Taller%20de%20Archivos%20Audiovisuales%20para%20residentes%20de%20Ays%C3%A9n%20y%20Magallanes&#038;body=https:\/\/radiorevelacionfm.cl\/?p=52744' aria-hidden='false' data-av_icon='\ue805' data-av_iconfont='entypo-fontello' title='' data-avia-related-tooltip='Compartir por correo'><span class='avia_hidden_link_text'>Compartir por correo<\/span><\/a><\/li><\/ul><\/div><\/div>\n<div  style='height:50px' class='hr hr-invisible   avia-builder-el-8  el_after_av_social_share  el_before_av_comments_list '><span class='hr-inner ' ><span class='hr-inner-style'><\/span><\/span><\/div>\n<div  class='av-buildercomment  av-blog-meta-html-info-disabled av-blog-meta-tag-disabled  '><\/div>\n","protected":false},"excerpt":{"rendered":"","protected":false},"author":1,"featured_media":52745,"comment_status":"closed","ping_status":"closed","sticky":false,"template":"","format":"standard","meta":{"footnotes":""},"categories":[52],"tags":[],"class_list":["post-52744","post","type-post","status-publish","format-standard","has-post-thumbnail","hentry","category-cultura"],"jetpack_featured_media_url":"https:\/\/radiorevelacionfm.cl\/wp-content\/uploads\/2025\/04\/cartel_web-1_optimized.jpg","_links":{"self":[{"href":"https:\/\/radiorevelacionfm.cl\/index.php?rest_route=\/wp\/v2\/posts\/52744","targetHints":{"allow":["GET"]}}],"collection":[{"href":"https:\/\/radiorevelacionfm.cl\/index.php?rest_route=\/wp\/v2\/posts"}],"about":[{"href":"https:\/\/radiorevelacionfm.cl\/index.php?rest_route=\/wp\/v2\/types\/post"}],"author":[{"embeddable":true,"href":"https:\/\/radiorevelacionfm.cl\/index.php?rest_route=\/wp\/v2\/users\/1"}],"replies":[{"embeddable":true,"href":"https:\/\/radiorevelacionfm.cl\/index.php?rest_route=%2Fwp%2Fv2%2Fcomments&post=52744"}],"version-history":[{"count":2,"href":"https:\/\/radiorevelacionfm.cl\/index.php?rest_route=\/wp\/v2\/posts\/52744\/revisions"}],"predecessor-version":[{"id":52756,"href":"https:\/\/radiorevelacionfm.cl\/index.php?rest_route=\/wp\/v2\/posts\/52744\/revisions\/52756"}],"wp:featuredmedia":[{"embeddable":true,"href":"https:\/\/radiorevelacionfm.cl\/index.php?rest_route=\/wp\/v2\/media\/52745"}],"wp:attachment":[{"href":"https:\/\/radiorevelacionfm.cl\/index.php?rest_route=%2Fwp%2Fv2%2Fmedia&parent=52744"}],"wp:term":[{"taxonomy":"category","embeddable":true,"href":"https:\/\/radiorevelacionfm.cl\/index.php?rest_route=%2Fwp%2Fv2%2Fcategories&post=52744"},{"taxonomy":"post_tag","embeddable":true,"href":"https:\/\/radiorevelacionfm.cl\/index.php?rest_route=%2Fwp%2Fv2%2Ftags&post=52744"}],"curies":[{"name":"wp","href":"https:\/\/api.w.org\/{rel}","templated":true}]}}