{"id":52735,"date":"2025-04-15T21:35:40","date_gmt":"2025-04-16T00:35:40","guid":{"rendered":"https:\/\/radiorevelacionfm.cl\/?p=52735"},"modified":"2025-04-15T21:35:40","modified_gmt":"2025-04-16T00:35:40","slug":"comunidad-y-autoridades-inauguran-puente-modular-en-sector-rio-pangal","status":"publish","type":"post","link":"https:\/\/radiorevelacionfm.cl\/?p=52735","title":{"rendered":"Comunidad y autoridades inauguran puente modular en sector R\u00edo Pangal"},"content":{"rendered":"<div class=\"flex_column av_one_full  flex_column_div av-zero-column-padding first  avia-builder-el-0  el_before_av_one_full  avia-builder-el-first  \" style='border-radius:0px; '><div  class='avia-image-container  av-styling-    avia-builder-el-1  avia-builder-el-no-sibling  avia-align-center '  itemprop=\"image\" itemscope=\"itemscope\" itemtype=\"https:\/\/schema.org\/ImageObject\"  ><div class='avia-image-container-inner'><div class='avia-image-overlay-wrap'><img decoding=\"async\" class='wp-image-52736 avia-img-lazy-loading-not-52736 avia_image' src=\"https:\/\/radiorevelacionfm.cl\/wp-content\/uploads\/2025\/04\/foto-pangal-1-1_optimized.jpg\" alt='' title='foto-pangal-1-(1)_optimized' height=\"600\" width=\"961\"  itemprop=\"thumbnailUrl\" srcset=\"https:\/\/radiorevelacionfm.cl\/wp-content\/uploads\/2025\/04\/foto-pangal-1-1_optimized.jpg 961w, https:\/\/radiorevelacionfm.cl\/wp-content\/uploads\/2025\/04\/foto-pangal-1-1_optimized-300x187.jpg 300w, https:\/\/radiorevelacionfm.cl\/wp-content\/uploads\/2025\/04\/foto-pangal-1-1_optimized-768x480.jpg 768w, https:\/\/radiorevelacionfm.cl\/wp-content\/uploads\/2025\/04\/foto-pangal-1-1_optimized-705x440.jpg 705w, https:\/\/radiorevelacionfm.cl\/wp-content\/uploads\/2025\/04\/foto-pangal-1-1_optimized-450x281.jpg 450w, https:\/\/radiorevelacionfm.cl\/wp-content\/uploads\/2025\/04\/foto-pangal-1-1_optimized-600x375.jpg 600w\" sizes=\"(max-width: 961px) 100vw, 961px\" \/><\/div><\/div><\/div><\/div><div class=\"flex_column av_one_full  flex_column_div av-zero-column-padding first  avia-builder-el-2  el_after_av_one_full  el_before_av_one_full  column-top-margin\" style='border-radius:0px; '><section class=\"av_textblock_section \"  itemscope=\"itemscope\" itemtype=\"https:\/\/schema.org\/BlogPosting\" itemprop=\"blogPost\" ><div class='avia_textblock  '   itemprop=\"text\" ><p style=\"text-align: center;\"><strong><span style=\"font-size: 18pt;\">Comunidad y autoridades inauguran puente modular en sector R\u00edo Pangal<\/span><\/strong><\/p>\n<div id=\"gtx-trans\" style=\"position: absolute; left: -50px; top: 4.31534px;\">\n<div class=\"gtx-trans-icon\"><\/div>\n<\/div>\n<\/div><\/section><\/div><div class=\"flex_column av_one_full  flex_column_div av-zero-column-padding first  avia-builder-el-4  el_after_av_one_full  el_before_av_hr  column-top-margin\" style='border-radius:0px; '><section class=\"av_textblock_section \"  itemscope=\"itemscope\" itemtype=\"https:\/\/schema.org\/BlogPosting\" itemprop=\"blogPost\" ><div class='avia_textblock  '   itemprop=\"text\" ><p style=\"text-align: justify;\">Un cambio que transformar\u00e1 positivamente las vidas de los vecinos y las vecinas del sector Pangal comenz\u00f3 a vivirse hoy con la instalaci\u00f3n del nuevo puente modular sobre el r\u00edo Pangal, en la comuna de Ays\u00e9n el que permitir\u00e1 que ambulancias y bomberos, entre otros puedan acceder al sector ante emergencias, as\u00ed como tambi\u00e9n potenciar el desarrollo productivo de la comunidad de este sector.<\/p>\n<p style=\"text-align: justify;\">En la ceremonia de inauguraci\u00f3n, el Delegado Presidencial Regional, Jorge D\u00edaz Guzm\u00e1n expres\u00f3: \u201cEstamos muy contentos como gobierno, como Delegaci\u00f3n tanto provincial como regional, con Vialidad del MOP de haber podido cumplir este compromiso que se hab\u00eda propuesto por lo tanto estamos muy contentos, y adem\u00e1s esto lo hizo el Estado. Aqu\u00ed est\u00e1 el Estado presente, est\u00e1 el trabajo p\u00fablico, est\u00e1 la valoraci\u00f3n de lo p\u00fablico en esta oportunidad y por lo tanto, creo que los vecinos y vecinas valoran precisamente el trabajo de la gente de Vialidad, -aqu\u00ed tenemos un trabajador hist\u00f3rico que est\u00e1 presente tambi\u00e9n- as\u00ed que yo creo que lo fundamental es que se cumpli\u00f3 el compromiso con los vecinos, lo fundamental es que el Estado se hizo presente en este lugar y lo fundamental es que nuestro gobierno reconoce los territorios especiales y acude con toda su fuerza para solucionar los problemas de la comunidad, as\u00ed que estamos muy contentos con esta inauguraci\u00f3n\u201d.<\/p>\n<p style=\"text-align: justify;\">Por su parte, la Secretaria Regional Ministerial de Obras P\u00fablicas Paloma Jara Vald\u00e9s destac\u00f3: \u201cEfectivamente nuestro Delegado lo ha dicho, hoy d\u00eda es un d\u00eda de gran felicidad para el Ministerio de Obras P\u00fablicas, hemos podido dar tr\u00e1nsito a este tan anhelado puente, a esta estructura met\u00e1lica que ha sido instalada en su totalidad por nuestra Administraci\u00f3n Directa. Un proyecto muy anhelado que va a dar conectividad al sector de una forma que no exist\u00eda antes, porque si bien fue un proyecto de emergencia le va a cambiar la vida de las personas y estamos muy orgullosos que eso haya sido posible de ser llevado por nuestra Administraci\u00f3n Directa, por nuestros propios trabajadores, y as\u00ed realmente ser un aporte y querer nuevamente dar valor a lo que hace nuestra Administraci\u00f3n Directa y c\u00f3mo ellos pudieron enfrentar esta obra en un tiempo record, en menos de cinco meses tenemos de vuelta un puente y efectivamente se vienen desaf\u00edos. Don Jos\u00e9 lo ha dicho, el Pangal tiene harta inversi\u00f3n, tambi\u00e9n como todo Puerto Ays\u00e9n porque hay un compromiso de la Direcci\u00f3n de Vialidad del Ministerio de Obras P\u00fablicas en que todos los territorios vayan creciendo y tengan mejor conectividad\u201d.<\/p>\n<p style=\"text-align: justify;\">Junto con la instalaci\u00f3n del puente que tiene una capacidad de 18 toneladas y una extensi\u00f3n cercana a los 70 metros, se confeccion\u00f3 terrapl\u00e9n 4.441 m3, enrocado de protecci\u00f3n de 1.520 m3, obras de seguridad vial, tales como se\u00f1ales informativas, restrictivas y reglamentarias.<\/p>\n<p style=\"text-align: justify;\">En la ceremonia estuvieron presentes junto al el Delegado Presidencial Regional Jorge D\u00edaz Guzm\u00e1n, el Delegado de la Provincia de Ays\u00e9n Rodrigo Moreno Rivera, el Alcalde de la comuna de Ays\u00e9n Luis Mart\u00ednez, la Seremi de Gobierno Mix Urbina, en representaci\u00f3n del Gobernador Regional el Jefe de Diplade Omar Mu\u00f1oz, el Director Regional de Vialidad Renzo Sanders, el Director del Hospital de Puerto Ays\u00e9n Hern\u00e1n Barrientos, el Jefe de la Oficina Provincial de Vialidad Ays\u00e9n Jorge Barr\u00eda y la directiva e integrantes del Comit\u00e9 Pro Adelanto Entre R\u00edos Pangal Bajo, entre otros representantes de la comunidad.<\/p>\n<p style=\"text-align: justify;\">En esta ocasi\u00f3n, el Comit\u00e9 Pro Adelanto Entre R\u00edos Pangal Bajo efectu\u00f3 un reconocimiento a una serie de vecinos del sector que contribuyeron en esta iniciativa, y a instituciones como el CESFAM\u00a0 de Puerto Ays\u00e9n y especialmente a la cuadrilla de puentes de la Oficina Provincial de Vialidad del MOP.<\/p>\n<p style=\"text-align: justify;\">Al respecto Jos\u00e9 Jara, presidente del Comit\u00e9 Pro Adelanto Entre R\u00edos Pangal Bajo expres\u00f3: \u201cEsta instancia cierra una etapa importante y muy relevante para los vecinos, dejando abierta esta v\u00eda de conectividad que nos permite emprender el desarrollo en el sector. Agradecer a todas las autoridades que se han hecho presentes, a los que han aportado. Dejar un desaf\u00edo planteado, lo que viene por escribir necesita manos, necesita apoyos y los vamos a molestar nuevamente porque esto no termina aqu\u00ed, este es parte del camino pero no es el final, as\u00ed que agradecer sobre todo a nuestros vecinos que mantuvieron esta v\u00eda de presi\u00f3n para poder concretar lo que hoy tenemos como un objetivo logrado. (\u2026)Estamos trabajando en el suelo cemento justamente ac\u00e1 en el sector que son seis kil\u00f3metros que est\u00e1n considerados para el segundo semestre de este a\u00f1o, est\u00e1 pendiente la pavimentaci\u00f3n de los 2,9 km que est\u00e1 entre el puente El Turbio hasta la pasarela Pangal 2 la que est\u00e1 en proceso de expropiaciones y que esperamos que eso se concrete definitivamente para dejar esa tarea terminada; y claramente nuestro objetivo principal es concretar el puente definitivo sobre el R\u00edo Pangal, el que est\u00e1 en estudio en este momento y que termina en mayo del a\u00f1o 2026\u201d.<\/p>\n<\/div><\/section><\/div><div  style='height:50px' class='hr hr-invisible   avia-builder-el-6  el_after_av_one_full  el_before_av_social_share '><span class='hr-inner ' ><span class='hr-inner-style'><\/span><\/span><\/div><\/p>\n<div  class='av-social-sharing-box  avia-builder-el-7  el_after_av_hr  el_before_av_hr  '><div class='av-share-box'><h5 class='av-share-link-description av-no-toc '>Compartir esta noticia<\/h5><ul class='av-share-box-list noLightbox'><li class='av-share-link av-social-link-facebook' ><a target=\"_blank\" aria-label=\"Compartir en Facebook\" href='https:\/\/www.facebook.com\/sharer.php?u=https:\/\/radiorevelacionfm.cl\/?p=52735&#038;t=Comunidad%20y%20autoridades%20inauguran%20puente%20modular%20en%20sector%20R%C3%ADo%20Pangal' aria-hidden='false' data-av_icon='\ue8f3' data-av_iconfont='entypo-fontello' title='' data-avia-related-tooltip='Compartir en Facebook' rel=\"noopener\"><span class='avia_hidden_link_text'>Compartir en Facebook<\/span><\/a><\/li><li class='av-share-link av-social-link-twitter' ><a target=\"_blank\" aria-label=\"Compartir en Twitter\" href='https:\/\/twitter.com\/share?text=Comunidad%20y%20autoridades%20inauguran%20puente%20modular%20en%20sector%20R%C3%ADo%20Pangal&#038;url=https:\/\/radiorevelacionfm.cl\/?p=52735' aria-hidden='false' data-av_icon='\ue8f1' data-av_iconfont='entypo-fontello' title='' data-avia-related-tooltip='Compartir en Twitter' rel=\"noopener\"><span class='avia_hidden_link_text'>Compartir en Twitter<\/span><\/a><\/li><li class='av-share-link av-social-link-whatsapp' ><a target=\"_blank\" aria-label=\"Compartir en Whatsapp\" href='https:\/\/api.whatsapp.com\/send?text=https:\/\/radiorevelacionfm.cl\/?p=52735' aria-hidden='false' data-av_icon='\uf232' data-av_iconfont='entypo-fontello' title='' data-avia-related-tooltip='Compartir en Whatsapp' rel=\"noopener\"><span class='avia_hidden_link_text'>Compartir en Whatsapp<\/span><\/a><\/li><li class='av-share-link av-social-link-linkedin' ><a target=\"_blank\" aria-label=\"Compartir en LinkedIn\" href='https:\/\/linkedin.com\/shareArticle?mini=true&#038;title=Comunidad%20y%20autoridades%20inauguran%20puente%20modular%20en%20sector%20R%C3%ADo%20Pangal&#038;url=https:\/\/radiorevelacionfm.cl\/?p=52735' aria-hidden='false' data-av_icon='\ue8fc' data-av_iconfont='entypo-fontello' title='' data-avia-related-tooltip='Compartir en LinkedIn' rel=\"noopener\"><span class='avia_hidden_link_text'>Compartir en LinkedIn<\/span><\/a><\/li><li class='av-share-link av-social-link-mail' ><a  aria-label=\"Compartir por correo\" href='mailto:?subject=Comunidad%20y%20autoridades%20inauguran%20puente%20modular%20en%20sector%20R%C3%ADo%20Pangal&#038;body=https:\/\/radiorevelacionfm.cl\/?p=52735' aria-hidden='false' data-av_icon='\ue805' data-av_iconfont='entypo-fontello' title='' data-avia-related-tooltip='Compartir por correo'><span class='avia_hidden_link_text'>Compartir por correo<\/span><\/a><\/li><\/ul><\/div><\/div>\n<div  style='height:50px' class='hr hr-invisible   avia-builder-el-8  el_after_av_social_share  el_before_av_comments_list '><span class='hr-inner ' ><span class='hr-inner-style'><\/span><\/span><\/div>\n<div  class='av-buildercomment  av-blog-meta-html-info-disabled av-blog-meta-tag-disabled  '><\/div>\n","protected":false},"excerpt":{"rendered":"","protected":false},"author":1,"featured_media":52736,"comment_status":"closed","ping_status":"closed","sticky":false,"template":"","format":"standard","meta":{"footnotes":""},"categories":[38],"tags":[],"class_list":["post-52735","post","type-post","status-publish","format-standard","has-post-thumbnail","hentry","category-regional"],"jetpack_featured_media_url":"https:\/\/radiorevelacionfm.cl\/wp-content\/uploads\/2025\/04\/foto-pangal-1-1_optimized.jpg","_links":{"self":[{"href":"https:\/\/radiorevelacionfm.cl\/index.php?rest_route=\/wp\/v2\/posts\/52735","targetHints":{"allow":["GET"]}}],"collection":[{"href":"https:\/\/radiorevelacionfm.cl\/index.php?rest_route=\/wp\/v2\/posts"}],"about":[{"href":"https:\/\/radiorevelacionfm.cl\/index.php?rest_route=\/wp\/v2\/types\/post"}],"author":[{"embeddable":true,"href":"https:\/\/radiorevelacionfm.cl\/index.php?rest_route=\/wp\/v2\/users\/1"}],"replies":[{"embeddable":true,"href":"https:\/\/radiorevelacionfm.cl\/index.php?rest_route=%2Fwp%2Fv2%2Fcomments&post=52735"}],"version-history":[{"count":2,"href":"https:\/\/radiorevelacionfm.cl\/index.php?rest_route=\/wp\/v2\/posts\/52735\/revisions"}],"predecessor-version":[{"id":52740,"href":"https:\/\/radiorevelacionfm.cl\/index.php?rest_route=\/wp\/v2\/posts\/52735\/revisions\/52740"}],"wp:featuredmedia":[{"embeddable":true,"href":"https:\/\/radiorevelacionfm.cl\/index.php?rest_route=\/wp\/v2\/media\/52736"}],"wp:attachment":[{"href":"https:\/\/radiorevelacionfm.cl\/index.php?rest_route=%2Fwp%2Fv2%2Fmedia&parent=52735"}],"wp:term":[{"taxonomy":"category","embeddable":true,"href":"https:\/\/radiorevelacionfm.cl\/index.php?rest_route=%2Fwp%2Fv2%2Fcategories&post=52735"},{"taxonomy":"post_tag","embeddable":true,"href":"https:\/\/radiorevelacionfm.cl\/index.php?rest_route=%2Fwp%2Fv2%2Ftags&post=52735"}],"curies":[{"name":"wp","href":"https:\/\/api.w.org\/{rel}","templated":true}]}}