{"id":52730,"date":"2025-04-16T09:37:28","date_gmt":"2025-04-16T12:37:28","guid":{"rendered":"https:\/\/radiorevelacionfm.cl\/?p=52730"},"modified":"2025-04-16T09:37:28","modified_gmt":"2025-04-16T12:37:28","slug":"aysenita-resistencia-belleza-y-desarrollo-productivo-desde-el-corazon-del-pollux","status":"publish","type":"post","link":"https:\/\/radiorevelacionfm.cl\/?p=52730","title":{"rendered":"\u00abAysenita\u00bb: resistencia, belleza y desarrollo productivo desde el coraz\u00f3n del Pollux"},"content":{"rendered":"<div class=\"flex_column av_one_full  flex_column_div av-zero-column-padding first  avia-builder-el-0  el_before_av_one_full  avia-builder-el-first  \" style='border-radius:0px; '><div  class='avia-image-container  av-styling-    avia-builder-el-1  avia-builder-el-no-sibling  avia-align-center '  itemprop=\"image\" itemscope=\"itemscope\" itemtype=\"https:\/\/schema.org\/ImageObject\"  ><div class='avia-image-container-inner'><div class='avia-image-overlay-wrap'><img decoding=\"async\" class='wp-image-52732 avia-img-lazy-loading-not-52732 avia_image' src=\"https:\/\/radiorevelacionfm.cl\/wp-content\/uploads\/2025\/04\/FOTO-1-73-1-1.jpeg\" alt='' title='FOTO 1 (73) (1) (1)' height=\"600\" width=\"800\"  itemprop=\"thumbnailUrl\" srcset=\"https:\/\/radiorevelacionfm.cl\/wp-content\/uploads\/2025\/04\/FOTO-1-73-1-1.jpeg 800w, https:\/\/radiorevelacionfm.cl\/wp-content\/uploads\/2025\/04\/FOTO-1-73-1-1-300x225.jpeg 300w, https:\/\/radiorevelacionfm.cl\/wp-content\/uploads\/2025\/04\/FOTO-1-73-1-1-768x576.jpeg 768w, https:\/\/radiorevelacionfm.cl\/wp-content\/uploads\/2025\/04\/FOTO-1-73-1-1-705x529.jpeg 705w, https:\/\/radiorevelacionfm.cl\/wp-content\/uploads\/2025\/04\/FOTO-1-73-1-1-450x338.jpeg 450w, https:\/\/radiorevelacionfm.cl\/wp-content\/uploads\/2025\/04\/FOTO-1-73-1-1-600x450.jpeg 600w\" sizes=\"(max-width: 800px) 100vw, 800px\" \/><\/div><\/div><\/div><\/div><div class=\"flex_column av_one_full  flex_column_div av-zero-column-padding first  avia-builder-el-2  el_after_av_one_full  el_before_av_one_full  column-top-margin\" style='border-radius:0px; '><section class=\"av_textblock_section \"  itemscope=\"itemscope\" itemtype=\"https:\/\/schema.org\/BlogPosting\" itemprop=\"blogPost\" ><div class='avia_textblock  '   itemprop=\"text\" ><p style=\"text-align: center;\"><strong><span style=\"font-size: 18pt;\">\u00abAysenita\u00bb: resistencia, belleza y desarrollo productivo desde el coraz\u00f3n del Pollux<\/span><\/strong><\/p>\n<\/div><\/section><\/div><div class=\"flex_column av_one_full  flex_column_div av-zero-column-padding first  avia-builder-el-4  el_after_av_one_full  el_before_av_hr  column-top-margin\" style='border-radius:0px; '><section class=\"av_textblock_section \"  itemscope=\"itemscope\" itemtype=\"https:\/\/schema.org\/BlogPosting\" itemprop=\"blogPost\" ><div class='avia_textblock  '   itemprop=\"text\" ><p style=\"text-align: justify;\"><em>Con alta resistencia, baja absorci\u00f3n de agua y durabilidad superior al 98%, la piedra laja se posiciona como un material 100% local ideal para obras en climas extremos.<\/em><\/p>\n<p style=\"text-align: justify;\">Coyhaique &#8211; Desde el Lago Pollux emerge la Aysenita en la comuna de Coyhaique, una piedra laja que est\u00e1 redefiniendo el valor de las rocas ornamentales en Chile. En el marco del programa FNDR \u00abFortalecimiento y Fomento Productivo Minero-Artesanal de Rocas Ornamentales\u00bb, profesionales de la Seremi de Miner\u00eda coordinaron estudios realizados por el IDIEM de la Universidad de Chile. El resultado confirm\u00f3 que esta arenisca volcanocl\u00e1stica verde destaca por su apariencia, resistencia y durabilidad.<\/p>\n<p style=\"text-align: justify;\">El coordinador del programa FNDR, Nicol\u00e1s L\u00f3pez, valor\u00f3 los resultados: \u00abLos an\u00e1lisis que se realizaron en el IDIEM de la Universidad de Chile certificaron que la \u201cAysenita\u201d tiene una excelente resistencia y una durabilidad extremadamente alta frente a las condiciones clim\u00e1ticas de la regi\u00f3n. Este resultado nos permite proyectar su uso en obras p\u00fablicas y privadas, promoviendo la identidad de Coyhaique a trav\u00e9s de sus rocas\u00bb.<\/p>\n<p style=\"text-align: justify;\">El estudio revel\u00f3 que la piedra laja tiene una resistencia a la compresi\u00f3n simple de 132,7 MPa (mega pascales), lo que significa que puede soportar m\u00e1s de 13 toneladas por cent\u00edmetro cuadrado antes de fracturarse. Su \u00edndice de durabilidad, superior al 98%, y una absorci\u00f3n de agua del 2,3%, confirman que es una roca densa, poco permeable y apta para resistir lluvias, heladas y el paso del tiempo, con m\u00ednimo mantenimiento. Estas caracter\u00edsticas la convierten en un material ideal para infraestructura urbana, paisajismo y dise\u00f1o arquitect\u00f3nico que valore materiales nobles, locales y de alta resistencia. Adem\u00e1s de su comportamiento t\u00e9cnico, la Aysenita tiene un color verde \u00fanico, resultado de procesos geol\u00f3gicos de millones de a\u00f1os, lo que le otorga un atractivo visual dif\u00edcil de encontrar en otras rocas ornamentales del pa\u00eds.<\/p>\n<p style=\"text-align: justify;\">Carlos Aguilera, dirigente de la Asociaci\u00f3n Gremial de Piedra Laja del Lago Pollux, coment\u00f3: \u00ab\u201cNos pone bien contentos saber que la piedra que sacamos ac\u00e1 en el sur tiene tan buena calidad. Siempre la hemos trabajado con harto esfuerzo, a puro pulso, y sab\u00edamos que era buena, pero ahora est\u00e1 comprobado con estudios.<\/p>\n<p style=\"text-align: justify;\">Como grupo, esto nos ayuda harto, porque podemos mostrarles a m\u00e1s personas de la regi\u00f3n y en otras partes de Chile lo que tenemos. La \u201cAysenita\u201d no solo es linda, tambi\u00e9n aguanta el clima duro que tenemos ac\u00e1. Y Queremos que se use en m\u00e1s obras\u00bb.<\/p>\n<p style=\"text-align: justify;\">El Seremi de Miner\u00eda, Juan V\u00e1squez Alarc\u00f3n, tambi\u00e9n valor\u00f3 el informe: \u00abLa validaci\u00f3n t\u00e9cnica de la Aysenita confirma lo que ya sab\u00edan los vecinos del sector: contamos con un material de primera calidad, con historia y resistencia. Hoy, gracias a esta evidencia, la piedra laja ya est\u00e1 presente en obras como el Plan de Recuperaci\u00f3n de calles y veredas impulsado por la Municipalidad de Coyhaique\u201d.<\/p>\n<p style=\"text-align: justify;\">Con este respaldo t\u00e9cnico, la piedra laja se posiciona como un recurso exclusivo y con un potencial \u00fanico para la diversificaci\u00f3n de la miner\u00eda artesanal y dinamizar la econom\u00eda local. Su incorporaci\u00f3n en futuras obras con recursos que reflejan la identidad de Ays\u00e9n.<\/p>\n<\/div><\/section><\/div><div  style='height:50px' class='hr hr-invisible   avia-builder-el-6  el_after_av_one_full  el_before_av_social_share '><span class='hr-inner ' ><span class='hr-inner-style'><\/span><\/span><\/div><\/p>\n<div  class='av-social-sharing-box  avia-builder-el-7  el_after_av_hr  el_before_av_hr  '><div class='av-share-box'><h5 class='av-share-link-description av-no-toc '>Compartir esta noticia<\/h5><ul class='av-share-box-list noLightbox'><li class='av-share-link av-social-link-facebook' ><a target=\"_blank\" aria-label=\"Compartir en Facebook\" href='https:\/\/www.facebook.com\/sharer.php?u=https:\/\/radiorevelacionfm.cl\/?p=52730&#038;t=%C2%ABAysenita%C2%BB%3A%20resistencia%2C%20belleza%20y%20desarrollo%20productivo%20desde%20el%20coraz%C3%B3n%20del%20Pollux' aria-hidden='false' data-av_icon='\ue8f3' data-av_iconfont='entypo-fontello' title='' data-avia-related-tooltip='Compartir en Facebook' rel=\"noopener\"><span class='avia_hidden_link_text'>Compartir en Facebook<\/span><\/a><\/li><li class='av-share-link av-social-link-twitter' ><a target=\"_blank\" aria-label=\"Compartir en Twitter\" href='https:\/\/twitter.com\/share?text=%C2%ABAysenita%C2%BB%3A%20resistencia%2C%20belleza%20y%20desarrollo%20productivo%20desde%20el%20coraz%C3%B3n%20del%20Pollux&#038;url=https:\/\/radiorevelacionfm.cl\/?p=52730' aria-hidden='false' data-av_icon='\ue8f1' data-av_iconfont='entypo-fontello' title='' data-avia-related-tooltip='Compartir en Twitter' rel=\"noopener\"><span class='avia_hidden_link_text'>Compartir en Twitter<\/span><\/a><\/li><li class='av-share-link av-social-link-whatsapp' ><a target=\"_blank\" aria-label=\"Compartir en Whatsapp\" href='https:\/\/api.whatsapp.com\/send?text=https:\/\/radiorevelacionfm.cl\/?p=52730' aria-hidden='false' data-av_icon='\uf232' data-av_iconfont='entypo-fontello' title='' data-avia-related-tooltip='Compartir en Whatsapp' rel=\"noopener\"><span class='avia_hidden_link_text'>Compartir en Whatsapp<\/span><\/a><\/li><li class='av-share-link av-social-link-linkedin' ><a target=\"_blank\" aria-label=\"Compartir en LinkedIn\" href='https:\/\/linkedin.com\/shareArticle?mini=true&#038;title=%C2%ABAysenita%C2%BB%3A%20resistencia%2C%20belleza%20y%20desarrollo%20productivo%20desde%20el%20coraz%C3%B3n%20del%20Pollux&#038;url=https:\/\/radiorevelacionfm.cl\/?p=52730' aria-hidden='false' data-av_icon='\ue8fc' data-av_iconfont='entypo-fontello' title='' data-avia-related-tooltip='Compartir en LinkedIn' rel=\"noopener\"><span class='avia_hidden_link_text'>Compartir en LinkedIn<\/span><\/a><\/li><li class='av-share-link av-social-link-mail' ><a  aria-label=\"Compartir por correo\" href='mailto:?subject=%C2%ABAysenita%C2%BB%3A%20resistencia%2C%20belleza%20y%20desarrollo%20productivo%20desde%20el%20coraz%C3%B3n%20del%20Pollux&#038;body=https:\/\/radiorevelacionfm.cl\/?p=52730' aria-hidden='false' data-av_icon='\ue805' data-av_iconfont='entypo-fontello' title='' data-avia-related-tooltip='Compartir por correo'><span class='avia_hidden_link_text'>Compartir por correo<\/span><\/a><\/li><\/ul><\/div><\/div>\n<div  style='height:50px' class='hr hr-invisible   avia-builder-el-8  el_after_av_social_share  el_before_av_comments_list '><span class='hr-inner ' ><span class='hr-inner-style'><\/span><\/span><\/div>\n<div  class='av-buildercomment  av-blog-meta-html-info-disabled av-blog-meta-tag-disabled  '><\/div>\n","protected":false},"excerpt":{"rendered":"","protected":false},"author":1,"featured_media":52732,"comment_status":"closed","ping_status":"closed","sticky":false,"template":"","format":"standard","meta":{"footnotes":""},"categories":[38],"tags":[],"class_list":["post-52730","post","type-post","status-publish","format-standard","has-post-thumbnail","hentry","category-regional"],"jetpack_featured_media_url":"https:\/\/radiorevelacionfm.cl\/wp-content\/uploads\/2025\/04\/FOTO-1-73-1-1.jpeg","_links":{"self":[{"href":"https:\/\/radiorevelacionfm.cl\/index.php?rest_route=\/wp\/v2\/posts\/52730","targetHints":{"allow":["GET"]}}],"collection":[{"href":"https:\/\/radiorevelacionfm.cl\/index.php?rest_route=\/wp\/v2\/posts"}],"about":[{"href":"https:\/\/radiorevelacionfm.cl\/index.php?rest_route=\/wp\/v2\/types\/post"}],"author":[{"embeddable":true,"href":"https:\/\/radiorevelacionfm.cl\/index.php?rest_route=\/wp\/v2\/users\/1"}],"replies":[{"embeddable":true,"href":"https:\/\/radiorevelacionfm.cl\/index.php?rest_route=%2Fwp%2Fv2%2Fcomments&post=52730"}],"version-history":[{"count":2,"href":"https:\/\/radiorevelacionfm.cl\/index.php?rest_route=\/wp\/v2\/posts\/52730\/revisions"}],"predecessor-version":[{"id":52741,"href":"https:\/\/radiorevelacionfm.cl\/index.php?rest_route=\/wp\/v2\/posts\/52730\/revisions\/52741"}],"wp:featuredmedia":[{"embeddable":true,"href":"https:\/\/radiorevelacionfm.cl\/index.php?rest_route=\/wp\/v2\/media\/52732"}],"wp:attachment":[{"href":"https:\/\/radiorevelacionfm.cl\/index.php?rest_route=%2Fwp%2Fv2%2Fmedia&parent=52730"}],"wp:term":[{"taxonomy":"category","embeddable":true,"href":"https:\/\/radiorevelacionfm.cl\/index.php?rest_route=%2Fwp%2Fv2%2Fcategories&post=52730"},{"taxonomy":"post_tag","embeddable":true,"href":"https:\/\/radiorevelacionfm.cl\/index.php?rest_route=%2Fwp%2Fv2%2Ftags&post=52730"}],"curies":[{"name":"wp","href":"https:\/\/api.w.org\/{rel}","templated":true}]}}