{"id":5273,"date":"2021-06-15T13:46:23","date_gmt":"2021-06-15T16:46:23","guid":{"rendered":"https:\/\/radiorevelacionfm.cl\/?p=5273"},"modified":"2021-06-15T13:56:59","modified_gmt":"2021-06-15T16:56:59","slug":"juan-alvarez-santana-asume-como-nuevo-consejero-regional","status":"publish","type":"post","link":"https:\/\/radiorevelacionfm.cl\/?p=5273","title":{"rendered":"Juan \u00c1lvarez Santana asume como nuevo Consejero Regional"},"content":{"rendered":"<div class=\"flex_column av_one_full  flex_column_div av-zero-column-padding first  avia-builder-el-0  el_before_av_one_full  avia-builder-el-first  \" style='border-radius:0px; '><div  class='avia-image-container  av-styling-    avia-builder-el-1  avia-builder-el-no-sibling  avia-align-center '  itemprop=\"image\" itemscope=\"itemscope\" itemtype=\"https:\/\/schema.org\/ImageObject\"  ><div class='avia-image-container-inner'><div class='avia-image-overlay-wrap'><img decoding=\"async\" class='wp-image-5276 avia-img-lazy-loading-not-5276 avia_image' src=\"https:\/\/radiorevelacionfm.cl\/wp-content\/uploads\/2021\/06\/Consejero_MG_0232-1-2.jpg\" alt='' title='Consejero_MG_0232 (1) (2)' height=\"600\" width=\"887\"  itemprop=\"thumbnailUrl\" srcset=\"https:\/\/radiorevelacionfm.cl\/wp-content\/uploads\/2021\/06\/Consejero_MG_0232-1-2.jpg 887w, https:\/\/radiorevelacionfm.cl\/wp-content\/uploads\/2021\/06\/Consejero_MG_0232-1-2-300x203.jpg 300w, https:\/\/radiorevelacionfm.cl\/wp-content\/uploads\/2021\/06\/Consejero_MG_0232-1-2-768x520.jpg 768w, https:\/\/radiorevelacionfm.cl\/wp-content\/uploads\/2021\/06\/Consejero_MG_0232-1-2-705x477.jpg 705w, https:\/\/radiorevelacionfm.cl\/wp-content\/uploads\/2021\/06\/Consejero_MG_0232-1-2-600x406.jpg 600w\" sizes=\"(max-width: 887px) 100vw, 887px\" \/><\/div><\/div><\/div><\/div><div class=\"flex_column av_one_full  flex_column_div av-zero-column-padding first  avia-builder-el-2  el_after_av_one_full  el_before_av_one_full  column-top-margin\" style='border-radius:0px; '><section class=\"av_textblock_section \"  itemscope=\"itemscope\" itemtype=\"https:\/\/schema.org\/BlogPosting\" itemprop=\"blogPost\" ><div class='avia_textblock  '   itemprop=\"text\" ><p style=\"text-align: center;\"><strong><span style=\"font-size: 18pt;\">Juan \u00c1lvarez Santana asume como nuevo Consejero Regional<\/span><\/strong><\/p>\n<div id=\"gtx-trans\" style=\"position: absolute; left: -50px; top: 4.31534px;\">\n<div class=\"gtx-trans-icon\"><\/div>\n<\/div>\n<\/div><\/section><\/div><\/p>\n<div class=\"flex_column av_one_full  flex_column_div av-zero-column-padding first  avia-builder-el-4  el_after_av_one_full  el_before_av_hr  column-top-margin\" style='border-radius:0px; '><section class=\"av_textblock_section \"  itemscope=\"itemscope\" itemtype=\"https:\/\/schema.org\/BlogPosting\" itemprop=\"blogPost\" ><div class='avia_textblock  '   itemprop=\"text\" ><p class=\"v1MsoNormal\" style=\"text-align: justify;\"><span lang=\"ES-MX\">Tras su proclamaci\u00f3n por parte del Tribunal Electoral Regional, Juan \u00c1lvarez Santana, 59, asumi\u00f3 como nuevo consejero regional por la provincia de Coyhaique, mediante el cupo que deja la gobernadora electa por Ays\u00e9n, Andrea Mac\u00edas Palma.<\/span><\/p>\n<p class=\"v1MsoNormal\" style=\"text-align: justify;\"><span lang=\"ES-MX\">Juan \u00c1lvarez es oriundo de Coyhaique, tiene domicilio en la poblaci\u00f3n V\u00edctor Domingo Silva, y amplia experiencia en servicio p\u00fablico, destacando su inter\u00e9s por aportar con su trabajo en pos de una mayor descentralizaci\u00f3n.<\/span><\/p>\n<p class=\"v1MsoNormal\" style=\"text-align: justify;\"><span lang=\"ES-MX\">\u00abEste llamado a asumir en reemplazo de Andrea Mac\u00edas, si bien me tom\u00f3 por sorpresa, tambi\u00e9n me trae un enorme gusto y satisfacci\u00f3n y tratar\u00e9 de cumplir llevando los preceptos que me han guiado en toda esta vida como Socialista y buscando siempre el bienestar de nuestros vecinos de Ays\u00e9n. Vamos a trabajar, mancomunadamente, por seguir potenciando la descentralizaci\u00f3n y buscar alternativas que nos permitan seguir creciendo como regi\u00f3n\u00bb, puntualiz\u00f3.<\/span><\/p>\n<p class=\"v1MsoNormal\" style=\"text-align: justify;\"><span lang=\"ES-MX\">Por su parte, Andrea Mac\u00edas valor\u00f3 la experiencia adquirida como consejera desde el a\u00f1o 2018 hasta su elecci\u00f3n como primera gobernadora regional de Ays\u00e9n.<\/span><\/p>\n<p class=\"v1MsoNormal\" style=\"text-align: justify;\"><span lang=\"ES-MX\">\u00abEs un espacio para el cual solo tengo palabras de agradecimiento. Ha sido un proceso de arduo aprendizaje, que ha abierto perspectivas muy amplias respecto de c\u00f3mo sue\u00f1o y c\u00f3mo quiero la regi\u00f3n para mis hijos, e hijos y nietos de cada uno de ustedes. Adem\u00e1s, en un contexto en que hoy d\u00eda las mujeres hemos ido ganando espacios, porque nos los merecemos y porque la sociedad merece que las mujeres estemos en los espacios de toma de decisi\u00f3n, para que \u00e9stas sean m\u00e1s justas. Es un orgullo\u00bb, concluy\u00f3\u00a0\u00a0<\/span><\/p>\n<p class=\"v1MsoNormal\" style=\"text-align: justify;\"><span lang=\"ES-MX\">El presidente del CORE, Sergio Gonz\u00e1lez, destac\u00f3 este proceso c\u00edvico, en favor de una mayor autonom\u00eda regional. \u00abEn los pr\u00f3ximos d\u00edas ya ser\u00e1 investida como Gobernadora Regional, va a guiar los destinos de la regi\u00f3n y dentro del pleno del Consejo Regional, ocupar\u00e1 el cargo de presidenta del CORE. Nuestros mayores parabienes para nuestra ex colega, porque si le va bien a ella, le va bien a la regi\u00f3n y todos queremos eso para nuestra\u00a0\u00a0 gente, as\u00ed es que seguir los 14 consejeros trabajando, comprometidos con el desarrollo de nuestra Regi\u00f3n de Ays\u00e9n\u00bb, puntualiz\u00f3.<\/span><\/p>\n<p class=\"v1MsoNormal\" style=\"text-align: justify;\"><span lang=\"ES-MX\">Las pr\u00f3ximas sesiones del Consejo Regional se desarrollar\u00e1n los d\u00edas 23, 24 y 25 de junio, siempre disponibles para el seguimiento en vivo y en directo por parte de la comunidad a trav\u00e9s de Facebook Live Core de Ays\u00e9n.\u00a0\u00a0<\/span><\/p>\n<\/div><\/section><\/div>\n<div  style='height:50px' class='hr hr-invisible   avia-builder-el-6  el_after_av_one_full  el_before_av_social_share '><span class='hr-inner ' ><span class='hr-inner-style'><\/span><\/span><\/div>\n<div  class='av-social-sharing-box  avia-builder-el-7  el_after_av_hr  el_before_av_hr  '><div class='av-share-box'><h5 class='av-share-link-description av-no-toc '>Compartir esta noticia<\/h5><ul class='av-share-box-list noLightbox'><li class='av-share-link av-social-link-facebook' ><a target=\"_blank\" aria-label=\"Compartir en Facebook\" href='https:\/\/www.facebook.com\/sharer.php?u=https:\/\/radiorevelacionfm.cl\/?p=5273&#038;t=Juan%20%C3%81lvarez%20Santana%20asume%20como%20nuevo%20Consejero%20Regional' aria-hidden='false' data-av_icon='\ue8f3' data-av_iconfont='entypo-fontello' title='' data-avia-related-tooltip='Compartir en Facebook' rel=\"noopener\"><span class='avia_hidden_link_text'>Compartir en Facebook<\/span><\/a><\/li><li class='av-share-link av-social-link-twitter' ><a target=\"_blank\" aria-label=\"Compartir en Twitter\" href='https:\/\/twitter.com\/share?text=Juan%20%C3%81lvarez%20Santana%20asume%20como%20nuevo%20Consejero%20Regional&#038;url=https:\/\/radiorevelacionfm.cl\/?p=5273' aria-hidden='false' data-av_icon='\ue8f1' data-av_iconfont='entypo-fontello' title='' data-avia-related-tooltip='Compartir en Twitter' rel=\"noopener\"><span class='avia_hidden_link_text'>Compartir en Twitter<\/span><\/a><\/li><li class='av-share-link av-social-link-whatsapp' ><a target=\"_blank\" aria-label=\"Compartir en Whatsapp\" href='https:\/\/api.whatsapp.com\/send?text=https:\/\/radiorevelacionfm.cl\/?p=5273' aria-hidden='false' data-av_icon='\uf232' data-av_iconfont='entypo-fontello' title='' data-avia-related-tooltip='Compartir en Whatsapp' rel=\"noopener\"><span class='avia_hidden_link_text'>Compartir en Whatsapp<\/span><\/a><\/li><li class='av-share-link av-social-link-linkedin' ><a target=\"_blank\" aria-label=\"Compartir en LinkedIn\" href='https:\/\/linkedin.com\/shareArticle?mini=true&#038;title=Juan%20%C3%81lvarez%20Santana%20asume%20como%20nuevo%20Consejero%20Regional&#038;url=https:\/\/radiorevelacionfm.cl\/?p=5273' aria-hidden='false' data-av_icon='\ue8fc' data-av_iconfont='entypo-fontello' title='' data-avia-related-tooltip='Compartir en LinkedIn' rel=\"noopener\"><span class='avia_hidden_link_text'>Compartir en LinkedIn<\/span><\/a><\/li><li class='av-share-link av-social-link-mail' ><a  aria-label=\"Compartir por correo\" href='mailto:?subject=Juan%20%C3%81lvarez%20Santana%20asume%20como%20nuevo%20Consejero%20Regional&#038;body=https:\/\/radiorevelacionfm.cl\/?p=5273' aria-hidden='false' data-av_icon='\ue805' data-av_iconfont='entypo-fontello' title='' data-avia-related-tooltip='Compartir por correo'><span class='avia_hidden_link_text'>Compartir por correo<\/span><\/a><\/li><\/ul><\/div><\/div>\n<div  style='height:50px' class='hr hr-invisible   avia-builder-el-8  el_after_av_social_share  el_before_av_comments_list '><span class='hr-inner ' ><span class='hr-inner-style'><\/span><\/span><\/div>\n<div  class='av-buildercomment  av-blog-meta-html-info-disabled av-blog-meta-tag-disabled  '><\/div>\n","protected":false},"excerpt":{"rendered":"","protected":false},"author":1,"featured_media":5276,"comment_status":"open","ping_status":"open","sticky":false,"template":"","format":"standard","meta":{"footnotes":""},"categories":[38],"tags":[],"class_list":["post-5273","post","type-post","status-publish","format-standard","has-post-thumbnail","hentry","category-regional"],"jetpack_featured_media_url":"https:\/\/radiorevelacionfm.cl\/wp-content\/uploads\/2021\/06\/Consejero_MG_0232-1-2.jpg","_links":{"self":[{"href":"https:\/\/radiorevelacionfm.cl\/index.php?rest_route=\/wp\/v2\/posts\/5273","targetHints":{"allow":["GET"]}}],"collection":[{"href":"https:\/\/radiorevelacionfm.cl\/index.php?rest_route=\/wp\/v2\/posts"}],"about":[{"href":"https:\/\/radiorevelacionfm.cl\/index.php?rest_route=\/wp\/v2\/types\/post"}],"author":[{"embeddable":true,"href":"https:\/\/radiorevelacionfm.cl\/index.php?rest_route=\/wp\/v2\/users\/1"}],"replies":[{"embeddable":true,"href":"https:\/\/radiorevelacionfm.cl\/index.php?rest_route=%2Fwp%2Fv2%2Fcomments&post=5273"}],"version-history":[{"count":2,"href":"https:\/\/radiorevelacionfm.cl\/index.php?rest_route=\/wp\/v2\/posts\/5273\/revisions"}],"predecessor-version":[{"id":5277,"href":"https:\/\/radiorevelacionfm.cl\/index.php?rest_route=\/wp\/v2\/posts\/5273\/revisions\/5277"}],"wp:featuredmedia":[{"embeddable":true,"href":"https:\/\/radiorevelacionfm.cl\/index.php?rest_route=\/wp\/v2\/media\/5276"}],"wp:attachment":[{"href":"https:\/\/radiorevelacionfm.cl\/index.php?rest_route=%2Fwp%2Fv2%2Fmedia&parent=5273"}],"wp:term":[{"taxonomy":"category","embeddable":true,"href":"https:\/\/radiorevelacionfm.cl\/index.php?rest_route=%2Fwp%2Fv2%2Fcategories&post=5273"},{"taxonomy":"post_tag","embeddable":true,"href":"https:\/\/radiorevelacionfm.cl\/index.php?rest_route=%2Fwp%2Fv2%2Ftags&post=5273"}],"curies":[{"name":"wp","href":"https:\/\/api.w.org\/{rel}","templated":true}]}}