{"id":52727,"date":"2025-04-16T11:13:33","date_gmt":"2025-04-16T14:13:33","guid":{"rendered":"https:\/\/radiorevelacionfm.cl\/?p=52727"},"modified":"2025-04-16T11:13:33","modified_gmt":"2025-04-16T14:13:33","slug":"senadora-ordenes-asume-la-presidencia-de-la-comision-desafios-del-futuro-poniendo-el-acento-en-abrir-oportunidades-en-sectores-productivos-estrategicos-para-chile","status":"publish","type":"post","link":"https:\/\/radiorevelacionfm.cl\/?p=52727","title":{"rendered":"Senadora \u00d3rdenes asume la presidencia de la Comisi\u00f3n Desaf\u00edos del Futuro poniendo el acento en abrir oportunidades en sectores productivos estrat\u00e9gicos para Chile"},"content":{"rendered":"<div class=\"flex_column av_one_full  flex_column_div av-zero-column-padding first  avia-builder-el-0  el_before_av_one_full  avia-builder-el-first  \" style='border-radius:0px; '><div  class='avia-image-container  av-styling-    avia-builder-el-1  avia-builder-el-no-sibling  avia-align-center '  itemprop=\"image\" itemscope=\"itemscope\" itemtype=\"https:\/\/schema.org\/ImageObject\"  ><div class='avia-image-container-inner'><div class='avia-image-overlay-wrap'><img decoding=\"async\" class='wp-image-52728 avia-img-lazy-loading-not-52728 avia_image' src=\"https:\/\/radiorevelacionfm.cl\/wp-content\/uploads\/2025\/04\/SENADORA-FOTO-16-1-1.jpeg\" alt='' title='SENADORA FOTO (16) (1) (1)' height=\"600\" width=\"901\"  itemprop=\"thumbnailUrl\" srcset=\"https:\/\/radiorevelacionfm.cl\/wp-content\/uploads\/2025\/04\/SENADORA-FOTO-16-1-1.jpeg 901w, https:\/\/radiorevelacionfm.cl\/wp-content\/uploads\/2025\/04\/SENADORA-FOTO-16-1-1-300x200.jpeg 300w, https:\/\/radiorevelacionfm.cl\/wp-content\/uploads\/2025\/04\/SENADORA-FOTO-16-1-1-768x511.jpeg 768w, https:\/\/radiorevelacionfm.cl\/wp-content\/uploads\/2025\/04\/SENADORA-FOTO-16-1-1-705x469.jpeg 705w, https:\/\/radiorevelacionfm.cl\/wp-content\/uploads\/2025\/04\/SENADORA-FOTO-16-1-1-450x300.jpeg 450w, https:\/\/radiorevelacionfm.cl\/wp-content\/uploads\/2025\/04\/SENADORA-FOTO-16-1-1-600x400.jpeg 600w\" sizes=\"(max-width: 901px) 100vw, 901px\" \/><\/div><\/div><\/div><\/div><div class=\"flex_column av_one_full  flex_column_div av-zero-column-padding first  avia-builder-el-2  el_after_av_one_full  el_before_av_one_full  column-top-margin\" style='border-radius:0px; '><section class=\"av_textblock_section \"  itemscope=\"itemscope\" itemtype=\"https:\/\/schema.org\/BlogPosting\" itemprop=\"blogPost\" ><div class='avia_textblock  '   itemprop=\"text\" ><p style=\"text-align: center;\"><strong><span style=\"font-size: 18pt;\">Senadora \u00d3rdenes asume la presidencia de la Comisi\u00f3n Desaf\u00edos del Futuro poniendo el acento en abrir oportunidades en sectores productivos estrat\u00e9gicos para Chile<\/span><\/strong><\/p>\n<div id=\"gtx-trans\" style=\"position: absolute; left: -50px; top: 4.31534px;\">\n<div class=\"gtx-trans-icon\"><\/div>\n<\/div>\n<\/div><\/section><\/div><div class=\"flex_column av_one_full  flex_column_div av-zero-column-padding first  avia-builder-el-4  el_after_av_one_full  el_before_av_hr  column-top-margin\" style='border-radius:0px; '><section class=\"av_textblock_section \"  itemscope=\"itemscope\" itemtype=\"https:\/\/schema.org\/BlogPosting\" itemprop=\"blogPost\" ><div class='avia_textblock  '   itemprop=\"text\" ><p style=\"text-align: justify;\">\u201cChile necesita tener un espacio desde donde pensar el futuro. Hablar del futuro da una hoja de ruta a los pa\u00edses\u201d, asegur\u00f3 la representante aysenina en el Senado, Ximena \u00d3rdenes Neira, terminada la sesi\u00f3n en la cual asumi\u00f3 el liderazgo de la Comisi\u00f3n Desaf\u00edos del Futuro, Ciencia, Tecnolog\u00eda e Innovaci\u00f3n.<\/p>\n<p style=\"text-align: justify;\">Esta comisi\u00f3n permanente, creada en 2011, tiene como principal objetivo anticipar y debatir sobre los desaf\u00edos futuros que podr\u00edan afectar a Chile y el mundo, incorpor\u00e1ndolos en el trabajo legislativo de la C\u00e1mara Alta y transform\u00e1ndolos en iniciativas de ley que favorezcan el desarrollo socioecon\u00f3mico del pa\u00eds.<\/p>\n<p style=\"text-align: justify;\">De este modo y colaborando con la Academia Chilena de Ciencias, distintas universidades y ONG, la instancia ha impulsado eventos de relevancia mundial como el Congreso Futuro, que desde 2011 re\u00fane a premios Nobel, cient\u00edficos, pensadores y l\u00edderes mundiales para debatir sobre temas como Inteligencia Artificial, Cambio Clim\u00e1tico, Biotecnolog\u00eda, \u00c9tica, Democracia Digital, entre otros.<\/p>\n<p style=\"text-align: justify;\">\u201cLa Comisi\u00f3n Desaf\u00edos del Futuro es una instancia muy amplia que va m\u00e1s all\u00e1 de legislar materias sobre neuroderechos, de regulaci\u00f3n de la Inteligencia Artificial, que es un trabajo que se est\u00e1 desarrollando y sobre otras \u00e1reas que implican abordar aquello que denominamos como \u2018temas de fronteras\u2019. Para m\u00ed, asumir esta presidencia resulta muy relevante ya que esta comisi\u00f3n ha permitido plantear los desaf\u00edos que tiene Chile hacia el futuro\u201d, destac\u00f3 \u00d3rdenes.<\/p>\n<p style=\"text-align: justify;\">La senadora aysenina, quien ya desde la presidencia de la Comisi\u00f3n de Transportes y Telecomunicaciones hab\u00eda impulsado avances en digitalizaci\u00f3n, ciberseguridad y alfabetizaci\u00f3n digital, tambi\u00e9n se refiri\u00f3 al desaf\u00edo de c\u00f3mo abrir oportunidades en sectores productivos importantes para el pa\u00eds, como la miner\u00eda, el sector forestal u otros, \u201chaciendo propuestas concretas\u201d.<\/p>\n<p style=\"text-align: justify;\">Del mismo modo, sostuvo que es importante seguir avanzando y abordando los temas de ciberseguridad y de desarrollo de profesionales en \u00e1reas STEM -acr\u00f3nimo en ingl\u00e9s que hace referencia a las disciplinas de ciencia, tecnolog\u00eda, ingenier\u00eda y matem\u00e1ticas, desde un enfoque educativo-, se\u00f1alando que \u201ces una agenda que debemos tener\u201d.<\/p>\n<p style=\"text-align: justify;\">Desde el inicio de su periodo como parlamentaria, Ximena Ordenes ha puesto en valor el pensar estrat\u00e9gicamente el futuro de Chile y de la regi\u00f3n, impulsando diversos temas medioambientales y tambi\u00e9n, aterrizando el Congreso Futuro en Ays\u00e9n, con diversos temas de inter\u00e9s regional y mundial. El evento, que ya cuenta con nueve versiones en la regi\u00f3n, ha destacado por traer a representantes de distintas disciplinas, promoviendo el di\u00e1logo con actores regionales, de la academia y de otras instituciones como el CIEP.<\/p>\n<p style=\"text-align: justify;\">\u00d3rdenes finaliz\u00f3 se\u00f1alando que \u201clos desaf\u00edos son bien amplios. Antes habl\u00e1bamos de Cambio Clim\u00e1tico como uno de los grandes desaf\u00edos de la humanidad. Hoy estamos hablando de nuevas tecnolog\u00edas y de su r\u00e1pida irrupci\u00f3n. Tambi\u00e9n, del uso de la Inteligencia Artificial, que est\u00e1 marcando el futuro y que implica desaf\u00edos \u00e9ticos que sin duda van a ser parte de la agenda de trabajo que vamos a iniciar a partir de la pr\u00f3xima semana\u201d.<\/p>\n<p style=\"text-align: justify;\">Cabe destacar que esta comisi\u00f3n tuvo un rol clave en la discusi\u00f3n y aprobaci\u00f3n de la ley que dio origen al Ministerio de Ciencia, Tecnolog\u00eda, Conocimiento e Innovaci\u00f3n, una entidad que busca articular las pol\u00edticas de investigaci\u00f3n y desarrollo en el pa\u00eds. Del mismo modo, ha impulsado proyectos de ley e iniciativas tecnol\u00f3gicas como la de protecci\u00f3n de datos personales, de \u00e9tica en Inteligencia Artificial, de promoci\u00f3n de la ciencia en la educaci\u00f3n escolar y de desarrollo de la econom\u00eda basada en conocimiento.<\/p>\n<p style=\"text-align: justify;\">La instancia destaca por proyectos estrat\u00e9gicos para el futuro del pa\u00eds, al estar detr\u00e1s de propuestas como la Red de Centros de Futuro Regionales, que trabajan para descentralizar el pensamiento estrat\u00e9gico o como la Estrategia Nacional de Cuencas, orientada al uso sustentable del agua y tambi\u00e9n la propuesta que busca posicionar al pa\u00eds como l\u00edder en ciencias del mar, llamada \u201cChile Territorio Oce\u00e1nico\u201d.<\/p>\n<\/div><\/section><\/div><div  style='height:50px' class='hr hr-invisible   avia-builder-el-6  el_after_av_one_full  el_before_av_social_share '><span class='hr-inner ' ><span class='hr-inner-style'><\/span><\/span><\/div><\/p>\n<div  class='av-social-sharing-box  avia-builder-el-7  el_after_av_hr  el_before_av_hr  '><div class='av-share-box'><h5 class='av-share-link-description av-no-toc '>Compartir esta noticia<\/h5><ul class='av-share-box-list noLightbox'><li class='av-share-link av-social-link-facebook' ><a target=\"_blank\" aria-label=\"Compartir en Facebook\" href='https:\/\/www.facebook.com\/sharer.php?u=https:\/\/radiorevelacionfm.cl\/?p=52727&#038;t=Senadora%20%C3%93rdenes%20asume%20la%20presidencia%20de%20la%20Comisi%C3%B3n%20Desaf%C3%ADos%20del%20Futuro%20poniendo%20el%20acento%20en%20abrir%20oportunidades%20en%20sectores%20productivos%20estrat%C3%A9gicos%20para%20Chile' aria-hidden='false' data-av_icon='\ue8f3' data-av_iconfont='entypo-fontello' title='' data-avia-related-tooltip='Compartir en Facebook' rel=\"noopener\"><span class='avia_hidden_link_text'>Compartir en Facebook<\/span><\/a><\/li><li class='av-share-link av-social-link-twitter' ><a target=\"_blank\" aria-label=\"Compartir en Twitter\" href='https:\/\/twitter.com\/share?text=Senadora%20%C3%93rdenes%20asume%20la%20presidencia%20de%20la%20Comisi%C3%B3n%20Desaf%C3%ADos%20del%20Futuro%20poniendo%20el%20acento%20en%20abrir%20oportunidades%20en%20sectores%20productivos%20estrat%C3%A9gicos%20para%20Chile&#038;url=https:\/\/radiorevelacionfm.cl\/?p=52727' aria-hidden='false' data-av_icon='\ue8f1' data-av_iconfont='entypo-fontello' title='' data-avia-related-tooltip='Compartir en Twitter' rel=\"noopener\"><span class='avia_hidden_link_text'>Compartir en Twitter<\/span><\/a><\/li><li class='av-share-link av-social-link-whatsapp' ><a target=\"_blank\" aria-label=\"Compartir en Whatsapp\" href='https:\/\/api.whatsapp.com\/send?text=https:\/\/radiorevelacionfm.cl\/?p=52727' aria-hidden='false' data-av_icon='\uf232' data-av_iconfont='entypo-fontello' title='' data-avia-related-tooltip='Compartir en Whatsapp' rel=\"noopener\"><span class='avia_hidden_link_text'>Compartir en Whatsapp<\/span><\/a><\/li><li class='av-share-link av-social-link-linkedin' ><a target=\"_blank\" aria-label=\"Compartir en LinkedIn\" href='https:\/\/linkedin.com\/shareArticle?mini=true&#038;title=Senadora%20%C3%93rdenes%20asume%20la%20presidencia%20de%20la%20Comisi%C3%B3n%20Desaf%C3%ADos%20del%20Futuro%20poniendo%20el%20acento%20en%20abrir%20oportunidades%20en%20sectores%20productivos%20estrat%C3%A9gicos%20para%20Chile&#038;url=https:\/\/radiorevelacionfm.cl\/?p=52727' aria-hidden='false' data-av_icon='\ue8fc' data-av_iconfont='entypo-fontello' title='' data-avia-related-tooltip='Compartir en LinkedIn' rel=\"noopener\"><span class='avia_hidden_link_text'>Compartir en LinkedIn<\/span><\/a><\/li><li class='av-share-link av-social-link-mail' ><a  aria-label=\"Compartir por correo\" href='mailto:?subject=Senadora%20%C3%93rdenes%20asume%20la%20presidencia%20de%20la%20Comisi%C3%B3n%20Desaf%C3%ADos%20del%20Futuro%20poniendo%20el%20acento%20en%20abrir%20oportunidades%20en%20sectores%20productivos%20estrat%C3%A9gicos%20para%20Chile&#038;body=https:\/\/radiorevelacionfm.cl\/?p=52727' aria-hidden='false' data-av_icon='\ue805' data-av_iconfont='entypo-fontello' title='' data-avia-related-tooltip='Compartir por correo'><span class='avia_hidden_link_text'>Compartir por correo<\/span><\/a><\/li><\/ul><\/div><\/div>\n<div  style='height:50px' class='hr hr-invisible   avia-builder-el-8  el_after_av_social_share  el_before_av_comments_list '><span class='hr-inner ' ><span class='hr-inner-style'><\/span><\/span><\/div>\n<div  class='av-buildercomment  av-blog-meta-html-info-disabled av-blog-meta-tag-disabled  '><\/div>\n","protected":false},"excerpt":{"rendered":"","protected":false},"author":1,"featured_media":52728,"comment_status":"closed","ping_status":"closed","sticky":false,"template":"","format":"standard","meta":{"footnotes":""},"categories":[35],"tags":[],"class_list":["post-52727","post","type-post","status-publish","format-standard","has-post-thumbnail","hentry","category-politica"],"jetpack_featured_media_url":"https:\/\/radiorevelacionfm.cl\/wp-content\/uploads\/2025\/04\/SENADORA-FOTO-16-1-1.jpeg","_links":{"self":[{"href":"https:\/\/radiorevelacionfm.cl\/index.php?rest_route=\/wp\/v2\/posts\/52727","targetHints":{"allow":["GET"]}}],"collection":[{"href":"https:\/\/radiorevelacionfm.cl\/index.php?rest_route=\/wp\/v2\/posts"}],"about":[{"href":"https:\/\/radiorevelacionfm.cl\/index.php?rest_route=\/wp\/v2\/types\/post"}],"author":[{"embeddable":true,"href":"https:\/\/radiorevelacionfm.cl\/index.php?rest_route=\/wp\/v2\/users\/1"}],"replies":[{"embeddable":true,"href":"https:\/\/radiorevelacionfm.cl\/index.php?rest_route=%2Fwp%2Fv2%2Fcomments&post=52727"}],"version-history":[{"count":2,"href":"https:\/\/radiorevelacionfm.cl\/index.php?rest_route=\/wp\/v2\/posts\/52727\/revisions"}],"predecessor-version":[{"id":52749,"href":"https:\/\/radiorevelacionfm.cl\/index.php?rest_route=\/wp\/v2\/posts\/52727\/revisions\/52749"}],"wp:featuredmedia":[{"embeddable":true,"href":"https:\/\/radiorevelacionfm.cl\/index.php?rest_route=\/wp\/v2\/media\/52728"}],"wp:attachment":[{"href":"https:\/\/radiorevelacionfm.cl\/index.php?rest_route=%2Fwp%2Fv2%2Fmedia&parent=52727"}],"wp:term":[{"taxonomy":"category","embeddable":true,"href":"https:\/\/radiorevelacionfm.cl\/index.php?rest_route=%2Fwp%2Fv2%2Fcategories&post=52727"},{"taxonomy":"post_tag","embeddable":true,"href":"https:\/\/radiorevelacionfm.cl\/index.php?rest_route=%2Fwp%2Fv2%2Ftags&post=52727"}],"curies":[{"name":"wp","href":"https:\/\/api.w.org\/{rel}","templated":true}]}}