{"id":52720,"date":"2025-04-16T10:29:19","date_gmt":"2025-04-16T13:29:19","guid":{"rendered":"https:\/\/radiorevelacionfm.cl\/?p=52720"},"modified":"2025-04-16T10:29:19","modified_gmt":"2025-04-16T13:29:19","slug":"conaf-aysen-se-reune-con-consultores-para-fortalecer-gestion-forestal-en-la-region","status":"publish","type":"post","link":"https:\/\/radiorevelacionfm.cl\/?p=52720","title":{"rendered":"Conaf Ays\u00e9n se re\u00fane con consultores para fortalecer gesti\u00f3n forestal en la regi\u00f3n"},"content":{"rendered":"<div class=\"flex_column av_one_full  flex_column_div av-zero-column-padding first  avia-builder-el-0  el_before_av_one_full  avia-builder-el-first  \" style='border-radius:0px; '><div  class='avia-image-container  av-styling-    avia-builder-el-1  avia-builder-el-no-sibling  avia-align-center '  itemprop=\"image\" itemscope=\"itemscope\" itemtype=\"https:\/\/schema.org\/ImageObject\"  ><div class='avia-image-container-inner'><div class='avia-image-overlay-wrap'><img decoding=\"async\" class='wp-image-52721 avia-img-lazy-loading-not-52721 avia_image' src=\"https:\/\/radiorevelacionfm.cl\/wp-content\/uploads\/2025\/04\/secom-conaf-47-1_optimized-1.jpeg\" alt='' title='secom-conaf-47-(1)_optimized (1)' height=\"600\" width=\"1003\"  itemprop=\"thumbnailUrl\" srcset=\"https:\/\/radiorevelacionfm.cl\/wp-content\/uploads\/2025\/04\/secom-conaf-47-1_optimized-1.jpeg 1003w, https:\/\/radiorevelacionfm.cl\/wp-content\/uploads\/2025\/04\/secom-conaf-47-1_optimized-1-300x179.jpeg 300w, https:\/\/radiorevelacionfm.cl\/wp-content\/uploads\/2025\/04\/secom-conaf-47-1_optimized-1-768x459.jpeg 768w, https:\/\/radiorevelacionfm.cl\/wp-content\/uploads\/2025\/04\/secom-conaf-47-1_optimized-1-705x422.jpeg 705w, https:\/\/radiorevelacionfm.cl\/wp-content\/uploads\/2025\/04\/secom-conaf-47-1_optimized-1-450x269.jpeg 450w, https:\/\/radiorevelacionfm.cl\/wp-content\/uploads\/2025\/04\/secom-conaf-47-1_optimized-1-600x359.jpeg 600w\" sizes=\"(max-width: 1003px) 100vw, 1003px\" \/><\/div><\/div><\/div><\/div><div class=\"flex_column av_one_full  flex_column_div av-zero-column-padding first  avia-builder-el-2  el_after_av_one_full  el_before_av_one_full  column-top-margin\" style='border-radius:0px; '><section class=\"av_textblock_section \"  itemscope=\"itemscope\" itemtype=\"https:\/\/schema.org\/BlogPosting\" itemprop=\"blogPost\" ><div class='avia_textblock  '   itemprop=\"text\" ><p style=\"text-align: center;\"><strong><span style=\"font-size: 18pt;\">Conaf Ays\u00e9n se re\u00fane con consultores para fortalecer gesti\u00f3n forestal en la regi\u00f3n<\/span><\/strong><\/p>\n<div id=\"gtx-trans\" style=\"position: absolute; left: -50px; top: 4.31534px;\">\n<div class=\"gtx-trans-icon\"><\/div>\n<\/div>\n<\/div><\/section><\/div><div class=\"flex_column av_one_full  flex_column_div av-zero-column-padding first  avia-builder-el-4  el_after_av_one_full  el_before_av_hr  column-top-margin\" style='border-radius:0px; '><section class=\"av_textblock_section \"  itemscope=\"itemscope\" itemtype=\"https:\/\/schema.org\/BlogPosting\" itemprop=\"blogPost\" ><div class='avia_textblock  '   itemprop=\"text\" ><p style=\"text-align: justify;\"><em>La reuni\u00f3n tuvo como objeto generar un espacio de an\u00e1lisis t\u00e9cnico que permita optimizar los distintos procesos que gestiona CONAF en materia de producci\u00f3n y de manejo forestal.<\/em><\/p>\n<p style=\"text-align: justify;\">Los equipos t\u00e9cnicos de la Corporaci\u00f3n Nacional Forestal (CONAF), vinculados al fomento y fiscalizaci\u00f3n forestal, sostuvieron un encuentro con una veintena de consultores forestales de la regi\u00f3n de Ays\u00e9n. El objetivo principal de la reuni\u00f3n fue realizar una retroalimentaci\u00f3n t\u00e9cnica y legal, presentar los \u00faltimos instructivos relacionados con la materia normativa y generar una discusi\u00f3n t\u00e9cnica que permitiera fortalecer el trabajo y optimizar la actividad productiva y el manejo sustentable de los bosques de la zona.<\/p>\n<p style=\"text-align: justify;\">Durante la jornada, se abordaron tem\u00e1ticas relacionadas con la fiscalizaci\u00f3n y legislaci\u00f3n forestal, aspectos regulatorios y de administraci\u00f3n forestal, as\u00ed como los procesos de aprobaci\u00f3n de planes de manejo. Se analizaron los plazos y la pertinencia t\u00e9cnica de las propuestas presentadas, permitiendo a los asistentes dialogar sobre los desaf\u00edos existentes en la evaluaci\u00f3n de estos planes por parte de CONAF. A partir de ello, se establecieron propuestas de soluci\u00f3n que buscan mejorar la atenci\u00f3n a los propietarios de bosques; reducir brechas e identificar alternativas de mejora que permitan optimizar los procesos de evaluaci\u00f3n de solicitudes de planes de manejo.<\/p>\n<p style=\"text-align: justify;\">Esta reuni\u00f3n fue organizada por el departamento de Fiscalizaci\u00f3n y particip\u00f3 el departamento de Bosque y Cambio Clim\u00e1tico, la Unidad Jur\u00eddica, jefes provinciales y consultores forestales de la regi\u00f3n asociados al D.L. N\u00b0701, de 1974 y la Ley N\u00b020.283 sobre Recuperaci\u00f3n del Bosque Nativo y Fomento Forestal.<\/p>\n<p style=\"text-align: justify;\">Marcela Pi\u00f1ones, jefa del departamento de Fiscalizaci\u00f3n coment\u00f3 que \u201ceste fue un encuentro valorado por los asistentes ya que se pudo entregar una actualizaci\u00f3n de los procedimientos de la normativa forestal, aclarar dudas sobre la entrega de antecedentes legales y t\u00e9cnicas en el beneficio de robustecer la producci\u00f3n y manejo forestal\u201d.<\/p>\n<p style=\"text-align: justify;\">A su vez, Marcelo Navarro, consultor forestal expres\u00f3 que este espacio de di\u00e1logo es de suma importancia para el desarrollo del sector productivo maderero de la regi\u00f3n para as\u00ed fortalecer la gesti\u00f3n y optimizaci\u00f3n de los procedimientos.<\/p>\n<p style=\"text-align: justify;\">Por su parte, el director regional de Ays\u00e9n, Ronald Valenzuela, resalt\u00f3 la reuni\u00f3n como un \u201cencuentro fruct\u00edfero orientado a fomentar el desarrollo productivo de la regi\u00f3n, tener un di\u00e1logo fraterno con los consultores, con el objetivo de mejorar continuamente los servicios por parte de CONAF; esto, a trav\u00e9s del establecimiento de canales claros y oportunos de comunicaci\u00f3n que permita a todos los actores involucrados manejar las misma informaci\u00f3n. Estas reuniones se realizar\u00e1n de forma trimestral, program\u00e1ndose para los meses de marzo, junio, septiembre y diciembre\u201d.<\/p>\n<\/div><\/section><\/div><div  style='height:50px' class='hr hr-invisible   avia-builder-el-6  el_after_av_one_full  el_before_av_social_share '><span class='hr-inner ' ><span class='hr-inner-style'><\/span><\/span><\/div><\/p>\n<div  class='av-social-sharing-box  avia-builder-el-7  el_after_av_hr  el_before_av_hr  '><div class='av-share-box'><h5 class='av-share-link-description av-no-toc '>Compartir esta noticia<\/h5><ul class='av-share-box-list noLightbox'><li class='av-share-link av-social-link-facebook' ><a target=\"_blank\" aria-label=\"Compartir en Facebook\" href='https:\/\/www.facebook.com\/sharer.php?u=https:\/\/radiorevelacionfm.cl\/?p=52720&#038;t=Conaf%20Ays%C3%A9n%20se%20re%C3%BAne%20con%20consultores%20para%20fortalecer%20gesti%C3%B3n%20forestal%20en%20la%20regi%C3%B3n' aria-hidden='false' data-av_icon='\ue8f3' data-av_iconfont='entypo-fontello' title='' data-avia-related-tooltip='Compartir en Facebook' rel=\"noopener\"><span class='avia_hidden_link_text'>Compartir en Facebook<\/span><\/a><\/li><li class='av-share-link av-social-link-twitter' ><a target=\"_blank\" aria-label=\"Compartir en Twitter\" href='https:\/\/twitter.com\/share?text=Conaf%20Ays%C3%A9n%20se%20re%C3%BAne%20con%20consultores%20para%20fortalecer%20gesti%C3%B3n%20forestal%20en%20la%20regi%C3%B3n&#038;url=https:\/\/radiorevelacionfm.cl\/?p=52720' aria-hidden='false' data-av_icon='\ue8f1' data-av_iconfont='entypo-fontello' title='' data-avia-related-tooltip='Compartir en Twitter' rel=\"noopener\"><span class='avia_hidden_link_text'>Compartir en Twitter<\/span><\/a><\/li><li class='av-share-link av-social-link-whatsapp' ><a target=\"_blank\" aria-label=\"Compartir en Whatsapp\" href='https:\/\/api.whatsapp.com\/send?text=https:\/\/radiorevelacionfm.cl\/?p=52720' aria-hidden='false' data-av_icon='\uf232' data-av_iconfont='entypo-fontello' title='' data-avia-related-tooltip='Compartir en Whatsapp' rel=\"noopener\"><span class='avia_hidden_link_text'>Compartir en Whatsapp<\/span><\/a><\/li><li class='av-share-link av-social-link-linkedin' ><a target=\"_blank\" aria-label=\"Compartir en LinkedIn\" href='https:\/\/linkedin.com\/shareArticle?mini=true&#038;title=Conaf%20Ays%C3%A9n%20se%20re%C3%BAne%20con%20consultores%20para%20fortalecer%20gesti%C3%B3n%20forestal%20en%20la%20regi%C3%B3n&#038;url=https:\/\/radiorevelacionfm.cl\/?p=52720' aria-hidden='false' data-av_icon='\ue8fc' data-av_iconfont='entypo-fontello' title='' data-avia-related-tooltip='Compartir en LinkedIn' rel=\"noopener\"><span class='avia_hidden_link_text'>Compartir en LinkedIn<\/span><\/a><\/li><li class='av-share-link av-social-link-mail' ><a  aria-label=\"Compartir por correo\" href='mailto:?subject=Conaf%20Ays%C3%A9n%20se%20re%C3%BAne%20con%20consultores%20para%20fortalecer%20gesti%C3%B3n%20forestal%20en%20la%20regi%C3%B3n&#038;body=https:\/\/radiorevelacionfm.cl\/?p=52720' aria-hidden='false' data-av_icon='\ue805' data-av_iconfont='entypo-fontello' title='' data-avia-related-tooltip='Compartir por correo'><span class='avia_hidden_link_text'>Compartir por correo<\/span><\/a><\/li><\/ul><\/div><\/div>\n<div  style='height:50px' class='hr hr-invisible   avia-builder-el-8  el_after_av_social_share  el_before_av_comments_list '><span class='hr-inner ' ><span class='hr-inner-style'><\/span><\/span><\/div>\n<div  class='av-buildercomment  av-blog-meta-html-info-disabled av-blog-meta-tag-disabled  '><\/div>\n","protected":false},"excerpt":{"rendered":"","protected":false},"author":1,"featured_media":52721,"comment_status":"closed","ping_status":"closed","sticky":false,"template":"","format":"standard","meta":{"footnotes":""},"categories":[38],"tags":[],"class_list":["post-52720","post","type-post","status-publish","format-standard","has-post-thumbnail","hentry","category-regional"],"jetpack_featured_media_url":"https:\/\/radiorevelacionfm.cl\/wp-content\/uploads\/2025\/04\/secom-conaf-47-1_optimized-1.jpeg","_links":{"self":[{"href":"https:\/\/radiorevelacionfm.cl\/index.php?rest_route=\/wp\/v2\/posts\/52720","targetHints":{"allow":["GET"]}}],"collection":[{"href":"https:\/\/radiorevelacionfm.cl\/index.php?rest_route=\/wp\/v2\/posts"}],"about":[{"href":"https:\/\/radiorevelacionfm.cl\/index.php?rest_route=\/wp\/v2\/types\/post"}],"author":[{"embeddable":true,"href":"https:\/\/radiorevelacionfm.cl\/index.php?rest_route=\/wp\/v2\/users\/1"}],"replies":[{"embeddable":true,"href":"https:\/\/radiorevelacionfm.cl\/index.php?rest_route=%2Fwp%2Fv2%2Fcomments&post=52720"}],"version-history":[{"count":2,"href":"https:\/\/radiorevelacionfm.cl\/index.php?rest_route=\/wp\/v2\/posts\/52720\/revisions"}],"predecessor-version":[{"id":52743,"href":"https:\/\/radiorevelacionfm.cl\/index.php?rest_route=\/wp\/v2\/posts\/52720\/revisions\/52743"}],"wp:featuredmedia":[{"embeddable":true,"href":"https:\/\/radiorevelacionfm.cl\/index.php?rest_route=\/wp\/v2\/media\/52721"}],"wp:attachment":[{"href":"https:\/\/radiorevelacionfm.cl\/index.php?rest_route=%2Fwp%2Fv2%2Fmedia&parent=52720"}],"wp:term":[{"taxonomy":"category","embeddable":true,"href":"https:\/\/radiorevelacionfm.cl\/index.php?rest_route=%2Fwp%2Fv2%2Fcategories&post=52720"},{"taxonomy":"post_tag","embeddable":true,"href":"https:\/\/radiorevelacionfm.cl\/index.php?rest_route=%2Fwp%2Fv2%2Ftags&post=52720"}],"curies":[{"name":"wp","href":"https:\/\/api.w.org\/{rel}","templated":true}]}}