{"id":52715,"date":"2025-04-17T12:05:01","date_gmt":"2025-04-17T15:05:01","guid":{"rendered":"https:\/\/radiorevelacionfm.cl\/?p=52715"},"modified":"2025-04-17T12:05:01","modified_gmt":"2025-04-17T15:05:01","slug":"sernac-lanza-comparador-de-viajes-para-saber-cuanto-cuesta-viajar-durante-esta-semana-santa","status":"publish","type":"post","link":"https:\/\/radiorevelacionfm.cl\/?p=52715","title":{"rendered":"Sernac lanza comparador de viajes para saber cu\u00e1nto cuesta viajar durante esta Semana Santa"},"content":{"rendered":"<div class=\"flex_column av_one_full  flex_column_div av-zero-column-padding first  avia-builder-el-0  el_before_av_one_full  avia-builder-el-first  \" style='border-radius:0px; '><div  class='avia-image-container  av-styling-    avia-builder-el-1  avia-builder-el-no-sibling  avia-align-center '  itemprop=\"image\" itemscope=\"itemscope\" itemtype=\"https:\/\/schema.org\/ImageObject\"  ><div class='avia-image-container-inner'><div class='avia-image-overlay-wrap'><img decoding=\"async\" class='wp-image-52716 avia-img-lazy-loading-not-52716 avia_image' src=\"https:\/\/radiorevelacionfm.cl\/wp-content\/uploads\/2025\/04\/comparador-sernac-1_optimized.jpg\" alt='' title='comparador-sernac-(1)_optimized' height=\"600\" width=\"1066\"  itemprop=\"thumbnailUrl\" srcset=\"https:\/\/radiorevelacionfm.cl\/wp-content\/uploads\/2025\/04\/comparador-sernac-1_optimized.jpg 1066w, https:\/\/radiorevelacionfm.cl\/wp-content\/uploads\/2025\/04\/comparador-sernac-1_optimized-300x169.jpg 300w, https:\/\/radiorevelacionfm.cl\/wp-content\/uploads\/2025\/04\/comparador-sernac-1_optimized-1030x580.jpg 1030w, https:\/\/radiorevelacionfm.cl\/wp-content\/uploads\/2025\/04\/comparador-sernac-1_optimized-768x432.jpg 768w, https:\/\/radiorevelacionfm.cl\/wp-content\/uploads\/2025\/04\/comparador-sernac-1_optimized-705x397.jpg 705w, https:\/\/radiorevelacionfm.cl\/wp-content\/uploads\/2025\/04\/comparador-sernac-1_optimized-450x253.jpg 450w, https:\/\/radiorevelacionfm.cl\/wp-content\/uploads\/2025\/04\/comparador-sernac-1_optimized-600x338.jpg 600w\" sizes=\"(max-width: 1066px) 100vw, 1066px\" \/><\/div><\/div><\/div><\/div><div class=\"flex_column av_one_full  flex_column_div av-zero-column-padding first  avia-builder-el-2  el_after_av_one_full  el_before_av_one_full  column-top-margin\" style='border-radius:0px; '><section class=\"av_textblock_section \"  itemscope=\"itemscope\" itemtype=\"https:\/\/schema.org\/BlogPosting\" itemprop=\"blogPost\" ><div class='avia_textblock  '   itemprop=\"text\" ><p style=\"text-align: center;\"><strong><span style=\"font-size: 18pt;\">Sernac lanza comparador de viajes para saber cu\u00e1nto cuesta viajar durante esta Semana Santa<\/span><\/strong><\/p>\n<div id=\"gtx-trans\" style=\"position: absolute; left: -50px; top: 4.31534px;\">\n<div class=\"gtx-trans-icon\"><\/div>\n<\/div>\n<\/div><\/section><\/div><div class=\"flex_column av_one_full  flex_column_div av-zero-column-padding first  avia-builder-el-4  el_after_av_one_full  el_before_av_hr  column-top-margin\" style='border-radius:0px; '><section class=\"av_textblock_section \"  itemscope=\"itemscope\" itemtype=\"https:\/\/schema.org\/BlogPosting\" itemprop=\"blogPost\" ><div class='avia_textblock  '   itemprop=\"text\" ><p style=\"text-align: justify;\"><em>El objetivo de esta herramienta es orientar a los consumidores respecto de la alternativa m\u00e1s conveniente ida y vuelta, considerando tanto el valor del pasaje, el tiempo de traslado y la huella de carbono.<\/em><\/p>\n<p style=\"text-align: justify;\"><em>A modo de ejemplo, para el trayecto ida y vuelta Santiago-Vi\u00f1a del Mar, al viajar en bus, el valor va desde $5.000 por persona, mientras que, en autom\u00f3vil, el costo total del viaje es de aproximadamente $32.818.<\/em><\/p>\n<p style=\"text-align: justify;\"><em>En tanto, si su destino es Santiago-La Serena, ida y vuelta, en avi\u00f3n el precio va desde $59.074 por persona, en bus parte desde $16.000, mientras que en auto el valor total alcanza $118.410, incluyendo peajes y combustible.<\/em><\/p>\n<p style=\"text-align: justify;\"><em>Para conocer la alternativa m\u00e1s conveniente, visite el cotizador en <a href=\"http:\/\/www.sernac.cl\">www.sernac.cl<\/a><\/em><\/p>\n<p style=\"text-align: justify;\">Con el objetivo de orientar a las personas y familias que est\u00e1n planificando viajar para esta Semana Santa, el SERNAC elabor\u00f3 un \u201cComparador de Viajes\u201d, herramienta que considera los costos de traslado en bus, auto y avi\u00f3n para los destinos m\u00e1s demandados del pa\u00eds.<\/p>\n<p style=\"text-align: justify;\">El Director Nacional del SERNAC, Andr\u00e9s Herrera, explic\u00f3 que el objetivo de esta herramienta es ayudar a tomar la mejor decisi\u00f3n al momento de viajar, considerando no s\u00f3lo el costo, sino tambi\u00e9n el tiempo de desplazamiento, y un aspecto que cobra cada vez m\u00e1s relevancia como lo es la huella de carbono.<\/p>\n<p style=\"text-align: justify;\">\u201cEs habitual que las personas y las familias viajen este fin de semana largo, y considerando el destino, a veces es m\u00e1s conveniente viajar en bus por el valor del pasaje, pero otras veces resulta m\u00e1s adecuado hacerlo en auto porque se traslada un grupo completo de personas, y cuando los destinos son largos, una alternativa relevante es hacerlo en avi\u00f3n, especialmente por el tiempo de traslado\u201d, indic\u00f3 la autoridad.<\/p>\n<p style=\"text-align: justify;\">C\u00d3MO FUNCIONA LA HERRAMIENTA<\/p>\n<p style=\"text-align: justify;\">Este comparador del SERNAC calcula cu\u00e1nto cuesta viajar por persona o en grupos, ida y vuelta, entre 23 ciudades en las 16 regiones del pa\u00eds.<\/p>\n<p style=\"text-align: justify;\">La herramienta valoriza los precios m\u00ednimos por movilizaci\u00f3n, e incluye, peajes y combustible en el caso de veh\u00edculo particular, y no considera las tasas de embarque, en el caso de vuelos.<\/p>\n<p style=\"text-align: justify;\">Adem\u00e1s, considera la huella de carbono, esto es, las emisiones generadas por el traslado del trayecto escogido, dependiendo del tipo de transporte.<\/p>\n<p style=\"text-align: justify;\">Es necesario aclarar que los precios de las tarifas y la huella de carbono corresponden a viajes de ida y vuelta, mientras que la duraci\u00f3n del viaje es por tramo.<\/p>\n<p style=\"text-align: justify;\">La metodolog\u00eda empleada incluy\u00f3 t\u00e9cnicas de webscraping para recopilar datos de plataformas de venta de pasajes y combustible, permitiendo procesar 846 precios correspondientes a 423 tramos.<\/p>\n<p style=\"text-align: justify;\">EJEMPLOS:<\/p>\n<p style=\"text-align: justify;\">Santiago &#8211; Vi\u00f1a del Mar (ida y vuelta):<\/p>\n<p style=\"text-align: justify;\">Un an\u00e1lisis comparativo para el trayecto Santiago-Vi\u00f1a del Mar muestra que los costos inician desde $5.000 por persona en bus, con una huella de carbono desde 8 kg de CO\u2082e (di\u00f3xido de carbono equivalente) por pasajero, con una duraci\u00f3n de 2 horas y 20 minutos el tramo; mientras que en autom\u00f3vil particular, con cuatro ocupantes, el costo total del traslado comienza desde $32.818 (considerando combustible y peajes ida y vuelta), con\u00a0 una huella de carbono desde 56 kg de CO\u2082e total por el viaje y una duraci\u00f3n por tramo aproximadamente 1 hora y 30 minutos.<\/p>\n<p style=\"text-align: justify;\">Santiago &#8211; La Serena (ida y vuelta):<\/p>\n<p style=\"text-align: justify;\">Para el trayecto Santiago-La Serena, el avi\u00f3n ofrece tiempos desde 56 minutos por tramo, con precios desde 59.074 por persona y una huella de carbono desde 112 kg de CO\u2082e ida y vuelta; el bus requiere desde 6 horas y 15 minutos de traslado por tramo, el costo por persona tiene un valor m\u00ednimo de $16.000, con una huella de carbono de 32 kg de CO\u2082e ida y vuelta; mientras que el autom\u00f3vil representa la opci\u00f3n m\u00e1s costosa considerando una persona, con tiempos desde 5 horas y 2 min por tramo, costos desde $118.410 (incluyendo combustible y peajes) y una huella desde 214 kg de CO\u2082e ida y vuelta.<\/p>\n<p style=\"text-align: justify;\">Santiago &#8211; Puerto Montt (ida y vuelta):<\/p>\n<p style=\"text-align: justify;\">En el trayecto de larga distancia Santiago-Puerto Montt, el avi\u00f3n ofrece tiempos desde 1 hora y 44 minutos por tramo, con tarifas desde $83.984 por persona y una huella desde 212 kg de CO\u2082e ida y vuelta; el bus requiere desde 13 horas y 35 minutos por tramo, con precios desde $58.900 por pasajero y un impacto ambiental desde s\u00f3lo 70 kg de CO\u2082e ida y vuelta; mientras que el autom\u00f3vil, con tiempos desde 10 horas y 35 minutos por tramo, tiene costos desde $241.314 (incluyendo combustible y peajes), generando una huella desde 470 kg de CO\u2082e ida y vuelta.<\/p>\n<p style=\"text-align: justify;\">Para conocer la mejor alternativa para su viaje y destino, visite <a href=\"http:\/\/www.sernac.cl\">www.sernac.cl<\/a><\/p>\n<\/div><\/section><\/div><div  style='height:50px' class='hr hr-invisible   avia-builder-el-6  el_after_av_one_full  el_before_av_social_share '><span class='hr-inner ' ><span class='hr-inner-style'><\/span><\/span><\/div><\/p>\n<div  class='av-social-sharing-box  avia-builder-el-7  el_after_av_hr  el_before_av_hr  '><div class='av-share-box'><h5 class='av-share-link-description av-no-toc '>Compartir esta noticia<\/h5><ul class='av-share-box-list noLightbox'><li class='av-share-link av-social-link-facebook' ><a target=\"_blank\" aria-label=\"Compartir en Facebook\" href='https:\/\/www.facebook.com\/sharer.php?u=https:\/\/radiorevelacionfm.cl\/?p=52715&#038;t=Sernac%20lanza%20comparador%20de%20viajes%20para%20saber%20cu%C3%A1nto%20cuesta%20viajar%20durante%20esta%20Semana%20Santa' aria-hidden='false' data-av_icon='\ue8f3' data-av_iconfont='entypo-fontello' title='' data-avia-related-tooltip='Compartir en Facebook' rel=\"noopener\"><span class='avia_hidden_link_text'>Compartir en Facebook<\/span><\/a><\/li><li class='av-share-link av-social-link-twitter' ><a target=\"_blank\" aria-label=\"Compartir en Twitter\" href='https:\/\/twitter.com\/share?text=Sernac%20lanza%20comparador%20de%20viajes%20para%20saber%20cu%C3%A1nto%20cuesta%20viajar%20durante%20esta%20Semana%20Santa&#038;url=https:\/\/radiorevelacionfm.cl\/?p=52715' aria-hidden='false' data-av_icon='\ue8f1' data-av_iconfont='entypo-fontello' title='' data-avia-related-tooltip='Compartir en Twitter' rel=\"noopener\"><span class='avia_hidden_link_text'>Compartir en Twitter<\/span><\/a><\/li><li class='av-share-link av-social-link-whatsapp' ><a target=\"_blank\" aria-label=\"Compartir en Whatsapp\" href='https:\/\/api.whatsapp.com\/send?text=https:\/\/radiorevelacionfm.cl\/?p=52715' aria-hidden='false' data-av_icon='\uf232' data-av_iconfont='entypo-fontello' title='' data-avia-related-tooltip='Compartir en Whatsapp' rel=\"noopener\"><span class='avia_hidden_link_text'>Compartir en Whatsapp<\/span><\/a><\/li><li class='av-share-link av-social-link-linkedin' ><a target=\"_blank\" aria-label=\"Compartir en LinkedIn\" href='https:\/\/linkedin.com\/shareArticle?mini=true&#038;title=Sernac%20lanza%20comparador%20de%20viajes%20para%20saber%20cu%C3%A1nto%20cuesta%20viajar%20durante%20esta%20Semana%20Santa&#038;url=https:\/\/radiorevelacionfm.cl\/?p=52715' aria-hidden='false' data-av_icon='\ue8fc' data-av_iconfont='entypo-fontello' title='' data-avia-related-tooltip='Compartir en LinkedIn' rel=\"noopener\"><span class='avia_hidden_link_text'>Compartir en LinkedIn<\/span><\/a><\/li><li class='av-share-link av-social-link-mail' ><a  aria-label=\"Compartir por correo\" href='mailto:?subject=Sernac%20lanza%20comparador%20de%20viajes%20para%20saber%20cu%C3%A1nto%20cuesta%20viajar%20durante%20esta%20Semana%20Santa&#038;body=https:\/\/radiorevelacionfm.cl\/?p=52715' aria-hidden='false' data-av_icon='\ue805' data-av_iconfont='entypo-fontello' title='' data-avia-related-tooltip='Compartir por correo'><span class='avia_hidden_link_text'>Compartir por correo<\/span><\/a><\/li><\/ul><\/div><\/div>\n<div  style='height:50px' class='hr hr-invisible   avia-builder-el-8  el_after_av_social_share  el_before_av_comments_list '><span class='hr-inner ' ><span class='hr-inner-style'><\/span><\/span><\/div>\n<div  class='av-buildercomment  av-blog-meta-html-info-disabled av-blog-meta-tag-disabled  '><\/div>\n","protected":false},"excerpt":{"rendered":"","protected":false},"author":1,"featured_media":52716,"comment_status":"closed","ping_status":"closed","sticky":false,"template":"","format":"standard","meta":{"footnotes":""},"categories":[45],"tags":[],"class_list":["post-52715","post","type-post","status-publish","format-standard","has-post-thumbnail","hentry","category-comercio"],"jetpack_featured_media_url":"https:\/\/radiorevelacionfm.cl\/wp-content\/uploads\/2025\/04\/comparador-sernac-1_optimized.jpg","_links":{"self":[{"href":"https:\/\/radiorevelacionfm.cl\/index.php?rest_route=\/wp\/v2\/posts\/52715","targetHints":{"allow":["GET"]}}],"collection":[{"href":"https:\/\/radiorevelacionfm.cl\/index.php?rest_route=\/wp\/v2\/posts"}],"about":[{"href":"https:\/\/radiorevelacionfm.cl\/index.php?rest_route=\/wp\/v2\/types\/post"}],"author":[{"embeddable":true,"href":"https:\/\/radiorevelacionfm.cl\/index.php?rest_route=\/wp\/v2\/users\/1"}],"replies":[{"embeddable":true,"href":"https:\/\/radiorevelacionfm.cl\/index.php?rest_route=%2Fwp%2Fv2%2Fcomments&post=52715"}],"version-history":[{"count":2,"href":"https:\/\/radiorevelacionfm.cl\/index.php?rest_route=\/wp\/v2\/posts\/52715\/revisions"}],"predecessor-version":[{"id":52812,"href":"https:\/\/radiorevelacionfm.cl\/index.php?rest_route=\/wp\/v2\/posts\/52715\/revisions\/52812"}],"wp:featuredmedia":[{"embeddable":true,"href":"https:\/\/radiorevelacionfm.cl\/index.php?rest_route=\/wp\/v2\/media\/52716"}],"wp:attachment":[{"href":"https:\/\/radiorevelacionfm.cl\/index.php?rest_route=%2Fwp%2Fv2%2Fmedia&parent=52715"}],"wp:term":[{"taxonomy":"category","embeddable":true,"href":"https:\/\/radiorevelacionfm.cl\/index.php?rest_route=%2Fwp%2Fv2%2Fcategories&post=52715"},{"taxonomy":"post_tag","embeddable":true,"href":"https:\/\/radiorevelacionfm.cl\/index.php?rest_route=%2Fwp%2Fv2%2Ftags&post=52715"}],"curies":[{"name":"wp","href":"https:\/\/api.w.org\/{rel}","templated":true}]}}