{"id":52712,"date":"2025-04-15T18:34:11","date_gmt":"2025-04-15T21:34:11","guid":{"rendered":"https:\/\/radiorevelacionfm.cl\/?p=52712"},"modified":"2025-04-15T18:34:11","modified_gmt":"2025-04-15T21:34:11","slug":"con-proyecto-minvu-senama-se-realizara-conservacion-de-15-viviendas-tuteladas-de-coyhaique","status":"publish","type":"post","link":"https:\/\/radiorevelacionfm.cl\/?p=52712","title":{"rendered":"Con Proyecto Minvu-Senama se realizar\u00e1 conservaci\u00f3n de 15 viviendas tuteladas de Coyhaique"},"content":{"rendered":"<div class=\"flex_column av_one_full  flex_column_div av-zero-column-padding first  avia-builder-el-0  el_before_av_one_full  avia-builder-el-first  \" style='border-radius:0px; '><div  class='avia-image-container  av-styling-    avia-builder-el-1  avia-builder-el-no-sibling  avia-align-center '  itemprop=\"image\" itemscope=\"itemscope\" itemtype=\"https:\/\/schema.org\/ImageObject\"  ><div class='avia-image-container-inner'><div class='avia-image-overlay-wrap'><img decoding=\"async\" class='wp-image-52713 avia-img-lazy-loading-not-52713 avia_image' src=\"https:\/\/radiorevelacionfm.cl\/wp-content\/uploads\/2025\/04\/seremi-de-vivienda-junto-a-directora-nacional-de-senama-en-visita-a-familias-de-viviendas-tuteladas-en-coyhaique-1_optimized-1.jpeg\" alt='' title='seremi-de-vivienda-junto-a-directora-nacional-de-senama-en-visita-a-familias-de-viviendas-tuteladas-en-coyhaique-(1)_optimized (1)' height=\"600\" width=\"796\"  itemprop=\"thumbnailUrl\" srcset=\"https:\/\/radiorevelacionfm.cl\/wp-content\/uploads\/2025\/04\/seremi-de-vivienda-junto-a-directora-nacional-de-senama-en-visita-a-familias-de-viviendas-tuteladas-en-coyhaique-1_optimized-1.jpeg 796w, https:\/\/radiorevelacionfm.cl\/wp-content\/uploads\/2025\/04\/seremi-de-vivienda-junto-a-directora-nacional-de-senama-en-visita-a-familias-de-viviendas-tuteladas-en-coyhaique-1_optimized-1-300x226.jpeg 300w, https:\/\/radiorevelacionfm.cl\/wp-content\/uploads\/2025\/04\/seremi-de-vivienda-junto-a-directora-nacional-de-senama-en-visita-a-familias-de-viviendas-tuteladas-en-coyhaique-1_optimized-1-768x579.jpeg 768w, https:\/\/radiorevelacionfm.cl\/wp-content\/uploads\/2025\/04\/seremi-de-vivienda-junto-a-directora-nacional-de-senama-en-visita-a-familias-de-viviendas-tuteladas-en-coyhaique-1_optimized-1-705x531.jpeg 705w, https:\/\/radiorevelacionfm.cl\/wp-content\/uploads\/2025\/04\/seremi-de-vivienda-junto-a-directora-nacional-de-senama-en-visita-a-familias-de-viviendas-tuteladas-en-coyhaique-1_optimized-1-450x339.jpeg 450w, https:\/\/radiorevelacionfm.cl\/wp-content\/uploads\/2025\/04\/seremi-de-vivienda-junto-a-directora-nacional-de-senama-en-visita-a-familias-de-viviendas-tuteladas-en-coyhaique-1_optimized-1-600x452.jpeg 600w\" sizes=\"(max-width: 796px) 100vw, 796px\" \/><\/div><\/div><\/div><\/div><div class=\"flex_column av_one_full  flex_column_div av-zero-column-padding first  avia-builder-el-2  el_after_av_one_full  el_before_av_one_full  column-top-margin\" style='border-radius:0px; '><section class=\"av_textblock_section \"  itemscope=\"itemscope\" itemtype=\"https:\/\/schema.org\/BlogPosting\" itemprop=\"blogPost\" ><div class='avia_textblock  '   itemprop=\"text\" ><p style=\"text-align: center;\"><strong><span style=\"font-size: 18pt;\">Con Proyecto Minvu-Senama se realizar\u00e1 conservaci\u00f3n de 15 viviendas tuteladas de Coyhaique<\/span><\/strong><\/p>\n<div id=\"gtx-trans\" style=\"position: absolute; left: -50px; top: 4.31534px;\">\n<div class=\"gtx-trans-icon\"><\/div>\n<\/div>\n<\/div><\/section><\/div><div class=\"flex_column av_one_full  flex_column_div av-zero-column-padding first  avia-builder-el-4  el_after_av_one_full  el_before_av_hr  column-top-margin\" style='border-radius:0px; '><section class=\"av_textblock_section \"  itemscope=\"itemscope\" itemtype=\"https:\/\/schema.org\/BlogPosting\" itemprop=\"blogPost\" ><div class='avia_textblock  '   itemprop=\"text\" ><p style=\"text-align: justify;\">Variadas obras de conservaci\u00f3n en su infraestructura externa e interna se concretar\u00e1n durante los pr\u00f3ximos meses en un grupo de 15 viviendas tuteladas de Coyhaique, las cuales se ubican en la poblaci\u00f3n Clotario Blest y albergan a familias con adultos mayores y personas con dificultades de movilidad.<\/p>\n<p style=\"text-align: justify;\">La informaci\u00f3n fue confirmada esta semana por la Seremi de Vivienda y Urbanismo, Paulina Ruz Delf\u00edn, quien se\u00f1al\u00f3 que estos avances son el resultado del trabajo conjunto entre el Ministerio de Vivienda y Urbanismo (Minvu) y el Servicio Nacional del Adulto Mayor (Senama), entidad que es la mandante del proyecto. El dise\u00f1o, en tanto, estuvo a cargo de profesionales de la Seremi de Vivienda y el Serviu regional ser\u00e1 quien act\u00fae como unidad t\u00e9cnica para fiscalizar el correcto desarrollo de los trabajos.<\/p>\n<p style=\"text-align: justify;\">Seg\u00fan explic\u00f3 Paulina Ruz, el proyecto no solo contempla el mejoramiento de las 15 viviendas tuteladas, sino tambi\u00e9n del edificio de servicios y la le\u00f1era, incluyendo espacios interiores y exteriores del conjunto habitacional.<\/p>\n<p style=\"text-align: justify;\">Cabe recordar que las viviendas a intervenir fueron construidas hace m\u00e1s de 7 a\u00f1os en terrenos del Serviu y se organizan en 4 m\u00f3dulos orientados hacia un patio interior. El proyecto original consider\u00f3 obras para personas con movilidad reducida, incluyendo puertas, pisos antideslizantes y barras de seguridad, entre otras. El edificio de servicios, en tanto, incorpora recepci\u00f3n, sala de uso m\u00faltiple, cocina, lavander\u00eda, bodega, ba\u00f1o y una oficina. Tambi\u00e9n hay muros de contenci\u00f3n, le\u00f1era y un patio com\u00fan con senderos peatonales.<\/p>\n<p style=\"text-align: justify;\">Respecto de las principales obras que se realizar\u00e1n, precis\u00f3 la Seremi de Vivienda que se reubicar\u00e1 el port\u00f3n de acceso para facilitar la descarga de le\u00f1a, se reparar\u00e1n los pavimentos de hormig\u00f3n, incluyendo veredas con barandas laterales y se har\u00e1 limpieza, reparaci\u00f3n o reemplazo de los revestimientos exteriores e interiores que lo requieran, como, por ejemplo, la cer\u00e1mica en el piso y las planchas de zinc que resultaron da\u00f1adas por un incendio.<\/p>\n<p style=\"text-align: justify;\">\u201cDestacamos el desarrollo de este proyecto porque permitir\u00e1 mejorar el estado de las 15 viviendas y su entorno, pero sobre todo garantizar las mejores condiciones de vida para cada una de estas familias, donde hay adultos mayores y algunas personas que presentan dificultades de movilidad. Todas estas obras se traducen en una inversi\u00f3n que supera los 200 millones de pesos, recursos que permitir\u00e1n reponer todos los ca\u00f1os de las combustiones lentas de las casas y del m\u00f3dulo de servicios, adem\u00e1s de los artefactos el\u00e9ctricos, como equipos de iluminaci\u00f3n, enchufes, interruptores y luminarias exteriores. Sin duda es una intervenci\u00f3n importante, por lo tanto, cuando llegue el momento se har\u00e1n las coordinaciones para disminuir al m\u00e1ximo el impacto y las incomodidades que estos trabajos pudieran ocasionar a cada grupo familiar\u201d, manifest\u00f3.<\/p>\n<p style=\"text-align: justify;\">Por su parte la Coordinadora regional de Senama, Claudia Andaur, valor\u00f3 el desarrollo del proyecto y su positivo impacto en este grupo de familias, las que est\u00e1n siendo apoyados de forma permanente por el Servicio Nacional del Adulto Mayor. \u201cEs una excelente noticia que se ha podido materializar gracias al trabajo conjunto con la Seremi de Vivienda, ya que naturalmente con el uso las viviendas van sufriendo un deterioro y su mejoramiento va a repercutir directamente en la calidad de vida de los residentes del condominio. Yo quisiera destacar que los condominios de vivienda tutelada son parte del Sistema Nacional de Cuidados impulsado por el presidente Gabriel Boric. Entonces estas viviendas no solo son una soluci\u00f3n habitacional con caracter\u00edsticas apropiadas para las personas mayores, sino tambi\u00e9n tienen este componente de ser tuteladas, es decir, que reciben apoyo de Senama a trav\u00e9s de un programa permanente que promueve su autonom\u00eda, la convivencia, la pertenencia, la participaci\u00f3n comunitaria y el acceso a redes de apoyo\u201d, precis\u00f3.<\/p>\n<p style=\"text-align: justify;\">El proyecto de conservaci\u00f3n de las viviendas tuteladas incluye el reemplazo de las puertas de acceso de todas las casas y del edificio de servicios, adem\u00e1s pintura interior y exterior de todas las edificaciones, m\u00e1s obras de jardiner\u00eda y la plantaci\u00f3n de 30 \u00e1rboles nativos. Finalmente, a modo de prevenci\u00f3n, ante la llegada del invierno, se realizar\u00e1 tambi\u00e9n limpieza y reparaci\u00f3n de canaletas y bajadas de aguas lluvias de la totalidad de las edificaciones, incluyendo limpieza de alcantarillado.<\/p>\n<\/div><\/section><\/div><div  style='height:50px' class='hr hr-invisible   avia-builder-el-6  el_after_av_one_full  el_before_av_social_share '><span class='hr-inner ' ><span class='hr-inner-style'><\/span><\/span><\/div><\/p>\n<div  class='av-social-sharing-box  avia-builder-el-7  el_after_av_hr  el_before_av_hr  '><div class='av-share-box'><h5 class='av-share-link-description av-no-toc '>Compartir esta noticia<\/h5><ul class='av-share-box-list noLightbox'><li class='av-share-link av-social-link-facebook' ><a target=\"_blank\" aria-label=\"Compartir en Facebook\" href='https:\/\/www.facebook.com\/sharer.php?u=https:\/\/radiorevelacionfm.cl\/?p=52712&#038;t=Con%20Proyecto%20Minvu-Senama%20se%20realizar%C3%A1%20conservaci%C3%B3n%20de%2015%20viviendas%20tuteladas%20de%20Coyhaique' aria-hidden='false' data-av_icon='\ue8f3' data-av_iconfont='entypo-fontello' title='' data-avia-related-tooltip='Compartir en Facebook' rel=\"noopener\"><span class='avia_hidden_link_text'>Compartir en Facebook<\/span><\/a><\/li><li class='av-share-link av-social-link-twitter' ><a target=\"_blank\" aria-label=\"Compartir en Twitter\" href='https:\/\/twitter.com\/share?text=Con%20Proyecto%20Minvu-Senama%20se%20realizar%C3%A1%20conservaci%C3%B3n%20de%2015%20viviendas%20tuteladas%20de%20Coyhaique&#038;url=https:\/\/radiorevelacionfm.cl\/?p=52712' aria-hidden='false' data-av_icon='\ue8f1' data-av_iconfont='entypo-fontello' title='' data-avia-related-tooltip='Compartir en Twitter' rel=\"noopener\"><span class='avia_hidden_link_text'>Compartir en Twitter<\/span><\/a><\/li><li class='av-share-link av-social-link-whatsapp' ><a target=\"_blank\" aria-label=\"Compartir en Whatsapp\" href='https:\/\/api.whatsapp.com\/send?text=https:\/\/radiorevelacionfm.cl\/?p=52712' aria-hidden='false' data-av_icon='\uf232' data-av_iconfont='entypo-fontello' title='' data-avia-related-tooltip='Compartir en Whatsapp' rel=\"noopener\"><span class='avia_hidden_link_text'>Compartir en Whatsapp<\/span><\/a><\/li><li class='av-share-link av-social-link-linkedin' ><a target=\"_blank\" aria-label=\"Compartir en LinkedIn\" href='https:\/\/linkedin.com\/shareArticle?mini=true&#038;title=Con%20Proyecto%20Minvu-Senama%20se%20realizar%C3%A1%20conservaci%C3%B3n%20de%2015%20viviendas%20tuteladas%20de%20Coyhaique&#038;url=https:\/\/radiorevelacionfm.cl\/?p=52712' aria-hidden='false' data-av_icon='\ue8fc' data-av_iconfont='entypo-fontello' title='' data-avia-related-tooltip='Compartir en LinkedIn' rel=\"noopener\"><span class='avia_hidden_link_text'>Compartir en LinkedIn<\/span><\/a><\/li><li class='av-share-link av-social-link-mail' ><a  aria-label=\"Compartir por correo\" href='mailto:?subject=Con%20Proyecto%20Minvu-Senama%20se%20realizar%C3%A1%20conservaci%C3%B3n%20de%2015%20viviendas%20tuteladas%20de%20Coyhaique&#038;body=https:\/\/radiorevelacionfm.cl\/?p=52712' aria-hidden='false' data-av_icon='\ue805' data-av_iconfont='entypo-fontello' title='' data-avia-related-tooltip='Compartir por correo'><span class='avia_hidden_link_text'>Compartir por correo<\/span><\/a><\/li><\/ul><\/div><\/div>\n<div  style='height:50px' class='hr hr-invisible   avia-builder-el-8  el_after_av_social_share  el_before_av_comments_list '><span class='hr-inner ' ><span class='hr-inner-style'><\/span><\/span><\/div>\n<div  class='av-buildercomment  av-blog-meta-html-info-disabled av-blog-meta-tag-disabled  '><\/div>\n","protected":false},"excerpt":{"rendered":"","protected":false},"author":1,"featured_media":52713,"comment_status":"closed","ping_status":"closed","sticky":false,"template":"","format":"standard","meta":{"footnotes":""},"categories":[57],"tags":[],"class_list":["post-52712","post","type-post","status-publish","format-standard","has-post-thumbnail","hentry","category-vivienda"],"jetpack_featured_media_url":"https:\/\/radiorevelacionfm.cl\/wp-content\/uploads\/2025\/04\/seremi-de-vivienda-junto-a-directora-nacional-de-senama-en-visita-a-familias-de-viviendas-tuteladas-en-coyhaique-1_optimized-1.jpeg","_links":{"self":[{"href":"https:\/\/radiorevelacionfm.cl\/index.php?rest_route=\/wp\/v2\/posts\/52712","targetHints":{"allow":["GET"]}}],"collection":[{"href":"https:\/\/radiorevelacionfm.cl\/index.php?rest_route=\/wp\/v2\/posts"}],"about":[{"href":"https:\/\/radiorevelacionfm.cl\/index.php?rest_route=\/wp\/v2\/types\/post"}],"author":[{"embeddable":true,"href":"https:\/\/radiorevelacionfm.cl\/index.php?rest_route=\/wp\/v2\/users\/1"}],"replies":[{"embeddable":true,"href":"https:\/\/radiorevelacionfm.cl\/index.php?rest_route=%2Fwp%2Fv2%2Fcomments&post=52712"}],"version-history":[{"count":2,"href":"https:\/\/radiorevelacionfm.cl\/index.php?rest_route=\/wp\/v2\/posts\/52712\/revisions"}],"predecessor-version":[{"id":52719,"href":"https:\/\/radiorevelacionfm.cl\/index.php?rest_route=\/wp\/v2\/posts\/52712\/revisions\/52719"}],"wp:featuredmedia":[{"embeddable":true,"href":"https:\/\/radiorevelacionfm.cl\/index.php?rest_route=\/wp\/v2\/media\/52713"}],"wp:attachment":[{"href":"https:\/\/radiorevelacionfm.cl\/index.php?rest_route=%2Fwp%2Fv2%2Fmedia&parent=52712"}],"wp:term":[{"taxonomy":"category","embeddable":true,"href":"https:\/\/radiorevelacionfm.cl\/index.php?rest_route=%2Fwp%2Fv2%2Fcategories&post=52712"},{"taxonomy":"post_tag","embeddable":true,"href":"https:\/\/radiorevelacionfm.cl\/index.php?rest_route=%2Fwp%2Fv2%2Ftags&post=52712"}],"curies":[{"name":"wp","href":"https:\/\/api.w.org\/{rel}","templated":true}]}}