{"id":52709,"date":"2025-04-15T20:33:55","date_gmt":"2025-04-15T23:33:55","guid":{"rendered":"https:\/\/radiorevelacionfm.cl\/?p=52709"},"modified":"2025-04-15T20:39:39","modified_gmt":"2025-04-15T23:39:39","slug":"representantes-de-18-bibliotecas-de-la-region-se-reunen-en-coyhaique-para-proyectar-trabajo-2025","status":"publish","type":"post","link":"https:\/\/radiorevelacionfm.cl\/?p=52709","title":{"rendered":"Encargados de 18 bibliotecas de la regi\u00f3n se re\u00fanen en Coyhaique para proyectar trabajo 2025"},"content":{"rendered":"<div class=\"flex_column av_one_full  flex_column_div av-zero-column-padding first  avia-builder-el-0  el_before_av_one_full  avia-builder-el-first  \" style='border-radius:0px; '><div  class='avia-image-container  av-styling-    avia-builder-el-1  avia-builder-el-no-sibling  avia-align-center '  itemprop=\"image\" itemscope=\"itemscope\" itemtype=\"https:\/\/schema.org\/ImageObject\"  ><div class='avia-image-container-inner'><div class='avia-image-overlay-wrap'><img decoding=\"async\" class='wp-image-52710 avia-img-lazy-loading-not-52710 avia_image' src=\"https:\/\/radiorevelacionfm.cl\/wp-content\/uploads\/2025\/04\/encuentro-bibiotecas4-1_optimized-1.jpg\" alt='' title='encuentro-bibiotecas4-(1)_optimized (1)' height=\"600\" width=\"900\"  itemprop=\"thumbnailUrl\" srcset=\"https:\/\/radiorevelacionfm.cl\/wp-content\/uploads\/2025\/04\/encuentro-bibiotecas4-1_optimized-1.jpg 900w, https:\/\/radiorevelacionfm.cl\/wp-content\/uploads\/2025\/04\/encuentro-bibiotecas4-1_optimized-1-300x200.jpg 300w, https:\/\/radiorevelacionfm.cl\/wp-content\/uploads\/2025\/04\/encuentro-bibiotecas4-1_optimized-1-768x512.jpg 768w, https:\/\/radiorevelacionfm.cl\/wp-content\/uploads\/2025\/04\/encuentro-bibiotecas4-1_optimized-1-705x470.jpg 705w, https:\/\/radiorevelacionfm.cl\/wp-content\/uploads\/2025\/04\/encuentro-bibiotecas4-1_optimized-1-450x300.jpg 450w, https:\/\/radiorevelacionfm.cl\/wp-content\/uploads\/2025\/04\/encuentro-bibiotecas4-1_optimized-1-600x400.jpg 600w\" sizes=\"(max-width: 900px) 100vw, 900px\" \/><\/div><\/div><\/div><\/div>\n<div class=\"flex_column av_one_full  flex_column_div av-zero-column-padding first  avia-builder-el-2  el_after_av_one_full  el_before_av_one_full  column-top-margin\" style='border-radius:0px; '><section class=\"av_textblock_section \"  itemscope=\"itemscope\" itemtype=\"https:\/\/schema.org\/BlogPosting\" itemprop=\"blogPost\" ><div class='avia_textblock  '   itemprop=\"text\" ><p style=\"text-align: center;\"><strong><span style=\"font-size: 18pt;\">Encargados de 18 bibliotecas de la regi\u00f3n se re\u00fanen en Coyhaique para proyectar trabajo 2025<\/span><\/strong><\/p>\n<div id=\"gtx-trans\" style=\"position: absolute; left: -50px; top: 4.31534px;\">\n<div class=\"gtx-trans-icon\"><\/div>\n<\/div>\n<\/div><\/section><\/div><div class=\"flex_column av_one_full  flex_column_div av-zero-column-padding first  avia-builder-el-4  el_after_av_one_full  el_before_av_hr  column-top-margin\" style='border-radius:0px; '><section class=\"av_textblock_section \"  itemscope=\"itemscope\" itemtype=\"https:\/\/schema.org\/BlogPosting\" itemprop=\"blogPost\" ><div class='avia_textblock  '   itemprop=\"text\" ><p style=\"text-align: justify;\">Desde el litoral, las islas, nuestro campo profundo, el lago General Carrera hasta el final de la Carretera Austral, equipos de las bibliotecas p\u00fablicas de la regi\u00f3n de Ays\u00e9n se reunieron en Coyhaique para proyectar el trabajo de este 2025.<\/p>\n<p style=\"text-align: justify;\">La jornada cont\u00f3 con la participaci\u00f3n del seremi de Culturas Ays\u00e9n, Felipe Quiroz; la directora regional de Patrimonio, Claudia Cantero; y el coordinador regional de Bibliotecas P\u00fablicas, Jos\u00e9 Mansilla.<\/p>\n<p style=\"text-align: justify;\">Adem\u00e1s de recoger las inquietudes y problem\u00e1ticas propias de cada localidad, la instancia fue \u00fatil para compartir mecanismos de acci\u00f3n frente a las problem\u00e1ticas propias del sector. El trabajo abord\u00f3 la gesti\u00f3n de las colecciones bibliogr\u00e1ficas, el desempe\u00f1o del programa Red de Espacios Patrimoniales, anteriormente llamado Biblioredes, y la vinculaci\u00f3n, extensi\u00f3n y coordinaci\u00f3n territorial.<\/p>\n<p style=\"text-align: justify;\">La directora regional de Patrimonio Cultural, Claudia Cantero, dijo que \u201cest\u00e1n presente 18 bibliotecas de las 23 que hay en la regi\u00f3n, y la verdad es que la importancia de este encuentro es justamente trabajar y abordar tem\u00e1ticas relacionadas a las bibliotecas, pero tambi\u00e9n vincular a todos los territorios y encontrar miradas para mirar en com\u00fan y poder avanzar hacia una Red de Bibliotecas fuerte, fortalecida, y que pueda trabajar durante todo el a\u00f1o en diferentes tem\u00e1ticas ligadas al patrimonio\u201d.<\/p>\n<p style=\"text-align: justify;\">El seremi de Culturas Ays\u00e9n, Felipe Quiroz, dijo que \u201clas bibliotecas son un pilar de la infraestructura p\u00fablica, no solo como espacios de pr\u00e9stamo de libros, sino como centros abiertos a la comunidad. Encuentros como este fortalecen su labor, permitiendo que bibliotecarias y bibliotecarios compartan experiencias, reflexionen colectivamente y aborden desaf\u00edos comunes desde una perspectiva regional. Todo esto es posible gracias al aumento presupuestario impulsado por el Gobierno del presidente Boric, que permite proyectar con mayor fuerza las pol\u00edticas culturales en el territorio, como es el caso del Plan Nacional de la Lectura\u201d.<\/p>\n<p style=\"text-align: justify;\">Participaron los encargados de las bibliotecas de Balmaceda, Villa Ortega, Valle Simpson, \u00d1irehuao, Puerto Ays\u00e9n, Villa Ma\u00f1ihuales, Puerto Aguirre, Guaitecas, Tortel, Puerto Ib\u00e1\u00f1ez, R\u00edo Ib\u00e1\u00f1ez, Cochrane, Chile Chico, Villa O\u2019Higgins y Coyhaique.<\/p>\n<p style=\"text-align: justify;\">El encargado de la biblioteca de caleta Tortel, Alejandro Moreno, apunt\u00f3 que \u201ces muy significativo y representativo para las bibliotecas p\u00fablicas de la regi\u00f3n reunirse, porque eso nos permite reflexionar en conjuntos sobre lo que hacemos, proyectar el trabajo que viene y tomar decisiones con sentido territorial; estos encuentros fortalecen nuestra red y el impacto que tenemos en nuestras comunidades, as\u00ed que agradecido de estas instancias\u201d.<\/p>\n<\/div><\/section><\/div><\/p>\n<div  style='height:50px' class='hr hr-invisible   avia-builder-el-6  el_after_av_one_full  el_before_av_social_share '><span class='hr-inner ' ><span class='hr-inner-style'><\/span><\/span><\/div>\n<div  class='av-social-sharing-box  avia-builder-el-7  el_after_av_hr  el_before_av_hr  '><div class='av-share-box'><h5 class='av-share-link-description av-no-toc '>Compartir esta noticia<\/h5><ul class='av-share-box-list noLightbox'><li class='av-share-link av-social-link-facebook' ><a target=\"_blank\" aria-label=\"Compartir en Facebook\" href='https:\/\/www.facebook.com\/sharer.php?u=https:\/\/radiorevelacionfm.cl\/?p=52709&#038;t=Encargados%20de%2018%20bibliotecas%20de%20la%20regi%C3%B3n%20se%20re%C3%BAnen%20en%20Coyhaique%20para%20proyectar%20trabajo%202025' aria-hidden='false' data-av_icon='\ue8f3' data-av_iconfont='entypo-fontello' title='' data-avia-related-tooltip='Compartir en Facebook' rel=\"noopener\"><span class='avia_hidden_link_text'>Compartir en Facebook<\/span><\/a><\/li><li class='av-share-link av-social-link-twitter' ><a target=\"_blank\" aria-label=\"Compartir en Twitter\" href='https:\/\/twitter.com\/share?text=Encargados%20de%2018%20bibliotecas%20de%20la%20regi%C3%B3n%20se%20re%C3%BAnen%20en%20Coyhaique%20para%20proyectar%20trabajo%202025&#038;url=https:\/\/radiorevelacionfm.cl\/?p=52709' aria-hidden='false' data-av_icon='\ue8f1' data-av_iconfont='entypo-fontello' title='' data-avia-related-tooltip='Compartir en Twitter' rel=\"noopener\"><span class='avia_hidden_link_text'>Compartir en Twitter<\/span><\/a><\/li><li class='av-share-link av-social-link-whatsapp' ><a target=\"_blank\" aria-label=\"Compartir en Whatsapp\" href='https:\/\/api.whatsapp.com\/send?text=https:\/\/radiorevelacionfm.cl\/?p=52709' aria-hidden='false' data-av_icon='\uf232' data-av_iconfont='entypo-fontello' title='' data-avia-related-tooltip='Compartir en Whatsapp' rel=\"noopener\"><span class='avia_hidden_link_text'>Compartir en Whatsapp<\/span><\/a><\/li><li class='av-share-link av-social-link-linkedin' ><a target=\"_blank\" aria-label=\"Compartir en LinkedIn\" href='https:\/\/linkedin.com\/shareArticle?mini=true&#038;title=Encargados%20de%2018%20bibliotecas%20de%20la%20regi%C3%B3n%20se%20re%C3%BAnen%20en%20Coyhaique%20para%20proyectar%20trabajo%202025&#038;url=https:\/\/radiorevelacionfm.cl\/?p=52709' aria-hidden='false' data-av_icon='\ue8fc' data-av_iconfont='entypo-fontello' title='' data-avia-related-tooltip='Compartir en LinkedIn' rel=\"noopener\"><span class='avia_hidden_link_text'>Compartir en LinkedIn<\/span><\/a><\/li><li class='av-share-link av-social-link-mail' ><a  aria-label=\"Compartir por correo\" href='mailto:?subject=Encargados%20de%2018%20bibliotecas%20de%20la%20regi%C3%B3n%20se%20re%C3%BAnen%20en%20Coyhaique%20para%20proyectar%20trabajo%202025&#038;body=https:\/\/radiorevelacionfm.cl\/?p=52709' aria-hidden='false' data-av_icon='\ue805' data-av_iconfont='entypo-fontello' title='' data-avia-related-tooltip='Compartir por correo'><span class='avia_hidden_link_text'>Compartir por correo<\/span><\/a><\/li><\/ul><\/div><\/div>\n<div  style='height:50px' class='hr hr-invisible   avia-builder-el-8  el_after_av_social_share  el_before_av_comments_list '><span class='hr-inner ' ><span class='hr-inner-style'><\/span><\/span><\/div>\n<div  class='av-buildercomment  av-blog-meta-html-info-disabled av-blog-meta-tag-disabled  '><\/div>\n","protected":false},"excerpt":{"rendered":"","protected":false},"author":1,"featured_media":52710,"comment_status":"closed","ping_status":"closed","sticky":false,"template":"","format":"standard","meta":{"footnotes":""},"categories":[52],"tags":[],"class_list":["post-52709","post","type-post","status-publish","format-standard","has-post-thumbnail","hentry","category-cultura"],"jetpack_featured_media_url":"https:\/\/radiorevelacionfm.cl\/wp-content\/uploads\/2025\/04\/encuentro-bibiotecas4-1_optimized-1.jpg","_links":{"self":[{"href":"https:\/\/radiorevelacionfm.cl\/index.php?rest_route=\/wp\/v2\/posts\/52709","targetHints":{"allow":["GET"]}}],"collection":[{"href":"https:\/\/radiorevelacionfm.cl\/index.php?rest_route=\/wp\/v2\/posts"}],"about":[{"href":"https:\/\/radiorevelacionfm.cl\/index.php?rest_route=\/wp\/v2\/types\/post"}],"author":[{"embeddable":true,"href":"https:\/\/radiorevelacionfm.cl\/index.php?rest_route=\/wp\/v2\/users\/1"}],"replies":[{"embeddable":true,"href":"https:\/\/radiorevelacionfm.cl\/index.php?rest_route=%2Fwp%2Fv2%2Fcomments&post=52709"}],"version-history":[{"count":3,"href":"https:\/\/radiorevelacionfm.cl\/index.php?rest_route=\/wp\/v2\/posts\/52709\/revisions"}],"predecessor-version":[{"id":52738,"href":"https:\/\/radiorevelacionfm.cl\/index.php?rest_route=\/wp\/v2\/posts\/52709\/revisions\/52738"}],"wp:featuredmedia":[{"embeddable":true,"href":"https:\/\/radiorevelacionfm.cl\/index.php?rest_route=\/wp\/v2\/media\/52710"}],"wp:attachment":[{"href":"https:\/\/radiorevelacionfm.cl\/index.php?rest_route=%2Fwp%2Fv2%2Fmedia&parent=52709"}],"wp:term":[{"taxonomy":"category","embeddable":true,"href":"https:\/\/radiorevelacionfm.cl\/index.php?rest_route=%2Fwp%2Fv2%2Fcategories&post=52709"},{"taxonomy":"post_tag","embeddable":true,"href":"https:\/\/radiorevelacionfm.cl\/index.php?rest_route=%2Fwp%2Fv2%2Ftags&post=52709"}],"curies":[{"name":"wp","href":"https:\/\/api.w.org\/{rel}","templated":true}]}}