{"id":52706,"date":"2025-04-15T20:17:06","date_gmt":"2025-04-15T23:17:06","guid":{"rendered":"https:\/\/radiorevelacionfm.cl\/?p=52706"},"modified":"2025-04-15T20:17:06","modified_gmt":"2025-04-15T23:17:06","slug":"inacap-coyhaique-fortalece-alianzas-con-el-sector-productivo-regional-en-jornada-de-encuentro-con-la-cpc-y-gremios-locales","status":"publish","type":"post","link":"https:\/\/radiorevelacionfm.cl\/?p=52706","title":{"rendered":"Inacap Coyhaique fortalece alianzas con el sector productivo regional en jornada de encuentro con la CPC y gremios locales"},"content":{"rendered":"<div class=\"flex_column av_one_full  flex_column_div av-zero-column-padding first  avia-builder-el-0  el_before_av_one_full  avia-builder-el-first  \" style='border-radius:0px; '><div  class='avia-image-container  av-styling-    avia-builder-el-1  avia-builder-el-no-sibling  avia-align-center '  itemprop=\"image\" itemscope=\"itemscope\" itemtype=\"https:\/\/schema.org\/ImageObject\"  ><div class='avia-image-container-inner'><div class='avia-image-overlay-wrap'><img decoding=\"async\" class='wp-image-52707 avia-img-lazy-loading-not-52707 avia_image' src=\"https:\/\/radiorevelacionfm.cl\/wp-content\/uploads\/2025\/04\/PRESIDENTA-CPC-1-1.jpg\" alt='' title='PRESIDENTA CPC (1) (1)' height=\"600\" width=\"1067\"  itemprop=\"thumbnailUrl\" srcset=\"https:\/\/radiorevelacionfm.cl\/wp-content\/uploads\/2025\/04\/PRESIDENTA-CPC-1-1.jpg 1067w, https:\/\/radiorevelacionfm.cl\/wp-content\/uploads\/2025\/04\/PRESIDENTA-CPC-1-1-300x169.jpg 300w, https:\/\/radiorevelacionfm.cl\/wp-content\/uploads\/2025\/04\/PRESIDENTA-CPC-1-1-1030x579.jpg 1030w, https:\/\/radiorevelacionfm.cl\/wp-content\/uploads\/2025\/04\/PRESIDENTA-CPC-1-1-768x432.jpg 768w, https:\/\/radiorevelacionfm.cl\/wp-content\/uploads\/2025\/04\/PRESIDENTA-CPC-1-1-705x396.jpg 705w, https:\/\/radiorevelacionfm.cl\/wp-content\/uploads\/2025\/04\/PRESIDENTA-CPC-1-1-450x253.jpg 450w, https:\/\/radiorevelacionfm.cl\/wp-content\/uploads\/2025\/04\/PRESIDENTA-CPC-1-1-600x337.jpg 600w\" sizes=\"(max-width: 1067px) 100vw, 1067px\" \/><\/div><\/div><\/div><\/div><div class=\"flex_column av_one_full  flex_column_div av-zero-column-padding first  avia-builder-el-2  el_after_av_one_full  el_before_av_one_full  column-top-margin\" style='border-radius:0px; '><section class=\"av_textblock_section \"  itemscope=\"itemscope\" itemtype=\"https:\/\/schema.org\/BlogPosting\" itemprop=\"blogPost\" ><div class='avia_textblock  '   itemprop=\"text\" ><p style=\"text-align: center;\"><strong><span style=\"font-size: 18pt;\">Inacap Coyhaique fortalece alianzas con el sector productivo regional en jornada de encuentro con la CPC y gremios locales<\/span><\/strong><\/p>\n<div id=\"gtx-trans\" style=\"position: absolute; left: -50px; top: 4.31534px;\">\n<div class=\"gtx-trans-icon\"><\/div>\n<\/div>\n<\/div><\/section><\/div><div class=\"flex_column av_one_full  flex_column_div av-zero-column-padding first  avia-builder-el-4  el_after_av_one_full  el_before_av_hr  column-top-margin\" style='border-radius:0px; '><section class=\"av_textblock_section \"  itemscope=\"itemscope\" itemtype=\"https:\/\/schema.org\/BlogPosting\" itemprop=\"blogPost\" ><div class='avia_textblock  '   itemprop=\"text\" ><p style=\"text-align: justify;\">En una significativa jornada de vinculaci\u00f3n, INACAP Sede Coyhaique recibi\u00f3 este lunes a representantes de la Confederaci\u00f3n de la Producci\u00f3n y del Comercio (CPC) junto a diversos gremios regionales, en una instancia orientada a fortalecer los lazos entre el mundo acad\u00e9mico y el sector productivo.<\/p>\n<p style=\"text-align: justify;\">La actividad se enmarca en el permanente compromiso de INACAP con el desarrollo territorial, a trav\u00e9s de la construcci\u00f3n de alianzas estrat\u00e9gicas que promuevan la formaci\u00f3n de capital humano pertinente, con una mirada de futuro y sostenibilidad.<\/p>\n<p style=\"text-align: justify;\">Durante el encuentro, se abordaron diversas tem\u00e1ticas relacionadas con las oportunidades y desaf\u00edos de la regi\u00f3n de Ays\u00e9n, poniendo en valor la colaboraci\u00f3n interinstitucional como una herramienta clave para impulsar el crecimiento econ\u00f3mico y social del territorio.<\/p>\n<p style=\"text-align: justify;\">En este sentido nuestro Vicerrector de INACAP Sede Coyhaique, Patrice Van de Maele comento que \u00abEste encuentro representa un hito muy relevante para nuestra regi\u00f3n, al reunir en nuestra sede a todos los presidentes nacionales de los gremios que conforman la CPC. Para nosotros, como INACAP, instituci\u00f3n que est\u00e1 estrechamente vinculada al mundo de las empresas de servicios y el emprendimiento, esta instancia cobra especial valor, ya que se alinea con nuestro quehacer diario y con nuestra misi\u00f3n institucional. Estamos profundamente comprometidos con la productividad del territorio, y contamos con las herramientas internas y redes externas necesarias para avanzar hacia ese objetivo. Adem\u00e1s, creemos firmemente que la movilidad social de nuestros estudiantes debe ir de la mano con las necesidades del entorno, raz\u00f3n por la cual nuestra oferta acad\u00e9mica ha sido dise\u00f1ada de forma pertinente al contexto regional. Como resultado de este trabajo, hoy podemos afirmar con orgullo que el 97% de nuestros titulados se desempe\u00f1a profesionalmente dentro de la regi\u00f3n de Ays\u00e9n.\u00bb<\/p>\n<p style=\"text-align: justify;\">Desde INACAP destacaron que este tipo de encuentros son parte del sello institucional de vinculaci\u00f3n con el entorno, el cual busca generar instancias de di\u00e1logo y cooperaci\u00f3n efectiva con actores relevantes del sector p\u00fablico y privado.<\/p>\n<p style=\"text-align: justify;\">Agradecemos profundamente la participaci\u00f3n y el compromiso de quienes fueron parte de este significativo encuentro. Juntos, seguimos construyendo regi\u00f3n.<\/p>\n<\/div><\/section><\/div><div  style='height:50px' class='hr hr-invisible   avia-builder-el-6  el_after_av_one_full  el_before_av_social_share '><span class='hr-inner ' ><span class='hr-inner-style'><\/span><\/span><\/div><\/p>\n<div  class='av-social-sharing-box  avia-builder-el-7  el_after_av_hr  el_before_av_hr  '><div class='av-share-box'><h5 class='av-share-link-description av-no-toc '>Compartir esta noticia<\/h5><ul class='av-share-box-list noLightbox'><li class='av-share-link av-social-link-facebook' ><a target=\"_blank\" aria-label=\"Compartir en Facebook\" href='https:\/\/www.facebook.com\/sharer.php?u=https:\/\/radiorevelacionfm.cl\/?p=52706&#038;t=Inacap%20Coyhaique%20fortalece%20alianzas%20con%20el%20sector%20productivo%20regional%20en%20jornada%20de%20encuentro%20con%20la%20CPC%20y%20gremios%20locales' aria-hidden='false' data-av_icon='\ue8f3' data-av_iconfont='entypo-fontello' title='' data-avia-related-tooltip='Compartir en Facebook' rel=\"noopener\"><span class='avia_hidden_link_text'>Compartir en Facebook<\/span><\/a><\/li><li class='av-share-link av-social-link-twitter' ><a target=\"_blank\" aria-label=\"Compartir en Twitter\" href='https:\/\/twitter.com\/share?text=Inacap%20Coyhaique%20fortalece%20alianzas%20con%20el%20sector%20productivo%20regional%20en%20jornada%20de%20encuentro%20con%20la%20CPC%20y%20gremios%20locales&#038;url=https:\/\/radiorevelacionfm.cl\/?p=52706' aria-hidden='false' data-av_icon='\ue8f1' data-av_iconfont='entypo-fontello' title='' data-avia-related-tooltip='Compartir en Twitter' rel=\"noopener\"><span class='avia_hidden_link_text'>Compartir en Twitter<\/span><\/a><\/li><li class='av-share-link av-social-link-whatsapp' ><a target=\"_blank\" aria-label=\"Compartir en Whatsapp\" href='https:\/\/api.whatsapp.com\/send?text=https:\/\/radiorevelacionfm.cl\/?p=52706' aria-hidden='false' data-av_icon='\uf232' data-av_iconfont='entypo-fontello' title='' data-avia-related-tooltip='Compartir en Whatsapp' rel=\"noopener\"><span class='avia_hidden_link_text'>Compartir en Whatsapp<\/span><\/a><\/li><li class='av-share-link av-social-link-linkedin' ><a target=\"_blank\" aria-label=\"Compartir en LinkedIn\" href='https:\/\/linkedin.com\/shareArticle?mini=true&#038;title=Inacap%20Coyhaique%20fortalece%20alianzas%20con%20el%20sector%20productivo%20regional%20en%20jornada%20de%20encuentro%20con%20la%20CPC%20y%20gremios%20locales&#038;url=https:\/\/radiorevelacionfm.cl\/?p=52706' aria-hidden='false' data-av_icon='\ue8fc' data-av_iconfont='entypo-fontello' title='' data-avia-related-tooltip='Compartir en LinkedIn' rel=\"noopener\"><span class='avia_hidden_link_text'>Compartir en LinkedIn<\/span><\/a><\/li><li class='av-share-link av-social-link-mail' ><a  aria-label=\"Compartir por correo\" href='mailto:?subject=Inacap%20Coyhaique%20fortalece%20alianzas%20con%20el%20sector%20productivo%20regional%20en%20jornada%20de%20encuentro%20con%20la%20CPC%20y%20gremios%20locales&#038;body=https:\/\/radiorevelacionfm.cl\/?p=52706' aria-hidden='false' data-av_icon='\ue805' data-av_iconfont='entypo-fontello' title='' data-avia-related-tooltip='Compartir por correo'><span class='avia_hidden_link_text'>Compartir por correo<\/span><\/a><\/li><\/ul><\/div><\/div>\n<div  style='height:50px' class='hr hr-invisible   avia-builder-el-8  el_after_av_social_share  el_before_av_comments_list '><span class='hr-inner ' ><span class='hr-inner-style'><\/span><\/span><\/div>\n<div  class='av-buildercomment  av-blog-meta-html-info-disabled av-blog-meta-tag-disabled  '><\/div>\n","protected":false},"excerpt":{"rendered":"","protected":false},"author":1,"featured_media":52707,"comment_status":"closed","ping_status":"closed","sticky":false,"template":"","format":"standard","meta":{"footnotes":""},"categories":[49],"tags":[],"class_list":["post-52706","post","type-post","status-publish","format-standard","has-post-thumbnail","hentry","category-educacion"],"jetpack_featured_media_url":"https:\/\/radiorevelacionfm.cl\/wp-content\/uploads\/2025\/04\/PRESIDENTA-CPC-1-1.jpg","_links":{"self":[{"href":"https:\/\/radiorevelacionfm.cl\/index.php?rest_route=\/wp\/v2\/posts\/52706","targetHints":{"allow":["GET"]}}],"collection":[{"href":"https:\/\/radiorevelacionfm.cl\/index.php?rest_route=\/wp\/v2\/posts"}],"about":[{"href":"https:\/\/radiorevelacionfm.cl\/index.php?rest_route=\/wp\/v2\/types\/post"}],"author":[{"embeddable":true,"href":"https:\/\/radiorevelacionfm.cl\/index.php?rest_route=\/wp\/v2\/users\/1"}],"replies":[{"embeddable":true,"href":"https:\/\/radiorevelacionfm.cl\/index.php?rest_route=%2Fwp%2Fv2%2Fcomments&post=52706"}],"version-history":[{"count":2,"href":"https:\/\/radiorevelacionfm.cl\/index.php?rest_route=\/wp\/v2\/posts\/52706\/revisions"}],"predecessor-version":[{"id":52734,"href":"https:\/\/radiorevelacionfm.cl\/index.php?rest_route=\/wp\/v2\/posts\/52706\/revisions\/52734"}],"wp:featuredmedia":[{"embeddable":true,"href":"https:\/\/radiorevelacionfm.cl\/index.php?rest_route=\/wp\/v2\/media\/52707"}],"wp:attachment":[{"href":"https:\/\/radiorevelacionfm.cl\/index.php?rest_route=%2Fwp%2Fv2%2Fmedia&parent=52706"}],"wp:term":[{"taxonomy":"category","embeddable":true,"href":"https:\/\/radiorevelacionfm.cl\/index.php?rest_route=%2Fwp%2Fv2%2Fcategories&post=52706"},{"taxonomy":"post_tag","embeddable":true,"href":"https:\/\/radiorevelacionfm.cl\/index.php?rest_route=%2Fwp%2Fv2%2Ftags&post=52706"}],"curies":[{"name":"wp","href":"https:\/\/api.w.org\/{rel}","templated":true}]}}