{"id":52701,"date":"2025-04-15T16:40:08","date_gmt":"2025-04-15T19:40:08","guid":{"rendered":"https:\/\/radiorevelacionfm.cl\/?p=52701"},"modified":"2025-04-15T16:40:08","modified_gmt":"2025-04-15T19:40:08","slug":"inicia-convocatoria-2025-del-concurso-nacional-historias-de-nuestra-tierra-que-releva-la-cultura-rural","status":"publish","type":"post","link":"https:\/\/radiorevelacionfm.cl\/?p=52701","title":{"rendered":"Inicia convocatoria 2025 del concurso nacional Historias de Nuestra Tierra que releva la cultura rural"},"content":{"rendered":"<div class=\"flex_column av_one_full  flex_column_div av-zero-column-padding first  avia-builder-el-0  el_before_av_one_full  avia-builder-el-first  \" style='border-radius:0px; '><div  class='avia-image-container  av-styling-    avia-builder-el-1  avia-builder-el-no-sibling  avia-align-center '  itemprop=\"image\" itemscope=\"itemscope\" itemtype=\"https:\/\/schema.org\/ImageObject\"  ><div class='avia-image-container-inner'><div class='avia-image-overlay-wrap'><img decoding=\"async\" class='wp-image-52703 avia-img-lazy-loading-not-52703 avia_image' src=\"https:\/\/radiorevelacionfm.cl\/wp-content\/uploads\/2025\/04\/img_03_hnt_2025-1_optimized-1_optimized-1.jpg\" alt='' title='img_03_hnt_2025-(1)_optimized-(1)_optimized (1)' height=\"600\" width=\"1143\"  itemprop=\"thumbnailUrl\" srcset=\"https:\/\/radiorevelacionfm.cl\/wp-content\/uploads\/2025\/04\/img_03_hnt_2025-1_optimized-1_optimized-1.jpg 1143w, https:\/\/radiorevelacionfm.cl\/wp-content\/uploads\/2025\/04\/img_03_hnt_2025-1_optimized-1_optimized-1-300x157.jpg 300w, https:\/\/radiorevelacionfm.cl\/wp-content\/uploads\/2025\/04\/img_03_hnt_2025-1_optimized-1_optimized-1-1030x541.jpg 1030w, https:\/\/radiorevelacionfm.cl\/wp-content\/uploads\/2025\/04\/img_03_hnt_2025-1_optimized-1_optimized-1-768x403.jpg 768w, https:\/\/radiorevelacionfm.cl\/wp-content\/uploads\/2025\/04\/img_03_hnt_2025-1_optimized-1_optimized-1-705x370.jpg 705w, https:\/\/radiorevelacionfm.cl\/wp-content\/uploads\/2025\/04\/img_03_hnt_2025-1_optimized-1_optimized-1-450x236.jpg 450w, https:\/\/radiorevelacionfm.cl\/wp-content\/uploads\/2025\/04\/img_03_hnt_2025-1_optimized-1_optimized-1-600x315.jpg 600w\" sizes=\"(max-width: 1143px) 100vw, 1143px\" \/><\/div><\/div><\/div><\/div><div class=\"flex_column av_one_full  flex_column_div av-zero-column-padding first  avia-builder-el-2  el_after_av_one_full  el_before_av_one_full  column-top-margin\" style='border-radius:0px; '><section class=\"av_textblock_section \"  itemscope=\"itemscope\" itemtype=\"https:\/\/schema.org\/BlogPosting\" itemprop=\"blogPost\" ><div class='avia_textblock  '   itemprop=\"text\" ><p style=\"text-align: center;\"><span style=\"font-size: 18pt;\"><b>Inicia convocatoria 2025 del concurso nacional Historias de Nuestra Tierra que releva la cultura rural<\/b><\/span><\/p>\n<div id=\"gtx-trans\" style=\"position: absolute; left: -50px; top: 4.31534px;\">\n<div class=\"gtx-trans-icon\"><\/div>\n<\/div>\n<\/div><\/section><\/div><div class=\"flex_column av_one_full  flex_column_div av-zero-column-padding first  avia-builder-el-4  el_after_av_one_full  el_before_av_hr  column-top-margin\" style='border-radius:0px; '><section class=\"av_textblock_section \"  itemscope=\"itemscope\" itemtype=\"https:\/\/schema.org\/BlogPosting\" itemprop=\"blogPost\" ><div class='avia_textblock  '   itemprop=\"text\" ><ul>\n<li style=\"text-align: justify;\"><em>Entre las novedades de esta edici\u00f3n, destacan los premios especiales Cocina Tradicional y Gastronom\u00eda Chilena, junto con la ampliaci\u00f3n del premio a escuelas y docentes con mayor participaci\u00f3n de sus estudiantes. Ni\u00f1as, ni\u00f1os, j\u00f3venes y adultos pueden enviar sus cuentos, poemas y dibujos en\u00a0<a href=\"http:\/\/www.historiasdenuestratierra.cl\/\">www.historiasdenuestratierra.cl<\/a><\/em><\/li>\n<\/ul>\n<p style=\"text-align: justify;\">Relevar y difundir las tradiciones y costumbres, mitos y leyendas del mundo rural de Chile; motivar y fomentar la escritura y la lectura; y crear un registro de cuentos, poemas y material visual sobre la ruralidad de distintas zonas del pa\u00eds, son los objetivos del concurso Historias de Nuestra Tierra, tradicional certamen del Ministerio de Agricultura organizado por la Fundaci\u00f3n de Comunicaciones, Capacitaci\u00f3n y Cultura del Agro (FUCOA), que acaba de dar inicio a su convocatoria 2025.<\/p>\n<p style=\"text-align: justify;\">El seremi de Agricultura de la regi\u00f3n de Ays\u00e9n, Eugenio Ruiz Espinoza, destac\u00f3 la trayectoria de 33 a\u00f1os del concurso e invit\u00f3 a que \u00abni\u00f1as, ni\u00f1os, j\u00f3venes y adultos pueden participar hasta el 27 de junio en nuestro certamen Historias de Nuestra Tierra 2025, donde en la versi\u00f3n del a\u00f1o pasado 10 personas de nuestra regi\u00f3n obtuvieron grandes premios y distinciones. Aqu\u00ed entran las an\u00e9cdotas, las alegr\u00edas, los recuerdos, las metas, los sue\u00f1os, los mitos, el drama, las diversas realidades que vivimos en nuestro campo y todo el pa\u00eds puede llegar a conocer gracias a tus relatos, dibujos o poemas que env\u00edes desde la Patagonia\u00bb.<\/p>\n<p style=\"text-align: justify;\">El concurso Historias de Nuestra Tierra cuenta con un jurado conformado por reconocidas figuras del \u00e1mbito cultural, destacando en sus versiones anteriores a Sonia Montecino, Premio Nacional de Humanidades y Ciencias Sociales (2013); H\u00e9ctor Velis-Meza,\u00a0periodista y profesor de oratoria; Osvaldo C\u00e1diz, investigador del folclor y director acad\u00e9mico de la Academia Nacional de Cultura Tradicional Margot Loyola; y Josefina Hepp, Dra. en Ciencias de la Agricultura, investigadora y escritora, entre otros.<\/p>\n<p style=\"text-align: justify;\">Cada a\u00f1o, la Biblioteca Nacional recibe y conserva la totalidad de las obras del certamen en el Fondo FUCOA, dentro del Archivo de Literatura Oral y Tradiciones Populares, donde forman parte de un patrimonio invaluable de la cultura rural de nuestro pa\u00eds y son consultadas por investigadores, estudiantes y p\u00fablico general.<\/p>\n<p style=\"text-align: justify;\">El director ejecutivo de FUCOA, Claudio Urtubia, se\u00f1al\u00f3 que \u00abChile es territorio, es riqueza, es diversidad, es miles de rostros de hombres, mujeres, ancianas y ancianos, j\u00f3venes, ni\u00f1as y ni\u00f1os que est\u00e1n en cada rinc\u00f3n del pa\u00eds y que son depositarios de una larga tradici\u00f3n rural que viene de sus ancestros precisamente, personas mayores. Cada territorio tiene una historia que contar y son relatos que enriquecen la identidad cultural del pa\u00eds\u00bb.<\/p>\n<p style=\"text-align: justify;\">De esta forma, las autoridades extendieron la invitaci\u00f3n a todas y todos, sin distinci\u00f3n de edad y desde todo el pa\u00eds, a participar en las categor\u00edas de Cuento (todo p\u00fablico), Poema (todo p\u00fablico) y Dibujo (estudiantes de ense\u00f1anza b\u00e1sica y media), concursando por premios nacionales y regionales.<\/p>\n<p style=\"text-align: justify;\"><strong>Convocatoria 2025<\/strong><\/p>\n<p style=\"text-align: justify;\">Este a\u00f1o, entre los premios para menores y j\u00f3venes habr\u00e1\u00a0notebooks,\u00a0tablets\u00a0y sets de escritura, mientras que las y los adultos ganadores recibir\u00e1n hasta 500 mil pesos. A su vez, todos los ganadores ver\u00e1n publicada sus obras en el libro recopilatorio \u00abAntolog\u00eda\u00bb, que FUCOA edita y publica a\u00f1o a a\u00f1o.<\/p>\n<p style=\"text-align: justify;\">Entre las novedades de esta versi\u00f3n, destacan los nuevos premios especiales Cocina Tradicional y Gastronom\u00eda Chilena, que ser\u00e1 otorgado en todas las categor\u00edas del concurso y tiene como objetivo destacar el valor cultural de las preparaciones ancestrales y los platos t\u00edpicos de Chile, que reflejan la identidad y singularidad de las diversas zonas del pa\u00eds.<\/p>\n<p style=\"text-align: justify;\">Asimismo, para esta edici\u00f3n del certamen se ampli\u00f3 el Premio a la Participaci\u00f3n Educativa, para destacar a m\u00e1s escuelas y docentes de todo el pa\u00eds por la participaci\u00f3n de sus comunidades educacionales en la categor\u00eda de cuento, recibiendo notebooks o tablets como reconocimiento. Dichas distinciones se suman a los ya tradicionales premios especiales \u00abPueblos Originarios\u00bb, para el cuento que mejor represente a los pueblos originarios de Chile; y \u00abMujer Rural\u00bb, otorgado al cuento que releve el rol femenino en el mundo rural y campesino, entre otros.<\/p>\n<p style=\"text-align: justify;\">Las obras pueden ser enviadas hasta el 27 de junio de 2025 en\u00a0<a href=\"http:\/\/www.historiasdenuestratierra.cl\/\">www.historiasdenuestratierra.cl<\/a>, donde est\u00e1n disponibles las bases del concurso, resultados anteriores, galer\u00eda de personas ganadoras, material educativo y m\u00e1s informaci\u00f3n sobre el certamen.<\/p>\n<\/div><\/section><\/div><div  style='height:50px' class='hr hr-invisible   avia-builder-el-6  el_after_av_one_full  el_before_av_social_share '><span class='hr-inner ' ><span class='hr-inner-style'><\/span><\/span><\/div><\/p>\n<div  class='av-social-sharing-box  avia-builder-el-7  el_after_av_hr  el_before_av_hr  '><div class='av-share-box'><h5 class='av-share-link-description av-no-toc '>Compartir esta noticia<\/h5><ul class='av-share-box-list noLightbox'><li class='av-share-link av-social-link-facebook' ><a target=\"_blank\" aria-label=\"Compartir en Facebook\" href='https:\/\/www.facebook.com\/sharer.php?u=https:\/\/radiorevelacionfm.cl\/?p=52701&#038;t=Inicia%20convocatoria%202025%20del%20concurso%20nacional%20Historias%20de%20Nuestra%20Tierra%20que%20releva%20la%20cultura%20rural' aria-hidden='false' data-av_icon='\ue8f3' data-av_iconfont='entypo-fontello' title='' data-avia-related-tooltip='Compartir en Facebook' rel=\"noopener\"><span class='avia_hidden_link_text'>Compartir en Facebook<\/span><\/a><\/li><li class='av-share-link av-social-link-twitter' ><a target=\"_blank\" aria-label=\"Compartir en Twitter\" href='https:\/\/twitter.com\/share?text=Inicia%20convocatoria%202025%20del%20concurso%20nacional%20Historias%20de%20Nuestra%20Tierra%20que%20releva%20la%20cultura%20rural&#038;url=https:\/\/radiorevelacionfm.cl\/?p=52701' aria-hidden='false' data-av_icon='\ue8f1' data-av_iconfont='entypo-fontello' title='' data-avia-related-tooltip='Compartir en Twitter' rel=\"noopener\"><span class='avia_hidden_link_text'>Compartir en Twitter<\/span><\/a><\/li><li class='av-share-link av-social-link-whatsapp' ><a target=\"_blank\" aria-label=\"Compartir en Whatsapp\" href='https:\/\/api.whatsapp.com\/send?text=https:\/\/radiorevelacionfm.cl\/?p=52701' aria-hidden='false' data-av_icon='\uf232' data-av_iconfont='entypo-fontello' title='' data-avia-related-tooltip='Compartir en Whatsapp' rel=\"noopener\"><span class='avia_hidden_link_text'>Compartir en Whatsapp<\/span><\/a><\/li><li class='av-share-link av-social-link-linkedin' ><a target=\"_blank\" aria-label=\"Compartir en LinkedIn\" href='https:\/\/linkedin.com\/shareArticle?mini=true&#038;title=Inicia%20convocatoria%202025%20del%20concurso%20nacional%20Historias%20de%20Nuestra%20Tierra%20que%20releva%20la%20cultura%20rural&#038;url=https:\/\/radiorevelacionfm.cl\/?p=52701' aria-hidden='false' data-av_icon='\ue8fc' data-av_iconfont='entypo-fontello' title='' data-avia-related-tooltip='Compartir en LinkedIn' rel=\"noopener\"><span class='avia_hidden_link_text'>Compartir en LinkedIn<\/span><\/a><\/li><li class='av-share-link av-social-link-mail' ><a  aria-label=\"Compartir por correo\" href='mailto:?subject=Inicia%20convocatoria%202025%20del%20concurso%20nacional%20Historias%20de%20Nuestra%20Tierra%20que%20releva%20la%20cultura%20rural&#038;body=https:\/\/radiorevelacionfm.cl\/?p=52701' aria-hidden='false' data-av_icon='\ue805' data-av_iconfont='entypo-fontello' title='' data-avia-related-tooltip='Compartir por correo'><span class='avia_hidden_link_text'>Compartir por correo<\/span><\/a><\/li><\/ul><\/div><\/div>\n<div  style='height:50px' class='hr hr-invisible   avia-builder-el-8  el_after_av_social_share  el_before_av_comments_list '><span class='hr-inner ' ><span class='hr-inner-style'><\/span><\/span><\/div>\n<div  class='av-buildercomment  av-blog-meta-html-info-disabled av-blog-meta-tag-disabled  '><\/div>\n","protected":false},"excerpt":{"rendered":"","protected":false},"author":1,"featured_media":52703,"comment_status":"closed","ping_status":"closed","sticky":false,"template":"","format":"standard","meta":{"footnotes":""},"categories":[58],"tags":[],"class_list":["post-52701","post","type-post","status-publish","format-standard","has-post-thumbnail","hentry","category-agricultura"],"jetpack_featured_media_url":"https:\/\/radiorevelacionfm.cl\/wp-content\/uploads\/2025\/04\/img_03_hnt_2025-1_optimized-1_optimized-1.jpg","_links":{"self":[{"href":"https:\/\/radiorevelacionfm.cl\/index.php?rest_route=\/wp\/v2\/posts\/52701","targetHints":{"allow":["GET"]}}],"collection":[{"href":"https:\/\/radiorevelacionfm.cl\/index.php?rest_route=\/wp\/v2\/posts"}],"about":[{"href":"https:\/\/radiorevelacionfm.cl\/index.php?rest_route=\/wp\/v2\/types\/post"}],"author":[{"embeddable":true,"href":"https:\/\/radiorevelacionfm.cl\/index.php?rest_route=\/wp\/v2\/users\/1"}],"replies":[{"embeddable":true,"href":"https:\/\/radiorevelacionfm.cl\/index.php?rest_route=%2Fwp%2Fv2%2Fcomments&post=52701"}],"version-history":[{"count":2,"href":"https:\/\/radiorevelacionfm.cl\/index.php?rest_route=\/wp\/v2\/posts\/52701\/revisions"}],"predecessor-version":[{"id":52705,"href":"https:\/\/radiorevelacionfm.cl\/index.php?rest_route=\/wp\/v2\/posts\/52701\/revisions\/52705"}],"wp:featuredmedia":[{"embeddable":true,"href":"https:\/\/radiorevelacionfm.cl\/index.php?rest_route=\/wp\/v2\/media\/52703"}],"wp:attachment":[{"href":"https:\/\/radiorevelacionfm.cl\/index.php?rest_route=%2Fwp%2Fv2%2Fmedia&parent=52701"}],"wp:term":[{"taxonomy":"category","embeddable":true,"href":"https:\/\/radiorevelacionfm.cl\/index.php?rest_route=%2Fwp%2Fv2%2Fcategories&post=52701"},{"taxonomy":"post_tag","embeddable":true,"href":"https:\/\/radiorevelacionfm.cl\/index.php?rest_route=%2Fwp%2Fv2%2Ftags&post=52701"}],"curies":[{"name":"wp","href":"https:\/\/api.w.org\/{rel}","templated":true}]}}