{"id":5270,"date":"2021-06-15T11:31:31","date_gmt":"2021-06-15T14:31:31","guid":{"rendered":"https:\/\/radiorevelacionfm.cl\/?p=5270"},"modified":"2021-06-15T11:31:31","modified_gmt":"2021-06-15T14:31:31","slug":"liceo-manihuales-de-aysen-comienza-vinculacion-con-red-futuro-tecnico-norte-por-carreras-mineras","status":"publish","type":"post","link":"https:\/\/radiorevelacionfm.cl\/?p=5270","title":{"rendered":"Liceo Ma\u00f1ihuales de Ays\u00e9n comienza vinculaci\u00f3n con Red Futuro T\u00e9cnico Norte por carreras mineras"},"content":{"rendered":"<div class=\"flex_column av_one_full  flex_column_div av-zero-column-padding first  avia-builder-el-0  el_before_av_one_full  avia-builder-el-first  \" style='border-radius:0px; '><div  class='avia-image-container  av-styling-    avia-builder-el-1  avia-builder-el-no-sibling  avia-align-center '  itemprop=\"image\" itemscope=\"itemscope\" itemtype=\"https:\/\/schema.org\/ImageObject\"  ><div class='avia-image-container-inner'><div class='avia-image-overlay-wrap'><img decoding=\"async\" class='wp-image-0 avia-img-lazy-loading-not-0 avia_image' src=\"https:\/\/radiorevelacionfm.cl\/wp-content\/uploads\/2021\/06\/Encuentro-TP-1.jpg\" alt='' title=''   itemprop=\"thumbnailUrl\"  \/><\/div><\/div><\/div><\/div><div class=\"flex_column av_one_full  flex_column_div av-zero-column-padding first  avia-builder-el-2  el_after_av_one_full  el_before_av_one_full  column-top-margin\" style='border-radius:0px; '><section class=\"av_textblock_section \"  itemscope=\"itemscope\" itemtype=\"https:\/\/schema.org\/BlogPosting\" itemprop=\"blogPost\" ><div class='avia_textblock  '   itemprop=\"text\" ><p style=\"text-align: center;\"><strong><span style=\"font-size: 18pt;\">Liceo Ma\u00f1ihuales de Ays\u00e9n comienza vinculaci\u00f3n con Red Futuro T\u00e9cnico Norte por carreras mineras<\/span><\/strong><\/p>\n<div id=\"gtx-trans\" style=\"position: absolute; left: -50px; top: 4.31534px;\">\n<div class=\"gtx-trans-icon\"><\/div>\n<\/div>\n<\/div><\/section><\/div><div class=\"flex_column av_one_full  flex_column_div av-zero-column-padding first  avia-builder-el-4  el_after_av_one_full  el_before_av_hr  column-top-margin\" style='border-radius:0px; '><section class=\"av_textblock_section \"  itemscope=\"itemscope\" itemtype=\"https:\/\/schema.org\/BlogPosting\" itemprop=\"blogPost\" ><div class='avia_textblock  '   itemprop=\"text\" ><p class=\"v1MsoNormal\" style=\"text-align: justify;\">Una primera reuni\u00f3n de aproximaci\u00f3n tuvo el Liceo Ma\u00f1ihuales, de Ays\u00e9n, con la Red Futuro T\u00e9cnico de la macrozona norte del pa\u00eds, donde se concentran los liceos t\u00e9cnicos que imparten especialidades mineras. Esto, con el objetivo de compartir experiencias, buenas pr\u00e1cticas, y posibilidad de sinergias.<\/p>\n<p class=\"v1MsoNormal\" style=\"text-align: justify;\">El jefe de proyectos de la macrozona norte de la Red Futuro T\u00e9cnico, Jaime Arenas, explica que se trata de una posibilidad de colaboraci\u00f3n solicitada por ONG Canales, considerando que dentro de las especialidades que se imparten en Ays\u00e9n, la de Explotaci\u00f3n Minera es una particularidad.<\/p>\n<p class=\"v1MsoNormal\" style=\"text-align: justify;\">\u201cAc\u00e1 en el norte se concentran los liceos que ofrecen Extracci\u00f3n Minera, por lo que dentro de los procesos de mejora que busca el proyecto de Futuro T\u00e9cnico, abriendo redes con las empresas y con las instituciones relacionadas en la formaci\u00f3n t\u00e9cnica en miner\u00eda; es posible vincularnos con este Liceo en el extremo sur del pa\u00eds\u201d, coment\u00f3.\u00a0 \u201cTuvimos una primera reuni\u00f3n para ver las necesidades y analizar la oferta que tenemos de charlas, y de actividades formativas para ver a cu\u00e1l de ellas es pertinente incluirles; y, junto con eso, que conozcan buenas pr\u00e1cticas y hacer puente con algunos liceos\u201d.<\/p>\n<p class=\"v1MsoNormal\" style=\"text-align: justify;\">Por su parte, el Seremi de Educaci\u00f3n de Ays\u00e9n Sergio Becerra Mera destac\u00f3 que \u201cEl Liceo de Ma\u00f1ihuales est\u00e1 localizado en una zona donde tradicionalmente se desarrolla actividad minera, por lo que existen reales oportunidades de que los estudiantes puedan continuar estudios t\u00e9cnicos superiores en esa \u00e1rea\u00a0 y desarrollarse profesionalmente en el territorio\u201d.<\/p>\n<p class=\"v1MsoNormal\" style=\"text-align: justify;\">Bernardita Lazo, directora regional de ONG Canales Ays\u00e9n agrega que una de las primeras acciones comprometidas es la creaci\u00f3n de un Consejo Asesor Empresarial. \u201cLa idea es vincularnos con empresas y parte de la red que tienen en el norte y, localmente, trabajaremos en conformar el Consejo Asesor Empresarial en Ays\u00e9n y ver posibles acciones de alternancias de los estudiantes con la zona norte. Lo m\u00e1s destacable de este trabajo es la posibilidad de crear redes con las otras redes\u201d,\u00a0dijo.<\/p>\n<p class=\"v1MsoNormal\" style=\"text-align: justify;\">El Coordinador TP del Liceo Ma\u00f1ihuales, Rodrigo Palma plantea su inter\u00e9s en revisar experiencias exitosas en alternancia y gesti\u00f3n de cursos, como el caso del ofrecido por Sernageomin, sobre Monitoreo en Seguridad Minera.\u00a0\u201cPodr\u00edamos pensar en crear un sello de competencias mineras. El nivel b\u00e1sico de conocimiento que un estudiante necesita para ingresar a una mina es dif\u00edcil de evaluar, sobretodo en este contexto de pandemia\u201d,\u00a0explic\u00f3, y agreg\u00f3 que \u201cen el contexto que tenemos, se trabajar\u00e1 de manera remota, pero esto no quita que en el futuro se pueda extender alguna actividad de intercambio. En una oportunidad para relacionar estos liceos\u201d.<\/p>\n<\/div><\/section><\/div><div  style='height:50px' class='hr hr-invisible   avia-builder-el-6  el_after_av_one_full  el_before_av_social_share '><span class='hr-inner ' ><span class='hr-inner-style'><\/span><\/span><\/div><\/p>\n<div  class='av-social-sharing-box  avia-builder-el-7  el_after_av_hr  el_before_av_hr  '><div class='av-share-box'><h5 class='av-share-link-description av-no-toc '>Compartir esta noticia<\/h5><ul class='av-share-box-list noLightbox'><li class='av-share-link av-social-link-facebook' ><a target=\"_blank\" aria-label=\"Compartir en Facebook\" href='https:\/\/www.facebook.com\/sharer.php?u=https:\/\/radiorevelacionfm.cl\/?p=5270&#038;t=Liceo%20Ma%C3%B1ihuales%20de%20Ays%C3%A9n%20comienza%20vinculaci%C3%B3n%20con%20Red%20Futuro%20T%C3%A9cnico%20Norte%20por%20carreras%20mineras' aria-hidden='false' data-av_icon='\ue8f3' data-av_iconfont='entypo-fontello' title='' data-avia-related-tooltip='Compartir en Facebook' rel=\"noopener\"><span class='avia_hidden_link_text'>Compartir en Facebook<\/span><\/a><\/li><li class='av-share-link av-social-link-twitter' ><a target=\"_blank\" aria-label=\"Compartir en Twitter\" href='https:\/\/twitter.com\/share?text=Liceo%20Ma%C3%B1ihuales%20de%20Ays%C3%A9n%20comienza%20vinculaci%C3%B3n%20con%20Red%20Futuro%20T%C3%A9cnico%20Norte%20por%20carreras%20mineras&#038;url=https:\/\/radiorevelacionfm.cl\/?p=5270' aria-hidden='false' data-av_icon='\ue8f1' data-av_iconfont='entypo-fontello' title='' data-avia-related-tooltip='Compartir en Twitter' rel=\"noopener\"><span class='avia_hidden_link_text'>Compartir en Twitter<\/span><\/a><\/li><li class='av-share-link av-social-link-whatsapp' ><a target=\"_blank\" aria-label=\"Compartir en Whatsapp\" href='https:\/\/api.whatsapp.com\/send?text=https:\/\/radiorevelacionfm.cl\/?p=5270' aria-hidden='false' data-av_icon='\uf232' data-av_iconfont='entypo-fontello' title='' data-avia-related-tooltip='Compartir en Whatsapp' rel=\"noopener\"><span class='avia_hidden_link_text'>Compartir en Whatsapp<\/span><\/a><\/li><li class='av-share-link av-social-link-linkedin' ><a target=\"_blank\" aria-label=\"Compartir en LinkedIn\" href='https:\/\/linkedin.com\/shareArticle?mini=true&#038;title=Liceo%20Ma%C3%B1ihuales%20de%20Ays%C3%A9n%20comienza%20vinculaci%C3%B3n%20con%20Red%20Futuro%20T%C3%A9cnico%20Norte%20por%20carreras%20mineras&#038;url=https:\/\/radiorevelacionfm.cl\/?p=5270' aria-hidden='false' data-av_icon='\ue8fc' data-av_iconfont='entypo-fontello' title='' data-avia-related-tooltip='Compartir en LinkedIn' rel=\"noopener\"><span class='avia_hidden_link_text'>Compartir en LinkedIn<\/span><\/a><\/li><li class='av-share-link av-social-link-mail' ><a  aria-label=\"Compartir por correo\" href='mailto:?subject=Liceo%20Ma%C3%B1ihuales%20de%20Ays%C3%A9n%20comienza%20vinculaci%C3%B3n%20con%20Red%20Futuro%20T%C3%A9cnico%20Norte%20por%20carreras%20mineras&#038;body=https:\/\/radiorevelacionfm.cl\/?p=5270' aria-hidden='false' data-av_icon='\ue805' data-av_iconfont='entypo-fontello' title='' data-avia-related-tooltip='Compartir por correo'><span class='avia_hidden_link_text'>Compartir por correo<\/span><\/a><\/li><\/ul><\/div><\/div>\n<div  style='height:50px' class='hr hr-invisible   avia-builder-el-8  el_after_av_social_share  el_before_av_comments_list '><span class='hr-inner ' ><span class='hr-inner-style'><\/span><\/span><\/div>\n<div  class='av-buildercomment  av-blog-meta-html-info-disabled av-blog-meta-tag-disabled  '><\/div>\n","protected":false},"excerpt":{"rendered":"","protected":false},"author":1,"featured_media":0,"comment_status":"open","ping_status":"open","sticky":false,"template":"","format":"standard","meta":{"footnotes":""},"categories":[49],"tags":[],"class_list":["post-5270","post","type-post","status-publish","format-standard","hentry","category-educacion"],"jetpack_featured_media_url":"","_links":{"self":[{"href":"https:\/\/radiorevelacionfm.cl\/index.php?rest_route=\/wp\/v2\/posts\/5270","targetHints":{"allow":["GET"]}}],"collection":[{"href":"https:\/\/radiorevelacionfm.cl\/index.php?rest_route=\/wp\/v2\/posts"}],"about":[{"href":"https:\/\/radiorevelacionfm.cl\/index.php?rest_route=\/wp\/v2\/types\/post"}],"author":[{"embeddable":true,"href":"https:\/\/radiorevelacionfm.cl\/index.php?rest_route=\/wp\/v2\/users\/1"}],"replies":[{"embeddable":true,"href":"https:\/\/radiorevelacionfm.cl\/index.php?rest_route=%2Fwp%2Fv2%2Fcomments&post=5270"}],"version-history":[{"count":1,"href":"https:\/\/radiorevelacionfm.cl\/index.php?rest_route=\/wp\/v2\/posts\/5270\/revisions"}],"predecessor-version":[{"id":5272,"href":"https:\/\/radiorevelacionfm.cl\/index.php?rest_route=\/wp\/v2\/posts\/5270\/revisions\/5272"}],"wp:attachment":[{"href":"https:\/\/radiorevelacionfm.cl\/index.php?rest_route=%2Fwp%2Fv2%2Fmedia&parent=5270"}],"wp:term":[{"taxonomy":"category","embeddable":true,"href":"https:\/\/radiorevelacionfm.cl\/index.php?rest_route=%2Fwp%2Fv2%2Fcategories&post=5270"},{"taxonomy":"post_tag","embeddable":true,"href":"https:\/\/radiorevelacionfm.cl\/index.php?rest_route=%2Fwp%2Fv2%2Ftags&post=5270"}],"curies":[{"name":"wp","href":"https:\/\/api.w.org\/{rel}","templated":true}]}}