{"id":52697,"date":"2025-04-16T10:18:41","date_gmt":"2025-04-16T13:18:41","guid":{"rendered":"https:\/\/radiorevelacionfm.cl\/?p=52697"},"modified":"2025-04-16T10:18:41","modified_gmt":"2025-04-16T13:18:41","slug":"cpc-encabeza-primer-encuentro-de-gremios-empresariales-en-la-region-de-aysen","status":"publish","type":"post","link":"https:\/\/radiorevelacionfm.cl\/?p=52697","title":{"rendered":"CPC encabeza primer encuentro de gremios empresariales en la regi\u00f3n de Ays\u00e9n"},"content":{"rendered":"<div class=\"flex_column av_one_full  flex_column_div av-zero-column-padding first  avia-builder-el-0  el_before_av_one_full  avia-builder-el-first  \" style='border-radius:0px; '><div  class='avia-image-container  av-styling-    avia-builder-el-1  avia-builder-el-no-sibling  avia-align-center '  itemprop=\"image\" itemscope=\"itemscope\" itemtype=\"https:\/\/schema.org\/ImageObject\"  ><div class='avia-image-container-inner'><div class='avia-image-overlay-wrap'><img decoding=\"async\" class='wp-image-52698 avia-img-lazy-loading-not-52698 avia_image' src=\"https:\/\/radiorevelacionfm.cl\/wp-content\/uploads\/2025\/04\/WhatsApp-Image-2025-04-15-at-11.52.00-1-1.jpeg\" alt='' title='WhatsApp Image 2025-04-15 at 11.52.00 (1) (1)' height=\"600\" width=\"950\"  itemprop=\"thumbnailUrl\" srcset=\"https:\/\/radiorevelacionfm.cl\/wp-content\/uploads\/2025\/04\/WhatsApp-Image-2025-04-15-at-11.52.00-1-1.jpeg 950w, https:\/\/radiorevelacionfm.cl\/wp-content\/uploads\/2025\/04\/WhatsApp-Image-2025-04-15-at-11.52.00-1-1-300x189.jpeg 300w, https:\/\/radiorevelacionfm.cl\/wp-content\/uploads\/2025\/04\/WhatsApp-Image-2025-04-15-at-11.52.00-1-1-768x485.jpeg 768w, https:\/\/radiorevelacionfm.cl\/wp-content\/uploads\/2025\/04\/WhatsApp-Image-2025-04-15-at-11.52.00-1-1-705x445.jpeg 705w, https:\/\/radiorevelacionfm.cl\/wp-content\/uploads\/2025\/04\/WhatsApp-Image-2025-04-15-at-11.52.00-1-1-450x284.jpeg 450w, https:\/\/radiorevelacionfm.cl\/wp-content\/uploads\/2025\/04\/WhatsApp-Image-2025-04-15-at-11.52.00-1-1-600x379.jpeg 600w\" sizes=\"(max-width: 950px) 100vw, 950px\" \/><\/div><\/div><\/div><\/div><div class=\"flex_column av_one_full  flex_column_div av-zero-column-padding first  avia-builder-el-2  el_after_av_one_full  el_before_av_one_full  column-top-margin\" style='border-radius:0px; '><section class=\"av_textblock_section \"  itemscope=\"itemscope\" itemtype=\"https:\/\/schema.org\/BlogPosting\" itemprop=\"blogPost\" ><div class='avia_textblock  '   itemprop=\"text\" ><p style=\"text-align: center;\"><strong><span style=\"font-size: 18pt;\">CPC encabeza primer encuentro de gremios empresariales en la regi\u00f3n de Ays\u00e9n<\/span><\/strong><\/p>\n<div id=\"gtx-trans\" style=\"position: absolute; left: -50px; top: 4.31534px;\">\n<div class=\"gtx-trans-icon\"><\/div>\n<\/div>\n<\/div><\/section><\/div><\/p>\n<div class=\"flex_column av_one_full  flex_column_div av-zero-column-padding first  avia-builder-el-4  el_after_av_one_full  el_before_av_hr  column-top-margin\" style='border-radius:0px; '><section class=\"av_textblock_section \"  itemscope=\"itemscope\" itemtype=\"https:\/\/schema.org\/BlogPosting\" itemprop=\"blogPost\" ><div class='avia_textblock  '   itemprop=\"text\" ><ul>\n<li style=\"text-align: justify;\"><em>Impulsar las inversiones privadas en la regi\u00f3n, promoviendo un entorno de certezas e infraestructura habilitante, es el principal desaf\u00edo levantado por el mundo empresarial de Ays\u00e9n, que se reuni\u00f3 en la sede de INACAP con los gremios de la CPC, para trabajar colaborativamente en acciones que permitan avanzar en estos y otros objetivos.<\/em><\/li>\n<li style=\"text-align: justify;\"><em>En el marco de la visita a la regi\u00f3n, la CPC lanz\u00f3 tambi\u00e9n la iniciativa de Empresas por Chile \u201cChile por la Salud Preventiva\u201d, en la Cervecer\u00eda D\u2019Olbek, junto al CESFAM de Coyhaique.<\/em><\/li>\n<\/ul>\n<p style=\"text-align: justify;\">M\u00e1s de 70 empresarias, empresarios y l\u00edderes gremiales de la regi\u00f3n de Ays\u00e9n protagonizaron una in\u00e9dita jornada de trabajo en la sede de INACAP Coyhaique. Se trata del primer encuentro de Gremios por Chile Ays\u00e9n. La instancia fue convocada por la Confederaci\u00f3n de la Producci\u00f3n y del Comercio (CPC) y sus 6 ramas (Sociedad Nacional de Agricultura, C\u00e1mara Nacional de Comercio, Sociedad Nacional de Miner\u00eda, Sociedad de Fomento Fabril, C\u00e1mara Chilena de la Construcci\u00f3n y Asociaci\u00f3n de Bancos), cuyos dirigentes llegaron hasta Coyhaique para reunirse con sus pares de los gremios empresariales m\u00e1s importantes de la regi\u00f3n: C\u00e1mara de Comercio, Servicios, Industrias y Turismo de Coyhaique, C\u00e1mara Chilena de la Construcci\u00f3n de Coyhaique, C\u00e1mara de Turismo Coyhaique, Organizaci\u00f3n Ganadera Agr\u00edcola Austral (OGANA), Consejo del Salm\u00f3n, SalmonChile, Instituto de Desarrollo Empresarial y del Emprendimiento de la regi\u00f3n de Ays\u00e9n (IDEAYS\u00c9N), entre otros.<\/p>\n<p style=\"text-align: justify;\">El encuentro se inici\u00f3 con una presentaci\u00f3n de la presidenta de la CPC, Susana Jim\u00e9nez, quien se refiri\u00f3 a los principales desaf\u00edos que enfrenta Chile en la actual coyuntura, enfatizando la necesidad imperiosa de que el pa\u00eds recupere las altas tasas de crecimiento que tuvimos en el pasado: \u201cChile necesita con urgencia volver a crecer y recuperar las arcas fiscales. No hay dos lecturas en este tema, solo podemos enfrentar el futuro de la mano del crecimiento\u201d. Se\u00f1al\u00f3 tambi\u00e9n que &#8211; como a\u00f1o electoral- estamos en un momento crucial para replantearnos el camino y para reencausarlo. \u201cEl contexto amerita un esfuerzo colectivo para trabajar sobre las condiciones habilitantes que permitan retomar la senda, algo extraviada, hacia el desarrollo. Esto no es de un sector, una empresa, un ministerio o de un gobierno en particular. Es un esfuerzo colectivo de todos\u201d. Finalmente destac\u00f3 el aporte que realiza el sector privado tanto al desarrollo econ\u00f3mico como social del pa\u00eds: \u201cAl mundo empresarial nos importa Chile y tenemos el firme compromiso de contribuir a hacer de nuestro pa\u00eds un lugar mejor para vivir, para estudiar, para trabajar, para emprender y para formar familia\u201d.<\/p>\n<p style=\"text-align: justify;\">Luego se realiz\u00f3 un interesante conversatorio moderado por el vicepresidente de la CPC, Daniel Mas, en el que participaron los l\u00edderes de los gremios locales: Daissy Mondelo, presidenta de la C\u00e1mara de Comercio Servicios, Industrias y Turismo de Coyhaique; Pablo Mata, presidente de OGANA; Pablo Carrasco, presidente de la CCHC de Coyhaique; Leonardo Mor\u00e1n, presidente de IDEA; y Hern\u00e1n Rebolledo, presidente de CorpAys\u00e9n.<\/p>\n<p style=\"text-align: justify;\">El vicepresidente de la CPC, Daniel Mas, asegur\u00f3 que \u201cdesde la CPC estamos convencidos del valor que generamos desde los territorios. De hecho, un 54% del PIB proviene de regiones, especialmente en industrias como la miner\u00eda, pesca, agropecuaria\u2013silv\u00edcola, construcci\u00f3n y comercio\u201d.<\/p>\n<p style=\"text-align: justify;\">Los dirigentes de la regi\u00f3n de Ays\u00e9n coincidieron en la importancia de reunirse en instancias de articulaci\u00f3n empresarial como Gremios por Chile, que les permite a los gremios y empresas locales trabajar coordinadamente en la b\u00fasqueda de soluciones a los problemas que est\u00e1n dificultando el progreso. Durante las presentaciones de los panelistas, en las exposiciones en las mesas de trabajo y en las conversaciones que protagonizaron los participantes del encuentro, el principal tema fue la necesidad de retomar el crecimiento regional, a trav\u00e9s del incentivo a las inversiones privadas. Los desaf\u00edos prioritarios levantados fueron mejorar la infraestructura y conectividad terrestre; reducir el alto costo de la energ\u00eda; ofrecer mayor certeza para invertir, atraer capital humano y avanzar hacia una mejor oferta de servicios para las personas en temas cr\u00edticos como la salud.<\/p>\n<p style=\"text-align: justify;\">Como cierre del encuentro, la CPC entreg\u00f3 un reconocimiento a dos empresas de Ays\u00e9n que destacan por su liderazgo en innovaci\u00f3n, aportando as\u00ed al desarrollo de la regi\u00f3n. Se trata de Ays\u00e9n Recircular y Cervecer\u00eda D\u2019Olbek.<\/p>\n<p style=\"text-align: justify;\"><strong>Otras actividades de la CPC en Coyhaique<\/strong><\/p>\n<p style=\"text-align: justify;\">Durante el lunes 14, previo al encuentro empresarial y como parte de la agenda de acercamiento con las regiones que lleva a cabo la instituci\u00f3n, los l\u00edderes de la CPC y sus ramas realizar\u00e1n una visita a la Cervecer\u00eda D\u2019Olbek, d\u00eda en que tambi\u00e9n tuvo lugar una sesi\u00f3n del Comit\u00e9 Ejecutivo de la CPC en Coyhaique, y un c\u00f3ctel de camarader\u00eda con los l\u00edderes gremiales, empresarios y las principales autoridades pol\u00edticas de la regi\u00f3n.<\/p>\n<p style=\"text-align: justify;\">La visita de la CPC a Coyhaique fue tambi\u00e9n la oportunidad para lanzar en la regi\u00f3n el primer operativo del Programa Chile por la Salud Preventiva. Esta es una iniciativa que forma parte de Empresas por Chile, donde miles de empresas y empresarios se unen para colaborar en la soluci\u00f3n de los principales dolores de los chilenos.<\/p>\n<p style=\"text-align: justify;\">\u201cEs una gran alegr\u00eda lanzar el programa desde una empresa local como la Cervecer\u00eda D\u2019Olbek. Porque la salud comienza en el d\u00eda a d\u00eda, en los espacios donde trabajamos, compartimos y construimos comunidad, dijo la presidenta de la CPC, Susana Jim\u00e9nez. En este primer operativo del programa, los primeros ocho trabajadores de la cervecera se realizaron los ex\u00e1menes preventivos, los cuales seguir\u00e1n tom\u00e1ndose los pr\u00f3ximos d\u00edas.<\/p>\n<p style=\"text-align: justify;\">Este programa nace desde una convicci\u00f3n compartida: la prevenci\u00f3n es una herramienta poderosa. Hoy en Chile, las enfermedades cr\u00f3nicas son responsables de cerca del 74% de las muertes. Y, sin embargo, solo un 13% de la poblaci\u00f3n accede a un examen preventivo. Por ello, desde Empresas por Chile, en alianza con el Ministerio de Salud y Desaf\u00edo Levantemos Chile, se cre\u00f3 un modelo de trabajo por el cual se llevan los ex\u00e1menes preventivos directamente a los lugares de trabajo, en colaboraci\u00f3n con los CESFAM locales. Porque cuando facilitamos el acceso, las personas participan, se cuidan y pueden detectar a tiempo riesgos para su salud.<\/p>\n<p style=\"text-align: justify;\"><strong>Gremios por Chile 2025<\/strong><\/p>\n<p style=\"text-align: justify;\">Gremios por Chile es una iniciativa de la CPC liderada por su vicepresidente, Daniel Mas, que consiste en una red de trabajo colaborativa regional, donde se suman las voluntades de todos los gremios regionales, visibilizando su quehacer y articul\u00e1ndose en materias transversales. \u201cDesde la CPC, llevamos la fuerza de nuestras ramas a cada rinc\u00f3n del pa\u00eds y potenciamos la capacidad de incidencia de las asociaciones que son parte de esta red\u201d, explic\u00f3 Daniel Mas, quien asegur\u00f3 que \u201cluego de dos a\u00f1os de actividad, Gremios por Chile se ha consolidado como una forma de trabajo entre organizaciones empresariales de todo el pa\u00eds, donde la base es escuchar, colaborar y construir juntos.\u201d<\/p>\n<p style=\"text-align: justify;\">Este a\u00f1o 2025, Gremios por Chile focalizar\u00e1 su trabajo en cuatro ejes principales: amplificaci\u00f3n de la voz gremial de la regi\u00f3n; fortalecimiento de la vinculaci\u00f3n con gremios regionales y nacionales para potenciar la capacidad de incidencia; acceso a informaci\u00f3n clave para robustecer la labor gremial; impulso a la participaci\u00f3n de las regiones en iniciativas concretas de la CPC y sus ramas.<\/p>\n<p style=\"text-align: justify;\">El lanzamiento de Gremios por Chile tuvo lugar en la ciudad de Antofagasta, en abril de 2023. Luego se visitaron las regiones de Los Lagos, La Araucan\u00eda, Magallanes, Valpara\u00edso, Biob\u00edo, Atacama, O\u00b4Higgins, Tarapac\u00e1 y Coquimbo, concluyendo el a\u00f1o 2024 con un masivo encuentro en la Regi\u00f3n Metropolitana. En total, m\u00e1s de 700 empresarios y 130 gremios empresariales han participado en los encuentros realizados durante 2023 y 2024 en 10 regiones de Chile. En los pr\u00f3ximos meses se continuar\u00e1n desarrollando nuevos encuentros a lo largo del pa\u00eds.<\/p>\n<\/div><\/section><\/div>\n<div  style='height:50px' class='hr hr-invisible   avia-builder-el-6  el_after_av_one_full  el_before_av_social_share '><span class='hr-inner ' ><span class='hr-inner-style'><\/span><\/span><\/div>\n<div  class='av-social-sharing-box  avia-builder-el-7  el_after_av_hr  el_before_av_hr  '><div class='av-share-box'><h5 class='av-share-link-description av-no-toc '>Compartir esta noticia<\/h5><ul class='av-share-box-list noLightbox'><li class='av-share-link av-social-link-facebook' ><a target=\"_blank\" aria-label=\"Compartir en Facebook\" href='https:\/\/www.facebook.com\/sharer.php?u=https:\/\/radiorevelacionfm.cl\/?p=52697&#038;t=CPC%20encabeza%20primer%20encuentro%20de%20gremios%20empresariales%20en%20la%20regi%C3%B3n%20de%20Ays%C3%A9n' aria-hidden='false' data-av_icon='\ue8f3' data-av_iconfont='entypo-fontello' title='' data-avia-related-tooltip='Compartir en Facebook' rel=\"noopener\"><span class='avia_hidden_link_text'>Compartir en Facebook<\/span><\/a><\/li><li class='av-share-link av-social-link-twitter' ><a target=\"_blank\" aria-label=\"Compartir en Twitter\" href='https:\/\/twitter.com\/share?text=CPC%20encabeza%20primer%20encuentro%20de%20gremios%20empresariales%20en%20la%20regi%C3%B3n%20de%20Ays%C3%A9n&#038;url=https:\/\/radiorevelacionfm.cl\/?p=52697' aria-hidden='false' data-av_icon='\ue8f1' data-av_iconfont='entypo-fontello' title='' data-avia-related-tooltip='Compartir en Twitter' rel=\"noopener\"><span class='avia_hidden_link_text'>Compartir en Twitter<\/span><\/a><\/li><li class='av-share-link av-social-link-whatsapp' ><a target=\"_blank\" aria-label=\"Compartir en Whatsapp\" href='https:\/\/api.whatsapp.com\/send?text=https:\/\/radiorevelacionfm.cl\/?p=52697' aria-hidden='false' data-av_icon='\uf232' data-av_iconfont='entypo-fontello' title='' data-avia-related-tooltip='Compartir en Whatsapp' rel=\"noopener\"><span class='avia_hidden_link_text'>Compartir en Whatsapp<\/span><\/a><\/li><li class='av-share-link av-social-link-linkedin' ><a target=\"_blank\" aria-label=\"Compartir en LinkedIn\" href='https:\/\/linkedin.com\/shareArticle?mini=true&#038;title=CPC%20encabeza%20primer%20encuentro%20de%20gremios%20empresariales%20en%20la%20regi%C3%B3n%20de%20Ays%C3%A9n&#038;url=https:\/\/radiorevelacionfm.cl\/?p=52697' aria-hidden='false' data-av_icon='\ue8fc' data-av_iconfont='entypo-fontello' title='' data-avia-related-tooltip='Compartir en LinkedIn' rel=\"noopener\"><span class='avia_hidden_link_text'>Compartir en LinkedIn<\/span><\/a><\/li><li class='av-share-link av-social-link-mail' ><a  aria-label=\"Compartir por correo\" href='mailto:?subject=CPC%20encabeza%20primer%20encuentro%20de%20gremios%20empresariales%20en%20la%20regi%C3%B3n%20de%20Ays%C3%A9n&#038;body=https:\/\/radiorevelacionfm.cl\/?p=52697' aria-hidden='false' data-av_icon='\ue805' data-av_iconfont='entypo-fontello' title='' data-avia-related-tooltip='Compartir por correo'><span class='avia_hidden_link_text'>Compartir por correo<\/span><\/a><\/li><\/ul><\/div><\/div>\n<div  style='height:50px' class='hr hr-invisible   avia-builder-el-8  el_after_av_social_share  el_before_av_comments_list '><span class='hr-inner ' ><span class='hr-inner-style'><\/span><\/span><\/div>\n<div  class='av-buildercomment  av-blog-meta-html-info-disabled av-blog-meta-tag-disabled  '><\/div>\n","protected":false},"excerpt":{"rendered":"","protected":false},"author":1,"featured_media":52698,"comment_status":"closed","ping_status":"closed","sticky":false,"template":"","format":"standard","meta":{"footnotes":""},"categories":[38],"tags":[],"class_list":["post-52697","post","type-post","status-publish","format-standard","has-post-thumbnail","hentry","category-regional"],"jetpack_featured_media_url":"https:\/\/radiorevelacionfm.cl\/wp-content\/uploads\/2025\/04\/WhatsApp-Image-2025-04-15-at-11.52.00-1-1.jpeg","_links":{"self":[{"href":"https:\/\/radiorevelacionfm.cl\/index.php?rest_route=\/wp\/v2\/posts\/52697","targetHints":{"allow":["GET"]}}],"collection":[{"href":"https:\/\/radiorevelacionfm.cl\/index.php?rest_route=\/wp\/v2\/posts"}],"about":[{"href":"https:\/\/radiorevelacionfm.cl\/index.php?rest_route=\/wp\/v2\/types\/post"}],"author":[{"embeddable":true,"href":"https:\/\/radiorevelacionfm.cl\/index.php?rest_route=\/wp\/v2\/users\/1"}],"replies":[{"embeddable":true,"href":"https:\/\/radiorevelacionfm.cl\/index.php?rest_route=%2Fwp%2Fv2%2Fcomments&post=52697"}],"version-history":[{"count":2,"href":"https:\/\/radiorevelacionfm.cl\/index.php?rest_route=\/wp\/v2\/posts\/52697\/revisions"}],"predecessor-version":[{"id":52742,"href":"https:\/\/radiorevelacionfm.cl\/index.php?rest_route=\/wp\/v2\/posts\/52697\/revisions\/52742"}],"wp:featuredmedia":[{"embeddable":true,"href":"https:\/\/radiorevelacionfm.cl\/index.php?rest_route=\/wp\/v2\/media\/52698"}],"wp:attachment":[{"href":"https:\/\/radiorevelacionfm.cl\/index.php?rest_route=%2Fwp%2Fv2%2Fmedia&parent=52697"}],"wp:term":[{"taxonomy":"category","embeddable":true,"href":"https:\/\/radiorevelacionfm.cl\/index.php?rest_route=%2Fwp%2Fv2%2Fcategories&post=52697"},{"taxonomy":"post_tag","embeddable":true,"href":"https:\/\/radiorevelacionfm.cl\/index.php?rest_route=%2Fwp%2Fv2%2Ftags&post=52697"}],"curies":[{"name":"wp","href":"https:\/\/api.w.org\/{rel}","templated":true}]}}