{"id":52692,"date":"2025-04-15T15:04:20","date_gmt":"2025-04-15T18:04:20","guid":{"rendered":"https:\/\/radiorevelacionfm.cl\/?p=52692"},"modified":"2025-04-15T15:04:20","modified_gmt":"2025-04-15T18:04:20","slug":"se-conforma-formalmente-agrupacion-que-luchara-por-la-llegada-de-mas-cardiologos-a-la-region-de-aysen","status":"publish","type":"post","link":"https:\/\/radiorevelacionfm.cl\/?p=52692","title":{"rendered":"Se conforma formalmente agrupaci\u00f3n que luchar\u00e1 por la llegada de m\u00e1s cardi\u00f3logos a la regi\u00f3n de Ays\u00e9n"},"content":{"rendered":"<div class=\"flex_column av_one_full  flex_column_div av-zero-column-padding first  avia-builder-el-0  el_before_av_one_full  avia-builder-el-first  \" style='border-radius:0px; '><div  class='avia-image-container  av-styling-    avia-builder-el-1  avia-builder-el-no-sibling  avia-align-center '  itemprop=\"image\" itemscope=\"itemscope\" itemtype=\"https:\/\/schema.org\/ImageObject\"  ><div class='avia-image-container-inner'><div class='avia-image-overlay-wrap'><img decoding=\"async\" class='wp-image-52694 avia-img-lazy-loading-not-52694 avia_image' src=\"https:\/\/radiorevelacionfm.cl\/wp-content\/uploads\/2025\/04\/cardiologia-para-aysEn-1_optimized.jpg\" alt='' title='cardiologia-para-ays\u00c9n-(1)_optimized' height=\"600\" width=\"1087\"  itemprop=\"thumbnailUrl\" srcset=\"https:\/\/radiorevelacionfm.cl\/wp-content\/uploads\/2025\/04\/cardiologia-para-aysEn-1_optimized.jpg 1087w, https:\/\/radiorevelacionfm.cl\/wp-content\/uploads\/2025\/04\/cardiologia-para-aysEn-1_optimized-300x166.jpg 300w, https:\/\/radiorevelacionfm.cl\/wp-content\/uploads\/2025\/04\/cardiologia-para-aysEn-1_optimized-1030x569.jpg 1030w, https:\/\/radiorevelacionfm.cl\/wp-content\/uploads\/2025\/04\/cardiologia-para-aysEn-1_optimized-768x424.jpg 768w, https:\/\/radiorevelacionfm.cl\/wp-content\/uploads\/2025\/04\/cardiologia-para-aysEn-1_optimized-705x389.jpg 705w, https:\/\/radiorevelacionfm.cl\/wp-content\/uploads\/2025\/04\/cardiologia-para-aysEn-1_optimized-450x248.jpg 450w, https:\/\/radiorevelacionfm.cl\/wp-content\/uploads\/2025\/04\/cardiologia-para-aysEn-1_optimized-600x331.jpg 600w\" sizes=\"(max-width: 1087px) 100vw, 1087px\" \/><\/div><\/div><\/div><\/div><div class=\"flex_column av_one_full  flex_column_div av-zero-column-padding first  avia-builder-el-2  el_after_av_one_full  el_before_av_one_full  column-top-margin\" style='border-radius:0px; '><section class=\"av_textblock_section \"  itemscope=\"itemscope\" itemtype=\"https:\/\/schema.org\/BlogPosting\" itemprop=\"blogPost\" ><div class='avia_textblock  '   itemprop=\"text\" ><p style=\"text-align: center;\"><span style=\"font-size: 18pt;\"><b>Se conforma formalmente agrupaci\u00f3n que luchar\u00e1 por la llegada de m\u00e1s cardi\u00f3logos a la regi\u00f3n de Ays\u00e9n<\/b><\/span><\/p>\n<div id=\"gtx-trans\" style=\"position: absolute; left: -50px; top: 4.31534px;\">\n<div class=\"gtx-trans-icon\"><\/div>\n<\/div>\n<\/div><\/section><\/div><div class=\"flex_column av_one_full  flex_column_div av-zero-column-padding first  avia-builder-el-4  el_after_av_one_full  el_before_av_hr  column-top-margin\" style='border-radius:0px; '><section class=\"av_textblock_section \"  itemscope=\"itemscope\" itemtype=\"https:\/\/schema.org\/BlogPosting\" itemprop=\"blogPost\" ><div class='avia_textblock  '   itemprop=\"text\" ><p style=\"font-weight: 400; text-align: justify;\"><em>Se trata de Cardiolog\u00eda para Ays\u00e9n, una organizaci\u00f3n de Coyhaique impulsada por el diputado Miguel \u00c1ngel Calisto y pacientes cardiol\u00f3gicos de distintas partes de la regi\u00f3n.<\/em><\/p>\n<p style=\"font-weight: 400; text-align: justify;\">Hace algunos d\u00edas en Coyhaique se constituy\u00f3 formalmente la agrupaci\u00f3n Cardiolog\u00eda para Ays\u00e9n, una organizaci\u00f3n apoyada por el diputado Miguel \u00c1ngel Calisto y compuesta principalmente por pacientes cardiacos, y que tiene como fin luchar para que la regi\u00f3n pueda contar con m\u00e1s de estos especialistas.<\/p>\n<p style=\"font-weight: 400; text-align: justify;\">La organizaci\u00f3n est\u00e1 conformada como agrupaci\u00f3n sin fines de lucro y actualmente cuenta con m\u00e1s de 30 socios.<\/p>\n<p style=\"font-weight: 400; text-align: justify;\">Seg\u00fan el diputado Miguel \u00c1ngel Calisto, \u201cestamos contentos porque se ha constituido la agrupaci\u00f3n Cardiolog\u00eda Para Ays\u00e9n, la constituci\u00f3n formal de esta agrupaci\u00f3n que re\u00fane a pacientes card\u00edacos de la comuna de Coyhaique y tambi\u00e9n de otros sectores de la regi\u00f3n. Me parece que es tremendamente importante para poder en primer lugar visibilizar el problema de cardiolog\u00eda que se vive en la Regi\u00f3n\u201d.<\/p>\n<p style=\"font-weight: 400; text-align: justify;\">\u201cYa logramos sacar adelante que hoy d\u00eda tengamos un m\u00e9dico permanente ac\u00e1 en la regi\u00f3n, en el Hospital Regional de Coyhaique, un cardi\u00f3logo. Pero esto no queda ah\u00ed. Necesitamos m\u00e1s cardi\u00f3logos, necesitamos prepararnos para el pr\u00f3ximo a\u00f1o cuando ya est\u00e9 implementado el laboratorio de hemodinamia, de tal manera de poder atender a los pacientes card\u00edacos y poder atender a cualquier persona, porque uno nunca sabe cu\u00e1ndo va a estar realmente con alguna patolog\u00eda card\u00edaca y es importante entonces tener todos los equipamientos y los especialistas en la regi\u00f3n\u201d, se\u00f1al\u00f3 el legislador.<\/p>\n<p style=\"font-weight: 400; text-align: justify;\">Calisto se\u00f1al\u00f3 que \u201ceste trabajo, esta lucha reci\u00e9n parte. Hemos ya sostenido muchas reuniones con el Servicio de Salud para que los compromisos que ellos han se\u00f1alado se cumplan, particularmente para tener mejores condiciones de atenci\u00f3n en nuestra regi\u00f3n\u201d.<\/p>\n<p style=\"font-weight: 400; text-align: justify;\">Seg\u00fan Melani Rojas, presidenta de la agrupaci\u00f3n, \u201cestamos contentos que por fin ya nos pudimos constituir como agrupaci\u00f3n, y aqu\u00ed ustedes nos ven, somos varios, as\u00ed que contentos de seguir trabajando para obtener mejores resultados y m\u00e1s cardi\u00f3logos en esta regi\u00f3n\u201d.<\/p>\n<p style=\"font-weight: 400; text-align: justify;\">Finalmente, Peter Flores, dirigente y miembro de la agrupaci\u00f3n, se\u00f1al\u00f3 que \u201chay ideas buenas tambi\u00e9n dentro de la agrupaci\u00f3n para poder seguir trabajando y gestionando para nuestra gente en la regi\u00f3n, para la gente que est\u00e1 aislada, en Villa O\u00b4Higgins, Tortel, Cochrane, parte del litoral para poder hacer gestiones a futuro. As\u00ed que estamos bien motivados y con las pilas bien puestas para poder trabajar y en conjunto con los cardi\u00f3logos que han llegado. As\u00ed que muchas gracias y muchas gracias al diputado por su gran aporte a nuestra agrupaci\u00f3n\u00bb.<\/p>\n<\/div><\/section><\/div><div  style='height:50px' class='hr hr-invisible   avia-builder-el-6  el_after_av_one_full  el_before_av_social_share '><span class='hr-inner ' ><span class='hr-inner-style'><\/span><\/span><\/div><\/p>\n<div  class='av-social-sharing-box  avia-builder-el-7  el_after_av_hr  el_before_av_hr  '><div class='av-share-box'><h5 class='av-share-link-description av-no-toc '>Compartir esta noticia<\/h5><ul class='av-share-box-list noLightbox'><li class='av-share-link av-social-link-facebook' ><a target=\"_blank\" aria-label=\"Compartir en Facebook\" href='https:\/\/www.facebook.com\/sharer.php?u=https:\/\/radiorevelacionfm.cl\/?p=52692&#038;t=Se%20conforma%20formalmente%20agrupaci%C3%B3n%20que%20luchar%C3%A1%20por%20la%20llegada%20de%20m%C3%A1s%20cardi%C3%B3logos%20a%20la%20regi%C3%B3n%20de%20Ays%C3%A9n' aria-hidden='false' data-av_icon='\ue8f3' data-av_iconfont='entypo-fontello' title='' data-avia-related-tooltip='Compartir en Facebook' rel=\"noopener\"><span class='avia_hidden_link_text'>Compartir en Facebook<\/span><\/a><\/li><li class='av-share-link av-social-link-twitter' ><a target=\"_blank\" aria-label=\"Compartir en Twitter\" href='https:\/\/twitter.com\/share?text=Se%20conforma%20formalmente%20agrupaci%C3%B3n%20que%20luchar%C3%A1%20por%20la%20llegada%20de%20m%C3%A1s%20cardi%C3%B3logos%20a%20la%20regi%C3%B3n%20de%20Ays%C3%A9n&#038;url=https:\/\/radiorevelacionfm.cl\/?p=52692' aria-hidden='false' data-av_icon='\ue8f1' data-av_iconfont='entypo-fontello' title='' data-avia-related-tooltip='Compartir en Twitter' rel=\"noopener\"><span class='avia_hidden_link_text'>Compartir en Twitter<\/span><\/a><\/li><li class='av-share-link av-social-link-whatsapp' ><a target=\"_blank\" aria-label=\"Compartir en Whatsapp\" href='https:\/\/api.whatsapp.com\/send?text=https:\/\/radiorevelacionfm.cl\/?p=52692' aria-hidden='false' data-av_icon='\uf232' data-av_iconfont='entypo-fontello' title='' data-avia-related-tooltip='Compartir en Whatsapp' rel=\"noopener\"><span class='avia_hidden_link_text'>Compartir en Whatsapp<\/span><\/a><\/li><li class='av-share-link av-social-link-linkedin' ><a target=\"_blank\" aria-label=\"Compartir en LinkedIn\" href='https:\/\/linkedin.com\/shareArticle?mini=true&#038;title=Se%20conforma%20formalmente%20agrupaci%C3%B3n%20que%20luchar%C3%A1%20por%20la%20llegada%20de%20m%C3%A1s%20cardi%C3%B3logos%20a%20la%20regi%C3%B3n%20de%20Ays%C3%A9n&#038;url=https:\/\/radiorevelacionfm.cl\/?p=52692' aria-hidden='false' data-av_icon='\ue8fc' data-av_iconfont='entypo-fontello' title='' data-avia-related-tooltip='Compartir en LinkedIn' rel=\"noopener\"><span class='avia_hidden_link_text'>Compartir en LinkedIn<\/span><\/a><\/li><li class='av-share-link av-social-link-mail' ><a  aria-label=\"Compartir por correo\" href='mailto:?subject=Se%20conforma%20formalmente%20agrupaci%C3%B3n%20que%20luchar%C3%A1%20por%20la%20llegada%20de%20m%C3%A1s%20cardi%C3%B3logos%20a%20la%20regi%C3%B3n%20de%20Ays%C3%A9n&#038;body=https:\/\/radiorevelacionfm.cl\/?p=52692' aria-hidden='false' data-av_icon='\ue805' data-av_iconfont='entypo-fontello' title='' data-avia-related-tooltip='Compartir por correo'><span class='avia_hidden_link_text'>Compartir por correo<\/span><\/a><\/li><\/ul><\/div><\/div>\n<div  style='height:50px' class='hr hr-invisible   avia-builder-el-8  el_after_av_social_share  el_before_av_comments_list '><span class='hr-inner ' ><span class='hr-inner-style'><\/span><\/span><\/div>\n<div  class='av-buildercomment  av-blog-meta-html-info-disabled av-blog-meta-tag-disabled  '><\/div>\n","protected":false},"excerpt":{"rendered":"","protected":false},"author":1,"featured_media":52694,"comment_status":"closed","ping_status":"closed","sticky":false,"template":"","format":"standard","meta":{"footnotes":""},"categories":[38],"tags":[],"class_list":["post-52692","post","type-post","status-publish","format-standard","has-post-thumbnail","hentry","category-regional"],"jetpack_featured_media_url":"https:\/\/radiorevelacionfm.cl\/wp-content\/uploads\/2025\/04\/cardiologia-para-aysEn-1_optimized.jpg","_links":{"self":[{"href":"https:\/\/radiorevelacionfm.cl\/index.php?rest_route=\/wp\/v2\/posts\/52692","targetHints":{"allow":["GET"]}}],"collection":[{"href":"https:\/\/radiorevelacionfm.cl\/index.php?rest_route=\/wp\/v2\/posts"}],"about":[{"href":"https:\/\/radiorevelacionfm.cl\/index.php?rest_route=\/wp\/v2\/types\/post"}],"author":[{"embeddable":true,"href":"https:\/\/radiorevelacionfm.cl\/index.php?rest_route=\/wp\/v2\/users\/1"}],"replies":[{"embeddable":true,"href":"https:\/\/radiorevelacionfm.cl\/index.php?rest_route=%2Fwp%2Fv2%2Fcomments&post=52692"}],"version-history":[{"count":2,"href":"https:\/\/radiorevelacionfm.cl\/index.php?rest_route=\/wp\/v2\/posts\/52692\/revisions"}],"predecessor-version":[{"id":52700,"href":"https:\/\/radiorevelacionfm.cl\/index.php?rest_route=\/wp\/v2\/posts\/52692\/revisions\/52700"}],"wp:featuredmedia":[{"embeddable":true,"href":"https:\/\/radiorevelacionfm.cl\/index.php?rest_route=\/wp\/v2\/media\/52694"}],"wp:attachment":[{"href":"https:\/\/radiorevelacionfm.cl\/index.php?rest_route=%2Fwp%2Fv2%2Fmedia&parent=52692"}],"wp:term":[{"taxonomy":"category","embeddable":true,"href":"https:\/\/radiorevelacionfm.cl\/index.php?rest_route=%2Fwp%2Fv2%2Fcategories&post=52692"},{"taxonomy":"post_tag","embeddable":true,"href":"https:\/\/radiorevelacionfm.cl\/index.php?rest_route=%2Fwp%2Fv2%2Ftags&post=52692"}],"curies":[{"name":"wp","href":"https:\/\/api.w.org\/{rel}","templated":true}]}}