{"id":52687,"date":"2025-04-15T12:51:37","date_gmt":"2025-04-15T15:51:37","guid":{"rendered":"https:\/\/radiorevelacionfm.cl\/?p=52687"},"modified":"2025-04-15T12:51:37","modified_gmt":"2025-04-15T15:51:37","slug":"hablemos-de-todo-salud-mental-y-autocuidado-como-prioridad-de-injuv-en-la-region","status":"publish","type":"post","link":"https:\/\/radiorevelacionfm.cl\/?p=52687","title":{"rendered":"Hablemos de Todo: Salud mental y autocuidado como prioridad de INJUV en la regi\u00f3n"},"content":{"rendered":"<div class=\"flex_column av_one_full  flex_column_div av-zero-column-padding first  avia-builder-el-0  el_before_av_one_full  avia-builder-el-first  \" style='border-radius:0px; '><div  class='avia-image-container  av-styling-    avia-builder-el-1  avia-builder-el-no-sibling  avia-align-center '  itemprop=\"image\" itemscope=\"itemscope\" itemtype=\"https:\/\/schema.org\/ImageObject\"  ><div class='avia-image-container-inner'><div class='avia-image-overlay-wrap'><img decoding=\"async\" class='wp-image-52688 avia-img-lazy-loading-not-52688 avia_image' src=\"https:\/\/radiorevelacionfm.cl\/wp-content\/uploads\/2025\/04\/foto-7-12-1_optimized.jpg\" alt='' title='foto-7-(12)-(1)_optimized' height=\"600\" width=\"846\"  itemprop=\"thumbnailUrl\" srcset=\"https:\/\/radiorevelacionfm.cl\/wp-content\/uploads\/2025\/04\/foto-7-12-1_optimized.jpg 846w, https:\/\/radiorevelacionfm.cl\/wp-content\/uploads\/2025\/04\/foto-7-12-1_optimized-300x213.jpg 300w, https:\/\/radiorevelacionfm.cl\/wp-content\/uploads\/2025\/04\/foto-7-12-1_optimized-768x545.jpg 768w, https:\/\/radiorevelacionfm.cl\/wp-content\/uploads\/2025\/04\/foto-7-12-1_optimized-260x185.jpg 260w, https:\/\/radiorevelacionfm.cl\/wp-content\/uploads\/2025\/04\/foto-7-12-1_optimized-705x500.jpg 705w, https:\/\/radiorevelacionfm.cl\/wp-content\/uploads\/2025\/04\/foto-7-12-1_optimized-450x319.jpg 450w, https:\/\/radiorevelacionfm.cl\/wp-content\/uploads\/2025\/04\/foto-7-12-1_optimized-600x426.jpg 600w\" sizes=\"(max-width: 846px) 100vw, 846px\" \/><\/div><\/div><\/div><\/div><div class=\"flex_column av_one_full  flex_column_div av-zero-column-padding first  avia-builder-el-2  el_after_av_one_full  el_before_av_one_full  column-top-margin\" style='border-radius:0px; '><section class=\"av_textblock_section \"  itemscope=\"itemscope\" itemtype=\"https:\/\/schema.org\/BlogPosting\" itemprop=\"blogPost\" ><div class='avia_textblock  '   itemprop=\"text\" ><p style=\"text-align: center;\"><span style=\"font-size: 18pt;\"><strong>Hablemos de Todo: Salud mental y autocuidado como prioridad de INJUV en la regi\u00f3n<\/strong><\/span><\/p>\n<div id=\"gtx-trans\" style=\"position: absolute; left: -50px; top: 4.31534px;\">\n<div class=\"gtx-trans-icon\"><\/div>\n<\/div>\n<\/div><\/section><\/div><div class=\"flex_column av_one_full  flex_column_div av-zero-column-padding first  avia-builder-el-4  el_after_av_one_full  el_before_av_hr  column-top-margin\" style='border-radius:0px; '><section class=\"av_textblock_section \"  itemscope=\"itemscope\" itemtype=\"https:\/\/schema.org\/BlogPosting\" itemprop=\"blogPost\" ><div class='avia_textblock  '   itemprop=\"text\" ><p style=\"text-align: justify;\">Con el objetivo de difundir el programa Hablemos de Todo e informar sobre autocuidado, bienestar f\u00edsico y mental, el Instituto Nacional de la Juventud realiz\u00f3 una activaci\u00f3n regional a juventudes de segundo a\u00f1o medio del Colegio Alborada.<\/p>\n<p style=\"text-align: justify;\">La actividad fue lidera por el psic\u00f3logo\u00a0 Daniel Ulloa Fern\u00e1ndez, \u00a0y estuvo enfocada en orientar a las y los j\u00f3venes sobre ansiedad, entregarles informaci\u00f3n actualizada y basada en evidencia cient\u00edfica, con la finalidad de que las y los participantes adquieran herramientas s\u00f3lidas sobre el tema.<\/p>\n<p style=\"text-align: justify;\">\u201cEste 2025 comenzamos con fuerza, llevando a las aulas nuestro compromiso con el bienestar integral de las juventudes, la salud mental no puede seguir siendo un tema tab\u00fa y con el programa Hablemos de Todo estamos generando espacios seguros de escucha activa y de orientaci\u00f3n para que las juventudes sepan que no est\u00e1n solas, seguiremos en terreno promoviendo el autocuidado, la contenci\u00f3n y el acceso a la informaci\u00f3n basada en evidencia, agradecemos la participaci\u00f3n de cada estudiante y tambi\u00e9n el compromiso de los equipos educativos por abrir las puertas a este tipo de conversaciones que pueden cambiar vidas\u201d, sostuvo el director regional de INJUV Ays\u00e9n, Camilo Trivi\u00f1o Urtubia.<\/p>\n<p style=\"text-align: justify;\">Amaya Casco Villegas, joven participante se\u00f1al\u00f3 que \u201cfue un taller s\u00faper bueno, la mayor\u00eda de las personas estudiantes no son muy conscientes de lo que sienten interiormente, y que existan este tipo de instancias ayudan a orientarnos, buscar ayuda en un acaso lo necesitemos, y adem\u00e1s de normalizar estas emociones y sensaciones que existen en cada persona. Espero se sigan realizando m\u00e1s actividades como estas, ya que\u00a0 son educativas, personalmente me entretienen mucho y me ense\u00f1an\u201d.<\/p>\n<p style=\"text-align: justify;\">En tanto, para Agust\u00edn Cea Andrade, el taller fue bueno \u201cque hayan profesionales y que nos respondan todas las dudas de forma clara\u00a0 es muy importante, aprendimos bastante de ansiedad. Este tipo de talleres para muchas personas pueden ser muy necesarios, ojal\u00e1 que se realicen de forma continua\u201d.<\/p>\n<p style=\"text-align: justify;\">El programa Hablemos de Todo tiene tambi\u00e9n un servicio de chat en l\u00ednea gratuito, donde psic\u00f3logas y psic\u00f3logos atienden las consultas de las y los j\u00f3venes. Se encuentran operativos de lunes a viernes de 10:00 a 21:00 horas y los s\u00e1bados de 11:00 a 17:00 horas. A trav\u00e9s de la entrega de informaci\u00f3n, contenci\u00f3n o derivaci\u00f3n buscan dar respuesta eficaz a problemas o consultas de bienestar y autocuidado, las conversaciones entre las juventudes y el profesional de la salud mental son totalmente confidenciales.<\/p>\n<p style=\"text-align: justify;\">Las subtem\u00e1ticas que se priorizar\u00e1n para trabajar con las juventudes este a\u00f1o 2025 son:\u00a0Ansiedad, Consumo de Alcohol y Drogas, Interrupci\u00f3n Voluntaria del Embarazo,\u00a0 temas que fueron elegidos por las y los j\u00f3venes mediante una votaci\u00f3n,\u00a0 que se llev\u00f3 a cabo en un Encuentro Territorial desarrollado el a\u00f1o 2024 y que ser\u00e1n el foco principal de abordaje del programa\u00a0<em>Hablemos de Todo<\/em>\u00a0en la regi\u00f3n de Ays\u00e9n.<\/p>\n<p style=\"text-align: justify;\">Las y los j\u00f3venes interesados en obtener informaci\u00f3n referente a los diversos temas mencionados anteriormente pueden acceder a trav\u00e9s del siguiente link: <a href=\"http:\/\/hablemosdetodo.injuv.gob.cl\">http:\/\/hablemosdetodo.injuv.gob.cl<\/a> , escribirnos a nuestras redes sociales,\u00a0 Fan Page, Instagram y Twitter @injuvaysen\u00a0o visitarnos presencialmente en la Direcci\u00f3n Regional de INJUV Ays\u00e9n, ubicada en Manuel Rodr\u00edguez #239, Coyhaique, de lunes a viernes durante las ma\u00f1anas de 08:00 a 13:00 horas y en la tardes de 14:00 a 17:00 horas, viernes hasta las 16:00 horas.<\/p>\n<\/div><\/section><\/div><div  style='height:50px' class='hr hr-invisible   avia-builder-el-6  el_after_av_one_full  el_before_av_social_share '><span class='hr-inner ' ><span class='hr-inner-style'><\/span><\/span><\/div><\/p>\n<div  class='av-social-sharing-box  avia-builder-el-7  el_after_av_hr  el_before_av_hr  '><div class='av-share-box'><h5 class='av-share-link-description av-no-toc '>Compartir esta noticia<\/h5><ul class='av-share-box-list noLightbox'><li class='av-share-link av-social-link-facebook' ><a target=\"_blank\" aria-label=\"Compartir en Facebook\" href='https:\/\/www.facebook.com\/sharer.php?u=https:\/\/radiorevelacionfm.cl\/?p=52687&#038;t=Hablemos%20de%20Todo%3A%20Salud%20mental%20y%20autocuidado%20como%20prioridad%20de%20INJUV%20en%20la%20regi%C3%B3n' aria-hidden='false' data-av_icon='\ue8f3' data-av_iconfont='entypo-fontello' title='' data-avia-related-tooltip='Compartir en Facebook' rel=\"noopener\"><span class='avia_hidden_link_text'>Compartir en Facebook<\/span><\/a><\/li><li class='av-share-link av-social-link-twitter' ><a target=\"_blank\" aria-label=\"Compartir en Twitter\" href='https:\/\/twitter.com\/share?text=Hablemos%20de%20Todo%3A%20Salud%20mental%20y%20autocuidado%20como%20prioridad%20de%20INJUV%20en%20la%20regi%C3%B3n&#038;url=https:\/\/radiorevelacionfm.cl\/?p=52687' aria-hidden='false' data-av_icon='\ue8f1' data-av_iconfont='entypo-fontello' title='' data-avia-related-tooltip='Compartir en Twitter' rel=\"noopener\"><span class='avia_hidden_link_text'>Compartir en Twitter<\/span><\/a><\/li><li class='av-share-link av-social-link-whatsapp' ><a target=\"_blank\" aria-label=\"Compartir en Whatsapp\" href='https:\/\/api.whatsapp.com\/send?text=https:\/\/radiorevelacionfm.cl\/?p=52687' aria-hidden='false' data-av_icon='\uf232' data-av_iconfont='entypo-fontello' title='' data-avia-related-tooltip='Compartir en Whatsapp' rel=\"noopener\"><span class='avia_hidden_link_text'>Compartir en Whatsapp<\/span><\/a><\/li><li class='av-share-link av-social-link-linkedin' ><a target=\"_blank\" aria-label=\"Compartir en LinkedIn\" href='https:\/\/linkedin.com\/shareArticle?mini=true&#038;title=Hablemos%20de%20Todo%3A%20Salud%20mental%20y%20autocuidado%20como%20prioridad%20de%20INJUV%20en%20la%20regi%C3%B3n&#038;url=https:\/\/radiorevelacionfm.cl\/?p=52687' aria-hidden='false' data-av_icon='\ue8fc' data-av_iconfont='entypo-fontello' title='' data-avia-related-tooltip='Compartir en LinkedIn' rel=\"noopener\"><span class='avia_hidden_link_text'>Compartir en LinkedIn<\/span><\/a><\/li><li class='av-share-link av-social-link-mail' ><a  aria-label=\"Compartir por correo\" href='mailto:?subject=Hablemos%20de%20Todo%3A%20Salud%20mental%20y%20autocuidado%20como%20prioridad%20de%20INJUV%20en%20la%20regi%C3%B3n&#038;body=https:\/\/radiorevelacionfm.cl\/?p=52687' aria-hidden='false' data-av_icon='\ue805' data-av_iconfont='entypo-fontello' title='' data-avia-related-tooltip='Compartir por correo'><span class='avia_hidden_link_text'>Compartir por correo<\/span><\/a><\/li><\/ul><\/div><\/div>\n<div  style='height:50px' class='hr hr-invisible   avia-builder-el-8  el_after_av_social_share  el_before_av_comments_list '><span class='hr-inner ' ><span class='hr-inner-style'><\/span><\/span><\/div>\n<div  class='av-buildercomment  av-blog-meta-html-info-disabled av-blog-meta-tag-disabled  '><\/div>\n","protected":false},"excerpt":{"rendered":"","protected":false},"author":1,"featured_media":52688,"comment_status":"closed","ping_status":"closed","sticky":false,"template":"","format":"standard","meta":{"footnotes":""},"categories":[38],"tags":[],"class_list":["post-52687","post","type-post","status-publish","format-standard","has-post-thumbnail","hentry","category-regional"],"jetpack_featured_media_url":"https:\/\/radiorevelacionfm.cl\/wp-content\/uploads\/2025\/04\/foto-7-12-1_optimized.jpg","_links":{"self":[{"href":"https:\/\/radiorevelacionfm.cl\/index.php?rest_route=\/wp\/v2\/posts\/52687","targetHints":{"allow":["GET"]}}],"collection":[{"href":"https:\/\/radiorevelacionfm.cl\/index.php?rest_route=\/wp\/v2\/posts"}],"about":[{"href":"https:\/\/radiorevelacionfm.cl\/index.php?rest_route=\/wp\/v2\/types\/post"}],"author":[{"embeddable":true,"href":"https:\/\/radiorevelacionfm.cl\/index.php?rest_route=\/wp\/v2\/users\/1"}],"replies":[{"embeddable":true,"href":"https:\/\/radiorevelacionfm.cl\/index.php?rest_route=%2Fwp%2Fv2%2Fcomments&post=52687"}],"version-history":[{"count":2,"href":"https:\/\/radiorevelacionfm.cl\/index.php?rest_route=\/wp\/v2\/posts\/52687\/revisions"}],"predecessor-version":[{"id":52696,"href":"https:\/\/radiorevelacionfm.cl\/index.php?rest_route=\/wp\/v2\/posts\/52687\/revisions\/52696"}],"wp:featuredmedia":[{"embeddable":true,"href":"https:\/\/radiorevelacionfm.cl\/index.php?rest_route=\/wp\/v2\/media\/52688"}],"wp:attachment":[{"href":"https:\/\/radiorevelacionfm.cl\/index.php?rest_route=%2Fwp%2Fv2%2Fmedia&parent=52687"}],"wp:term":[{"taxonomy":"category","embeddable":true,"href":"https:\/\/radiorevelacionfm.cl\/index.php?rest_route=%2Fwp%2Fv2%2Fcategories&post=52687"},{"taxonomy":"post_tag","embeddable":true,"href":"https:\/\/radiorevelacionfm.cl\/index.php?rest_route=%2Fwp%2Fv2%2Ftags&post=52687"}],"curies":[{"name":"wp","href":"https:\/\/api.w.org\/{rel}","templated":true}]}}