{"id":52678,"date":"2025-04-15T10:02:46","date_gmt":"2025-04-15T13:02:46","guid":{"rendered":"https:\/\/radiorevelacionfm.cl\/?p=52678"},"modified":"2025-04-15T10:02:46","modified_gmt":"2025-04-15T13:02:46","slug":"edelaysen-recibe-a-estudiantes-de-cft-estatal-de-puerto-aysen-en-la-central-fotovoltaica-el-blanco","status":"publish","type":"post","link":"https:\/\/radiorevelacionfm.cl\/?p=52678","title":{"rendered":"Edelaysen recibe a estudiantes de CFT Estatal de Puerto Ays\u00e9n en la central fotovoltaica El Blanco"},"content":{"rendered":"<div class=\"flex_column av_one_full  flex_column_div av-zero-column-padding first  avia-builder-el-0  el_before_av_one_full  avia-builder-el-first  \" style='border-radius:0px; '><div  class='avia-image-container  av-styling-    avia-builder-el-1  avia-builder-el-no-sibling  avia-align-center '  itemprop=\"image\" itemscope=\"itemscope\" itemtype=\"https:\/\/schema.org\/ImageObject\"  ><div class='avia-image-container-inner'><div class='avia-image-overlay-wrap'><img decoding=\"async\" class='wp-image-52679 avia-img-lazy-loading-not-52679 avia_image' src=\"https:\/\/radiorevelacionfm.cl\/wp-content\/uploads\/2025\/04\/14_optimized.04.2025-cft-estatal-de-puerto-aysen-2-1-1.jpeg\" alt='' title='14_optimized.04.2025-cft-estatal-de-puerto-ays\u00e9n-(2)-(1) (1)' height=\"600\" width=\"800\"  itemprop=\"thumbnailUrl\" srcset=\"https:\/\/radiorevelacionfm.cl\/wp-content\/uploads\/2025\/04\/14_optimized.04.2025-cft-estatal-de-puerto-aysen-2-1-1.jpeg 800w, https:\/\/radiorevelacionfm.cl\/wp-content\/uploads\/2025\/04\/14_optimized.04.2025-cft-estatal-de-puerto-aysen-2-1-1-300x225.jpeg 300w, https:\/\/radiorevelacionfm.cl\/wp-content\/uploads\/2025\/04\/14_optimized.04.2025-cft-estatal-de-puerto-aysen-2-1-1-768x576.jpeg 768w, https:\/\/radiorevelacionfm.cl\/wp-content\/uploads\/2025\/04\/14_optimized.04.2025-cft-estatal-de-puerto-aysen-2-1-1-705x529.jpeg 705w, https:\/\/radiorevelacionfm.cl\/wp-content\/uploads\/2025\/04\/14_optimized.04.2025-cft-estatal-de-puerto-aysen-2-1-1-450x338.jpeg 450w, https:\/\/radiorevelacionfm.cl\/wp-content\/uploads\/2025\/04\/14_optimized.04.2025-cft-estatal-de-puerto-aysen-2-1-1-600x450.jpeg 600w\" sizes=\"(max-width: 800px) 100vw, 800px\" \/><\/div><\/div><\/div><\/div><div class=\"flex_column av_one_full  flex_column_div av-zero-column-padding first  avia-builder-el-2  el_after_av_one_full  el_before_av_one_full  column-top-margin\" style='border-radius:0px; '><section class=\"av_textblock_section \"  itemscope=\"itemscope\" itemtype=\"https:\/\/schema.org\/BlogPosting\" itemprop=\"blogPost\" ><div class='avia_textblock  '   itemprop=\"text\" ><p style=\"text-align: center;\"><strong><span style=\"font-size: 18pt;\">Edelaysen recibe a estudiantes de CFT Estatal de Puerto Ays\u00e9n en la central fotovoltaica El Blanco<\/span><\/strong><\/p>\n<div id=\"gtx-trans\" style=\"position: absolute; left: -50px; top: 4.31534px;\">\n<div class=\"gtx-trans-icon\"><\/div>\n<\/div>\n<\/div><\/section><\/div><div class=\"flex_column av_one_full  flex_column_div av-zero-column-padding first  avia-builder-el-4  el_after_av_one_full  el_before_av_hr  column-top-margin\" style='border-radius:0px; '><section class=\"av_textblock_section \"  itemscope=\"itemscope\" itemtype=\"https:\/\/schema.org\/BlogPosting\" itemprop=\"blogPost\" ><div class='avia_textblock  '   itemprop=\"text\" ><p style=\"text-align: justify;\"><em>Alumnos de segundo a\u00f1o de la carrera T\u00e9cnico Nivel Superior en Electricidad participaron en una jornada formativa en terreno, donde conocieron el funcionamiento de una planta fotovoltaica y su aporte al sistema el\u00e9ctrico.<\/em><\/p>\n<p style=\"text-align: justify;\">Como parte del compromiso de la Edelaysen con la educaci\u00f3n t\u00e9cnica y la formaci\u00f3n de futuros profesionales del sector energ\u00e9tico, la empresa recibi\u00f3 en la Central Fotovoltaica El Blanco a estudiantes de segundo a\u00f1o de la carrera T\u00e9cnico de Nivel Superior en Electricidad del CFT Estatal de Puerto Ays\u00e9n.<\/p>\n<p style=\"text-align: justify;\">Durante la jornada, los alumnos participaron en una inducci\u00f3n t\u00e9cnica realizada por profesionales de la empresa, quienes compartieron conocimientos sobre el funcionamiento de esta planta fotovoltaica, sus componentes principales, la generaci\u00f3n de energ\u00eda a partir de fuentes renovables y el importante rol que cumple dentro del sistema el\u00e9ctrico regional.<\/p>\n<p style=\"text-align: justify;\">La visita fue una oportunidad para que los estudiantes complementen su formaci\u00f3n acad\u00e9mica con una experiencia realizada en terreno, resolvieran dudas y observaran de cerca como opera una central de este tipo, que contribuye a diversificar la matriz energ\u00e9tica con foco en la sostenibilidad.<\/p>\n<p style=\"text-align: justify;\">En tal sentido, Yasna Vera, ejecutiva de Edelaysen destac\u00f3 que: \u201cNos encontramos en la Central Fotovoltaica El Blanco, donde como Edelaysen estamos s\u00faper contentos de haber recibido en nuestras instalaciones al CFT Estatal de Puerto Ays\u00e9n, quienes vinieron con estudiante de la carrera de electricidad y la verdad contentos de aportar un granito m\u00e1s hacia su ense\u00f1anza\u201d.<\/p>\n<p style=\"text-align: justify;\">Por su parte Lorenzo Ale, jefe acad\u00e9mico del CFT Estatal de Ays\u00e9n destac\u00f3 que: \u201cVinimos y los estudiantes estuvieron s\u00faper motivados, y muy felices con la visita as\u00ed que damos las gracias a Edelaysen por tener las puertas abiertas y poder recibirnos junto a nuestros estudiantes\u201d.<\/p>\n<p style=\"text-align: justify;\">As\u00ed mismo, Marcelo Pinto, uno de los alumnos asistentes mencion\u00f3 que: \u201cNos pareci\u00f3 una experiencia muy gratificadora, pudimos ver otro tipo de captaci\u00f3n de energ\u00eda que es la energ\u00eda solar, donde est\u00e1 muy en auge el tema de las energ\u00edas renovables y destaca la gran capacidad que tiene esta planta, que inyecta energ\u00eda a la regi\u00f3n de manera efectiva. Una visita muy placentera para todo el curso que nos presentamos ac\u00e1\u201d.<\/p>\n<p style=\"text-align: justify;\">Fue as\u00ed como la actividad permiti\u00f3 generar un espacio de conversaci\u00f3n t\u00e9cnica entre estudiantes y profesionales de la industria el\u00e9ctrica, abriendo nuevas perspectivas para quienes est\u00e1n pr\u00f3ximos a ingresar al mundo laboral. As\u00ed, El Blanco se suma a las visitas guiadas que ya ha realizado el CFT con Edelaysen en Central Hidr\u00e1ulica Puerto Ays\u00e9n y Central E\u00f3lica Alto Baguales, culminando de esta manera, charlas en terreno para los alumnos.<\/p>\n<\/div><\/section><\/div><div  style='height:50px' class='hr hr-invisible   avia-builder-el-6  el_after_av_one_full  el_before_av_social_share '><span class='hr-inner ' ><span class='hr-inner-style'><\/span><\/span><\/div><\/p>\n<div  class='av-social-sharing-box  avia-builder-el-7  el_after_av_hr  el_before_av_hr  '><div class='av-share-box'><h5 class='av-share-link-description av-no-toc '>Compartir esta noticia<\/h5><ul class='av-share-box-list noLightbox'><li class='av-share-link av-social-link-facebook' ><a target=\"_blank\" aria-label=\"Compartir en Facebook\" href='https:\/\/www.facebook.com\/sharer.php?u=https:\/\/radiorevelacionfm.cl\/?p=52678&#038;t=Edelaysen%20recibe%20a%20estudiantes%20de%20CFT%20Estatal%20de%20Puerto%20Ays%C3%A9n%20en%20la%20central%20fotovoltaica%20El%20Blanco' aria-hidden='false' data-av_icon='\ue8f3' data-av_iconfont='entypo-fontello' title='' data-avia-related-tooltip='Compartir en Facebook' rel=\"noopener\"><span class='avia_hidden_link_text'>Compartir en Facebook<\/span><\/a><\/li><li class='av-share-link av-social-link-twitter' ><a target=\"_blank\" aria-label=\"Compartir en Twitter\" href='https:\/\/twitter.com\/share?text=Edelaysen%20recibe%20a%20estudiantes%20de%20CFT%20Estatal%20de%20Puerto%20Ays%C3%A9n%20en%20la%20central%20fotovoltaica%20El%20Blanco&#038;url=https:\/\/radiorevelacionfm.cl\/?p=52678' aria-hidden='false' data-av_icon='\ue8f1' data-av_iconfont='entypo-fontello' title='' data-avia-related-tooltip='Compartir en Twitter' rel=\"noopener\"><span class='avia_hidden_link_text'>Compartir en Twitter<\/span><\/a><\/li><li class='av-share-link av-social-link-whatsapp' ><a target=\"_blank\" aria-label=\"Compartir en Whatsapp\" href='https:\/\/api.whatsapp.com\/send?text=https:\/\/radiorevelacionfm.cl\/?p=52678' aria-hidden='false' data-av_icon='\uf232' data-av_iconfont='entypo-fontello' title='' data-avia-related-tooltip='Compartir en Whatsapp' rel=\"noopener\"><span class='avia_hidden_link_text'>Compartir en Whatsapp<\/span><\/a><\/li><li class='av-share-link av-social-link-linkedin' ><a target=\"_blank\" aria-label=\"Compartir en LinkedIn\" href='https:\/\/linkedin.com\/shareArticle?mini=true&#038;title=Edelaysen%20recibe%20a%20estudiantes%20de%20CFT%20Estatal%20de%20Puerto%20Ays%C3%A9n%20en%20la%20central%20fotovoltaica%20El%20Blanco&#038;url=https:\/\/radiorevelacionfm.cl\/?p=52678' aria-hidden='false' data-av_icon='\ue8fc' data-av_iconfont='entypo-fontello' title='' data-avia-related-tooltip='Compartir en LinkedIn' rel=\"noopener\"><span class='avia_hidden_link_text'>Compartir en LinkedIn<\/span><\/a><\/li><li class='av-share-link av-social-link-mail' ><a  aria-label=\"Compartir por correo\" href='mailto:?subject=Edelaysen%20recibe%20a%20estudiantes%20de%20CFT%20Estatal%20de%20Puerto%20Ays%C3%A9n%20en%20la%20central%20fotovoltaica%20El%20Blanco&#038;body=https:\/\/radiorevelacionfm.cl\/?p=52678' aria-hidden='false' data-av_icon='\ue805' data-av_iconfont='entypo-fontello' title='' data-avia-related-tooltip='Compartir por correo'><span class='avia_hidden_link_text'>Compartir por correo<\/span><\/a><\/li><\/ul><\/div><\/div>\n<div  style='height:50px' class='hr hr-invisible   avia-builder-el-8  el_after_av_social_share  el_before_av_comments_list '><span class='hr-inner ' ><span class='hr-inner-style'><\/span><\/span><\/div>\n<div  class='av-buildercomment  av-blog-meta-html-info-disabled av-blog-meta-tag-disabled  '><\/div>\n","protected":false},"excerpt":{"rendered":"","protected":false},"author":1,"featured_media":52679,"comment_status":"closed","ping_status":"closed","sticky":false,"template":"","format":"standard","meta":{"footnotes":""},"categories":[38],"tags":[],"class_list":["post-52678","post","type-post","status-publish","format-standard","has-post-thumbnail","hentry","category-regional"],"jetpack_featured_media_url":"https:\/\/radiorevelacionfm.cl\/wp-content\/uploads\/2025\/04\/14_optimized.04.2025-cft-estatal-de-puerto-aysen-2-1-1.jpeg","_links":{"self":[{"href":"https:\/\/radiorevelacionfm.cl\/index.php?rest_route=\/wp\/v2\/posts\/52678","targetHints":{"allow":["GET"]}}],"collection":[{"href":"https:\/\/radiorevelacionfm.cl\/index.php?rest_route=\/wp\/v2\/posts"}],"about":[{"href":"https:\/\/radiorevelacionfm.cl\/index.php?rest_route=\/wp\/v2\/types\/post"}],"author":[{"embeddable":true,"href":"https:\/\/radiorevelacionfm.cl\/index.php?rest_route=\/wp\/v2\/users\/1"}],"replies":[{"embeddable":true,"href":"https:\/\/radiorevelacionfm.cl\/index.php?rest_route=%2Fwp%2Fv2%2Fcomments&post=52678"}],"version-history":[{"count":2,"href":"https:\/\/radiorevelacionfm.cl\/index.php?rest_route=\/wp\/v2\/posts\/52678\/revisions"}],"predecessor-version":[{"id":52685,"href":"https:\/\/radiorevelacionfm.cl\/index.php?rest_route=\/wp\/v2\/posts\/52678\/revisions\/52685"}],"wp:featuredmedia":[{"embeddable":true,"href":"https:\/\/radiorevelacionfm.cl\/index.php?rest_route=\/wp\/v2\/media\/52679"}],"wp:attachment":[{"href":"https:\/\/radiorevelacionfm.cl\/index.php?rest_route=%2Fwp%2Fv2%2Fmedia&parent=52678"}],"wp:term":[{"taxonomy":"category","embeddable":true,"href":"https:\/\/radiorevelacionfm.cl\/index.php?rest_route=%2Fwp%2Fv2%2Fcategories&post=52678"},{"taxonomy":"post_tag","embeddable":true,"href":"https:\/\/radiorevelacionfm.cl\/index.php?rest_route=%2Fwp%2Fv2%2Ftags&post=52678"}],"curies":[{"name":"wp","href":"https:\/\/api.w.org\/{rel}","templated":true}]}}