{"id":52675,"date":"2025-04-15T17:26:11","date_gmt":"2025-04-15T20:26:11","guid":{"rendered":"https:\/\/radiorevelacionfm.cl\/?p=52675"},"modified":"2025-04-15T17:26:11","modified_gmt":"2025-04-15T20:26:11","slug":"100-dias-de-gestion-por-una-region-de-aysen-que-vuelva-a-crecer","status":"publish","type":"post","link":"https:\/\/radiorevelacionfm.cl\/?p=52675","title":{"rendered":"100 d\u00edas de gesti\u00f3n: por una Regi\u00f3n de Ays\u00e9n que vuelva a crecer"},"content":{"rendered":"<div class=\"flex_column av_one_full  flex_column_div av-zero-column-padding first  avia-builder-el-0  el_before_av_one_full  avia-builder-el-first  \" style='border-radius:0px; '><div  class='avia-image-container  av-styling-    avia-builder-el-1  avia-builder-el-no-sibling  avia-align-center '  itemprop=\"image\" itemscope=\"itemscope\" itemtype=\"https:\/\/schema.org\/ImageObject\"  ><div class='avia-image-container-inner'><div class='avia-image-overlay-wrap'><img decoding=\"async\" class='wp-image-52676 avia-img-lazy-loading-not-52676 avia_image' src=\"https:\/\/radiorevelacionfm.cl\/wp-content\/uploads\/2025\/04\/Gobernador-Marcelo-Santana-1-1.jpeg\" alt='' title='Gobernador Marcelo Santana (1) (1)' height=\"600\" width=\"899\"  itemprop=\"thumbnailUrl\" srcset=\"https:\/\/radiorevelacionfm.cl\/wp-content\/uploads\/2025\/04\/Gobernador-Marcelo-Santana-1-1.jpeg 899w, https:\/\/radiorevelacionfm.cl\/wp-content\/uploads\/2025\/04\/Gobernador-Marcelo-Santana-1-1-300x200.jpeg 300w, https:\/\/radiorevelacionfm.cl\/wp-content\/uploads\/2025\/04\/Gobernador-Marcelo-Santana-1-1-768x513.jpeg 768w, https:\/\/radiorevelacionfm.cl\/wp-content\/uploads\/2025\/04\/Gobernador-Marcelo-Santana-1-1-705x471.jpeg 705w, https:\/\/radiorevelacionfm.cl\/wp-content\/uploads\/2025\/04\/Gobernador-Marcelo-Santana-1-1-450x300.jpeg 450w, https:\/\/radiorevelacionfm.cl\/wp-content\/uploads\/2025\/04\/Gobernador-Marcelo-Santana-1-1-600x400.jpeg 600w\" sizes=\"(max-width: 899px) 100vw, 899px\" \/><\/div><\/div><\/div><\/div><div class=\"flex_column av_one_full  flex_column_div av-zero-column-padding first  avia-builder-el-2  el_after_av_one_full  el_before_av_one_full  column-top-margin\" style='border-radius:0px; '><section class=\"av_textblock_section \"  itemscope=\"itemscope\" itemtype=\"https:\/\/schema.org\/BlogPosting\" itemprop=\"blogPost\" ><div class='avia_textblock  '   itemprop=\"text\" ><p style=\"text-align: center;\"><strong><span style=\"font-size: 18pt;\">100 d\u00edas de gesti\u00f3n: por una Regi\u00f3n de Ays\u00e9n que vuelva a crecer<\/span><\/strong><\/p>\n<div id=\"gtx-trans\" style=\"position: absolute; left: -50px; top: 4.31534px;\">\n<div class=\"gtx-trans-icon\"><\/div>\n<\/div>\n<\/div><\/section><\/div><div class=\"flex_column av_one_full  flex_column_div av-zero-column-padding first  avia-builder-el-4  el_after_av_one_full  el_before_av_hr  column-top-margin\" style='border-radius:0px; '><section class=\"av_textblock_section \"  itemscope=\"itemscope\" itemtype=\"https:\/\/schema.org\/BlogPosting\" itemprop=\"blogPost\" ><div class='avia_textblock  '   itemprop=\"text\" ><p style=\"text-align: justify;\"><em>Por: Marcelo Santana, gobernador regional Ays\u00e9n<\/em><\/p>\n<p style=\"text-align: justify;\">Es evidente que la Regi\u00f3n de Ays\u00e9n ha evidenciado durante los \u00faltimos a\u00f1os un estancamiento productivo. En 2024, fuimos de la regi\u00f3n de Chile donde el producto interno regional m\u00e1s se contrajo, con cifras negativas en el primer y segundo trimestre. Tendencia que se mantuvo hasta fin de a\u00f1o, cerrando el \u00faltimo trimestre con un crecimiento exiguo del 1%.<\/p>\n<p style=\"text-align: justify;\">El a\u00f1o pasado, durante mi recorrido y conversaciones en distintas comunas de la Regi\u00f3n de Ays\u00e9n, como candidato a gobernador, pude comprobar que la percepci\u00f3n es muy similar entre sus habitantes. A trav\u00e9s de conversaciones con personas de localidades tan lejanas y aisladas como Villa O\u2019Higgins, Lago Verde y Tortel, constat\u00e9 que su principal preocupaci\u00f3n es el estancamiento econ\u00f3mico y que anhelan una mejor calidad de vida para sus familias.<\/p>\n<p style=\"text-align: justify;\">Es una realidad distinta, y por qu\u00e9 no decirlo, m\u00e1s cruda a la del resto del pa\u00eds, ya que si bien la necesidad de mejoras sustantivas en materia laboral, acceso a la salud, educaci\u00f3n y a un entorno m\u00e1s seguro son materias de preocupaci\u00f3n a nivel nacional, en Ays\u00e9n el aislamiento acent\u00faa de forma importante esta problem\u00e1tica.<\/p>\n<p style=\"text-align: justify;\">Sabemos que el camino para encontrar soluciones es el desarrollo de actividades productivas como el turismo, la pesca, el comercio, la ganader\u00eda, la miner\u00eda, entre otras. As\u00ed, la motivaci\u00f3n principal de nuestra gesti\u00f3n, es que Ays\u00e9n vuelva a crecer.<\/p>\n<p style=\"text-align: justify;\">A 100 d\u00edas de haber iniciado mi mandato, lo m\u00e1s urgente, que era ordenar la gesti\u00f3n al interior del Gobierno Regional y resolver el d\u00e9ficit presupuestario de cerca de 9 mil millones, ha sido abordado con rapidez y con foco en una buena y correcta ejecuci\u00f3n de los recursos regionales. Pues, este aspecto fue mirado con displicencia en los a\u00f1os anteriores, siendo en 2024 el Gore Ays\u00e9n uno de los con peor desempe\u00f1o del pa\u00eds, lo que repercute directamente en la actividad econ\u00f3mica de la regi\u00f3n.<\/p>\n<p style=\"text-align: justify;\">En contraste, prontamente presentaremos los ejes de nuestro programa de gobierno cuya columna vertebral es el fomento productivo, lo cual abordaremos a trav\u00e9s de una reorientaci\u00f3n de los recursos, la promoci\u00f3n de alianzas p\u00fablico-privadas y una fuerte inversi\u00f3n p\u00fablica. Entre nuestros objetivos m\u00e1s inmediatos, est\u00e1 el de dise\u00f1ar proyectos competitivos que obtengan financiamiento del Plan de Desarrollo de Zonas Extremas, generando mayor empleo y mayor inversi\u00f3n en nuestra regi\u00f3n.<\/p>\n<p style=\"text-align: justify;\">Estoy convencido de que podemos hacer grandes cosas por Ays\u00e9n. Existen se\u00f1ales positivas y una voluntad transversal de avanzar. As\u00ed lo demuestra la realizaci\u00f3n del Encuentro de Gremios por Chile Regi\u00f3n de Ays\u00e9n, en Coyhaique este 15 de abril, convocado por la Confederaci\u00f3n de la Producci\u00f3n y del Comercio (CPC). Ser\u00e1 una instancia en la que esperamos levantar proyectos y abrir puertas, conformar un frente com\u00fan que empuje la reactivaci\u00f3n econ\u00f3mica.<\/p>\n<p style=\"text-align: justify;\">Como Gobierno Regional tenemos la convicci\u00f3n de que Ays\u00e9n tiene el potencial para volver a crecer y en eso nos enfocaremos. Estamos optimistas: la paulatina reactivaci\u00f3n del sector<\/p>\n<p style=\"text-align: justify;\">de la construcci\u00f3n y obras p\u00fablicas, el aumento del turismo en un 43% en la temporada 2024-2025 y la apertura de Ays\u00e9n a Chile y el resto del mundo con eventos como el Titan Forest Patagonia de mountain bike y el regreso, tras doce a\u00f1os, del RallyMobil a nuestra regi\u00f3n, son una demostraci\u00f3n de que podemos avanzar y destacarnos como un polo atractivo para el resto de Chile y el mundo.<\/p>\n<\/div><\/section><\/div><div  style='height:50px' class='hr hr-invisible   avia-builder-el-6  el_after_av_one_full  el_before_av_social_share '><span class='hr-inner ' ><span class='hr-inner-style'><\/span><\/span><\/div><\/p>\n<div  class='av-social-sharing-box  avia-builder-el-7  el_after_av_hr  el_before_av_hr  '><div class='av-share-box'><h5 class='av-share-link-description av-no-toc '>Compartir esta noticia<\/h5><ul class='av-share-box-list noLightbox'><li class='av-share-link av-social-link-facebook' ><a target=\"_blank\" aria-label=\"Compartir en Facebook\" href='https:\/\/www.facebook.com\/sharer.php?u=https:\/\/radiorevelacionfm.cl\/?p=52675&#038;t=100%20d%C3%ADas%20de%20gesti%C3%B3n%3A%20por%20una%20Regi%C3%B3n%20de%20Ays%C3%A9n%20que%20vuelva%20a%20crecer' aria-hidden='false' data-av_icon='\ue8f3' data-av_iconfont='entypo-fontello' title='' data-avia-related-tooltip='Compartir en Facebook' rel=\"noopener\"><span class='avia_hidden_link_text'>Compartir en Facebook<\/span><\/a><\/li><li class='av-share-link av-social-link-twitter' ><a target=\"_blank\" aria-label=\"Compartir en Twitter\" href='https:\/\/twitter.com\/share?text=100%20d%C3%ADas%20de%20gesti%C3%B3n%3A%20por%20una%20Regi%C3%B3n%20de%20Ays%C3%A9n%20que%20vuelva%20a%20crecer&#038;url=https:\/\/radiorevelacionfm.cl\/?p=52675' aria-hidden='false' data-av_icon='\ue8f1' data-av_iconfont='entypo-fontello' title='' data-avia-related-tooltip='Compartir en Twitter' rel=\"noopener\"><span class='avia_hidden_link_text'>Compartir en Twitter<\/span><\/a><\/li><li class='av-share-link av-social-link-whatsapp' ><a target=\"_blank\" aria-label=\"Compartir en Whatsapp\" href='https:\/\/api.whatsapp.com\/send?text=https:\/\/radiorevelacionfm.cl\/?p=52675' aria-hidden='false' data-av_icon='\uf232' data-av_iconfont='entypo-fontello' title='' data-avia-related-tooltip='Compartir en Whatsapp' rel=\"noopener\"><span class='avia_hidden_link_text'>Compartir en Whatsapp<\/span><\/a><\/li><li class='av-share-link av-social-link-linkedin' ><a target=\"_blank\" aria-label=\"Compartir en LinkedIn\" href='https:\/\/linkedin.com\/shareArticle?mini=true&#038;title=100%20d%C3%ADas%20de%20gesti%C3%B3n%3A%20por%20una%20Regi%C3%B3n%20de%20Ays%C3%A9n%20que%20vuelva%20a%20crecer&#038;url=https:\/\/radiorevelacionfm.cl\/?p=52675' aria-hidden='false' data-av_icon='\ue8fc' data-av_iconfont='entypo-fontello' title='' data-avia-related-tooltip='Compartir en LinkedIn' rel=\"noopener\"><span class='avia_hidden_link_text'>Compartir en LinkedIn<\/span><\/a><\/li><li class='av-share-link av-social-link-mail' ><a  aria-label=\"Compartir por correo\" href='mailto:?subject=100%20d%C3%ADas%20de%20gesti%C3%B3n%3A%20por%20una%20Regi%C3%B3n%20de%20Ays%C3%A9n%20que%20vuelva%20a%20crecer&#038;body=https:\/\/radiorevelacionfm.cl\/?p=52675' aria-hidden='false' data-av_icon='\ue805' data-av_iconfont='entypo-fontello' title='' data-avia-related-tooltip='Compartir por correo'><span class='avia_hidden_link_text'>Compartir por correo<\/span><\/a><\/li><\/ul><\/div><\/div>\n<div  style='height:50px' class='hr hr-invisible   avia-builder-el-8  el_after_av_social_share  el_before_av_comments_list '><span class='hr-inner ' ><span class='hr-inner-style'><\/span><\/span><\/div>\n<div  class='av-buildercomment  av-blog-meta-html-info-disabled av-blog-meta-tag-disabled  '><\/div>\n","protected":false},"excerpt":{"rendered":"","protected":false},"author":1,"featured_media":52676,"comment_status":"closed","ping_status":"closed","sticky":false,"template":"","format":"standard","meta":{"footnotes":""},"categories":[50],"tags":[],"class_list":["post-52675","post","type-post","status-publish","format-standard","has-post-thumbnail","hentry","category-cartas-y-opinion"],"jetpack_featured_media_url":"https:\/\/radiorevelacionfm.cl\/wp-content\/uploads\/2025\/04\/Gobernador-Marcelo-Santana-1-1.jpeg","_links":{"self":[{"href":"https:\/\/radiorevelacionfm.cl\/index.php?rest_route=\/wp\/v2\/posts\/52675","targetHints":{"allow":["GET"]}}],"collection":[{"href":"https:\/\/radiorevelacionfm.cl\/index.php?rest_route=\/wp\/v2\/posts"}],"about":[{"href":"https:\/\/radiorevelacionfm.cl\/index.php?rest_route=\/wp\/v2\/types\/post"}],"author":[{"embeddable":true,"href":"https:\/\/radiorevelacionfm.cl\/index.php?rest_route=\/wp\/v2\/users\/1"}],"replies":[{"embeddable":true,"href":"https:\/\/radiorevelacionfm.cl\/index.php?rest_route=%2Fwp%2Fv2%2Fcomments&post=52675"}],"version-history":[{"count":2,"href":"https:\/\/radiorevelacionfm.cl\/index.php?rest_route=\/wp\/v2\/posts\/52675\/revisions"}],"predecessor-version":[{"id":52718,"href":"https:\/\/radiorevelacionfm.cl\/index.php?rest_route=\/wp\/v2\/posts\/52675\/revisions\/52718"}],"wp:featuredmedia":[{"embeddable":true,"href":"https:\/\/radiorevelacionfm.cl\/index.php?rest_route=\/wp\/v2\/media\/52676"}],"wp:attachment":[{"href":"https:\/\/radiorevelacionfm.cl\/index.php?rest_route=%2Fwp%2Fv2%2Fmedia&parent=52675"}],"wp:term":[{"taxonomy":"category","embeddable":true,"href":"https:\/\/radiorevelacionfm.cl\/index.php?rest_route=%2Fwp%2Fv2%2Fcategories&post=52675"},{"taxonomy":"post_tag","embeddable":true,"href":"https:\/\/radiorevelacionfm.cl\/index.php?rest_route=%2Fwp%2Fv2%2Ftags&post=52675"}],"curies":[{"name":"wp","href":"https:\/\/api.w.org\/{rel}","templated":true}]}}