{"id":5267,"date":"2021-06-14T21:17:55","date_gmt":"2021-06-15T00:17:55","guid":{"rendered":"https:\/\/radiorevelacionfm.cl\/?p=5267"},"modified":"2021-06-14T21:17:55","modified_gmt":"2021-06-15T00:17:55","slug":"siat-de-carabineros-indaga-colision-frontal-entre-ambulancia-y-camion-en-ruta-aysen-coyhaique","status":"publish","type":"post","link":"https:\/\/radiorevelacionfm.cl\/?p=5267","title":{"rendered":"SIAT de Carabineros indaga colisi\u00f3n frontal entre ambulancia y cami\u00f3n en Ruta Ays\u00e9n-Coyhaique"},"content":{"rendered":"<div class=\"flex_column av_one_full  flex_column_div av-zero-column-padding first  avia-builder-el-0  el_before_av_one_full  avia-builder-el-first  \" style='border-radius:0px; '><div  class='avia-image-container  av-styling-    avia-builder-el-1  avia-builder-el-no-sibling  avia-align-center '  itemprop=\"image\" itemscope=\"itemscope\" itemtype=\"https:\/\/schema.org\/ImageObject\"  ><div class='avia-image-container-inner'><div class='avia-image-overlay-wrap'><img decoding=\"async\" class='wp-image-5268 avia-img-lazy-loading-not-5268 avia_image' src=\"https:\/\/radiorevelacionfm.cl\/wp-content\/uploads\/2021\/06\/Accidente-Aysen-Coyhaique-2-1.jpg\" alt='' title='Accidente Aysen-Coyhaique (2) (1)' height=\"600\" width=\"1012\"  itemprop=\"thumbnailUrl\" srcset=\"https:\/\/radiorevelacionfm.cl\/wp-content\/uploads\/2021\/06\/Accidente-Aysen-Coyhaique-2-1.jpg 1012w, https:\/\/radiorevelacionfm.cl\/wp-content\/uploads\/2021\/06\/Accidente-Aysen-Coyhaique-2-1-300x178.jpg 300w, https:\/\/radiorevelacionfm.cl\/wp-content\/uploads\/2021\/06\/Accidente-Aysen-Coyhaique-2-1-768x455.jpg 768w, https:\/\/radiorevelacionfm.cl\/wp-content\/uploads\/2021\/06\/Accidente-Aysen-Coyhaique-2-1-705x418.jpg 705w, https:\/\/radiorevelacionfm.cl\/wp-content\/uploads\/2021\/06\/Accidente-Aysen-Coyhaique-2-1-600x356.jpg 600w\" sizes=\"(max-width: 1012px) 100vw, 1012px\" \/><\/div><\/div><\/div><\/div><div class=\"flex_column av_one_full  flex_column_div av-zero-column-padding first  avia-builder-el-2  el_after_av_one_full  el_before_av_one_full  column-top-margin\" style='border-radius:0px; '><section class=\"av_textblock_section \"  itemscope=\"itemscope\" itemtype=\"https:\/\/schema.org\/BlogPosting\" itemprop=\"blogPost\" ><div class='avia_textblock  '   itemprop=\"text\" ><p style=\"text-align: center;\"><strong><span style=\"font-size: 18pt;\">SIAT de Carabineros indaga colisi\u00f3n frontal entre ambulancia y cami\u00f3n en Ruta Ays\u00e9n-Coyhaique<\/span><\/strong><\/p>\n<div id=\"gtx-trans\" style=\"position: absolute; left: -50px; top: 4.31534px;\">\n<div class=\"gtx-trans-icon\"><\/div>\n<\/div>\n<\/div><\/section><\/div><div class=\"flex_column av_one_full  flex_column_div av-zero-column-padding first  avia-builder-el-4  el_after_av_one_full  el_before_av_hr  column-top-margin\" style='border-radius:0px; '><section class=\"av_textblock_section \"  itemscope=\"itemscope\" itemtype=\"https:\/\/schema.org\/BlogPosting\" itemprop=\"blogPost\" ><div class='avia_textblock  '   itemprop=\"text\" ><p class=\"v1MsoNormal\" style=\"text-align: justify;\">Un saldo de tres personas lesionadas dej\u00f3 una colisi\u00f3n frontal entre una ambulancia y un cami\u00f3n de la empresa Cecinas Llanquihue, hecho registrado en horas de esta ma\u00f1ana a la altura del puente Baguales en la Ruta CH-240 que une las ciudades de Coyhaique y Puerto Ays\u00e9n, hecho que est\u00e1 siendo indagado por la Secci\u00f3n de Investigaci\u00f3n de Accidentes de Tr\u00e1nsito (SIAT) de Carabineros.<\/p>\n<p class=\"v1MsoNormal\" style=\"text-align: justify;\">Un comunicado radial alert\u00f3 al personal territorial, quienes se trasladaron hasta el sector antes se\u00f1alado lugar en que se encontraban ambos veh\u00edculos con da\u00f1os de consideraci\u00f3n en su estructura, ocupando ambas pistas de circulaci\u00f3n, lugar hasta donde concurri\u00f3 igualmente el Samu y Bomberos.<\/p>\n<p class=\"v1MsoNormal\" style=\"text-align: justify;\">Seg\u00fan informaciones, el veh\u00edculo de emergencias se desplazaba de norte a sur trasladando a un paciente, el cual habr\u00eda resultado sin lesiones.<\/p>\n<p class=\"v1MsoNormal\" style=\"text-align: justify;\">Producto del fuerte impacto, ambos conductores y un acompa\u00f1ante que viajaba en la ambulancia, resultaron lesionados siendo derivados al hospital regional para la constataci\u00f3n de lesiones.<\/p>\n<p class=\"v1MsoNormal\" style=\"text-align: justify;\"><b>Hielo en la v\u00eda<\/b><\/p>\n<p class=\"v1MsoNormal\" style=\"text-align: justify;\">El hecho fue informado a la Fiscal\u00eda local de Coyhaique, siendo dispuesta la concurrencia de la SIAT de Carabineros al lugar.<\/p>\n<p class=\"v1MsoNormal\" style=\"text-align: justify;\">Tras aislar el sitio del suceso, el personal realiz\u00f3 la fijaci\u00f3n de este, la medici\u00f3n de indicios de frenado, sumado al an\u00e1lisis de diversas variables que pudieron haber influido en el accidente.<\/p>\n<p class=\"v1MsoNormal\" style=\"text-align: justify;\">Entre las causas probables que indaga el equipo especializado, se encuentra la hip\u00f3tesis de una p\u00e9rdida de control producto de lo resbaladizo de la calzada a ra\u00edz de la acumulaci\u00f3n de hielo o escarcha producto de las bajas temperaturas matinales, lo cual eventualmente pudo haber derivado en la ocurrencia del accidente, hip\u00f3tesis que es indagada por el equipo pericial de la SIAT de Carabineros.<\/p>\n<p class=\"v1MsoNormal\" style=\"text-align: justify;\"><b>Precauci\u00f3n por bajas temperaturas<\/b><\/p>\n<p class=\"v1MsoNormal\" style=\"text-align: justify;\">La Instituci\u00f3n record\u00f3 que para esta semana est\u00e1n previstas temperaturas de hasta unos -8\u00baC, lo que obliga a extremar las medidas de precauci\u00f3n orientadas a prevenir la ocurrencia de accidentes de tr\u00e1nsito.<\/p>\n<p style=\"text-align: justify;\">Salir con la debida antelaci\u00f3n, reducir la velocidad, evitar maniobras bruscas, utilizar neum\u00e1ticos con clavos o cadenas (seg\u00fan sea el caso) y estar atento a las condiciones de la v\u00eda, son recomendaciones que resultan fundamentales para prevenir accidentes producto de la p\u00e9rdida de control del veh\u00edculo durante los desplazamientos, bajo esta condici\u00f3n clim\u00e1tica de bajas temperaturas.<\/p>\n<\/div><\/section><\/div><div  style='height:50px' class='hr hr-invisible   avia-builder-el-6  el_after_av_one_full  el_before_av_social_share '><span class='hr-inner ' ><span class='hr-inner-style'><\/span><\/span><\/div><\/p>\n<div  class='av-social-sharing-box  avia-builder-el-7  el_after_av_hr  el_before_av_hr  '><div class='av-share-box'><h5 class='av-share-link-description av-no-toc '>Compartir esta noticia<\/h5><ul class='av-share-box-list noLightbox'><li class='av-share-link av-social-link-facebook' ><a target=\"_blank\" aria-label=\"Compartir en Facebook\" href='https:\/\/www.facebook.com\/sharer.php?u=https:\/\/radiorevelacionfm.cl\/?p=5267&#038;t=SIAT%20de%20Carabineros%20indaga%20colisi%C3%B3n%20frontal%20entre%20ambulancia%20y%20cami%C3%B3n%20en%20Ruta%20Ays%C3%A9n-Coyhaique' aria-hidden='false' data-av_icon='\ue8f3' data-av_iconfont='entypo-fontello' title='' data-avia-related-tooltip='Compartir en Facebook' rel=\"noopener\"><span class='avia_hidden_link_text'>Compartir en Facebook<\/span><\/a><\/li><li class='av-share-link av-social-link-twitter' ><a target=\"_blank\" aria-label=\"Compartir en Twitter\" href='https:\/\/twitter.com\/share?text=SIAT%20de%20Carabineros%20indaga%20colisi%C3%B3n%20frontal%20entre%20ambulancia%20y%20cami%C3%B3n%20en%20Ruta%20Ays%C3%A9n-Coyhaique&#038;url=https:\/\/radiorevelacionfm.cl\/?p=5267' aria-hidden='false' data-av_icon='\ue8f1' data-av_iconfont='entypo-fontello' title='' data-avia-related-tooltip='Compartir en Twitter' rel=\"noopener\"><span class='avia_hidden_link_text'>Compartir en Twitter<\/span><\/a><\/li><li class='av-share-link av-social-link-whatsapp' ><a target=\"_blank\" aria-label=\"Compartir en Whatsapp\" href='https:\/\/api.whatsapp.com\/send?text=https:\/\/radiorevelacionfm.cl\/?p=5267' aria-hidden='false' data-av_icon='\uf232' data-av_iconfont='entypo-fontello' title='' data-avia-related-tooltip='Compartir en Whatsapp' rel=\"noopener\"><span class='avia_hidden_link_text'>Compartir en Whatsapp<\/span><\/a><\/li><li class='av-share-link av-social-link-linkedin' ><a target=\"_blank\" aria-label=\"Compartir en LinkedIn\" href='https:\/\/linkedin.com\/shareArticle?mini=true&#038;title=SIAT%20de%20Carabineros%20indaga%20colisi%C3%B3n%20frontal%20entre%20ambulancia%20y%20cami%C3%B3n%20en%20Ruta%20Ays%C3%A9n-Coyhaique&#038;url=https:\/\/radiorevelacionfm.cl\/?p=5267' aria-hidden='false' data-av_icon='\ue8fc' data-av_iconfont='entypo-fontello' title='' data-avia-related-tooltip='Compartir en LinkedIn' rel=\"noopener\"><span class='avia_hidden_link_text'>Compartir en LinkedIn<\/span><\/a><\/li><li class='av-share-link av-social-link-mail' ><a  aria-label=\"Compartir por correo\" href='mailto:?subject=SIAT%20de%20Carabineros%20indaga%20colisi%C3%B3n%20frontal%20entre%20ambulancia%20y%20cami%C3%B3n%20en%20Ruta%20Ays%C3%A9n-Coyhaique&#038;body=https:\/\/radiorevelacionfm.cl\/?p=5267' aria-hidden='false' data-av_icon='\ue805' data-av_iconfont='entypo-fontello' title='' data-avia-related-tooltip='Compartir por correo'><span class='avia_hidden_link_text'>Compartir por correo<\/span><\/a><\/li><\/ul><\/div><\/div>\n<div  style='height:50px' class='hr hr-invisible   avia-builder-el-8  el_after_av_social_share  el_before_av_comments_list '><span class='hr-inner ' ><span class='hr-inner-style'><\/span><\/span><\/div>\n<div  class='av-buildercomment  av-blog-meta-html-info-disabled av-blog-meta-tag-disabled  '><\/div>\n","protected":false},"excerpt":{"rendered":"","protected":false},"author":1,"featured_media":5268,"comment_status":"open","ping_status":"open","sticky":false,"template":"","format":"standard","meta":{"footnotes":""},"categories":[36],"tags":[],"class_list":["post-5267","post","type-post","status-publish","format-standard","has-post-thumbnail","hentry","category-policial"],"jetpack_featured_media_url":"https:\/\/radiorevelacionfm.cl\/wp-content\/uploads\/2021\/06\/Accidente-Aysen-Coyhaique-2-1.jpg","_links":{"self":[{"href":"https:\/\/radiorevelacionfm.cl\/index.php?rest_route=\/wp\/v2\/posts\/5267","targetHints":{"allow":["GET"]}}],"collection":[{"href":"https:\/\/radiorevelacionfm.cl\/index.php?rest_route=\/wp\/v2\/posts"}],"about":[{"href":"https:\/\/radiorevelacionfm.cl\/index.php?rest_route=\/wp\/v2\/types\/post"}],"author":[{"embeddable":true,"href":"https:\/\/radiorevelacionfm.cl\/index.php?rest_route=\/wp\/v2\/users\/1"}],"replies":[{"embeddable":true,"href":"https:\/\/radiorevelacionfm.cl\/index.php?rest_route=%2Fwp%2Fv2%2Fcomments&post=5267"}],"version-history":[{"count":1,"href":"https:\/\/radiorevelacionfm.cl\/index.php?rest_route=\/wp\/v2\/posts\/5267\/revisions"}],"predecessor-version":[{"id":5269,"href":"https:\/\/radiorevelacionfm.cl\/index.php?rest_route=\/wp\/v2\/posts\/5267\/revisions\/5269"}],"wp:featuredmedia":[{"embeddable":true,"href":"https:\/\/radiorevelacionfm.cl\/index.php?rest_route=\/wp\/v2\/media\/5268"}],"wp:attachment":[{"href":"https:\/\/radiorevelacionfm.cl\/index.php?rest_route=%2Fwp%2Fv2%2Fmedia&parent=5267"}],"wp:term":[{"taxonomy":"category","embeddable":true,"href":"https:\/\/radiorevelacionfm.cl\/index.php?rest_route=%2Fwp%2Fv2%2Fcategories&post=5267"},{"taxonomy":"post_tag","embeddable":true,"href":"https:\/\/radiorevelacionfm.cl\/index.php?rest_route=%2Fwp%2Fv2%2Ftags&post=5267"}],"curies":[{"name":"wp","href":"https:\/\/api.w.org\/{rel}","templated":true}]}}