{"id":52669,"date":"2025-04-15T10:16:14","date_gmt":"2025-04-15T13:16:14","guid":{"rendered":"https:\/\/radiorevelacionfm.cl\/?p=52669"},"modified":"2025-04-15T10:16:14","modified_gmt":"2025-04-15T13:16:14","slug":"lanzan-segunda-convocatoria-de-beca-de-formacion-digital-que-incluye-dos-semanas-de-clases-en-china","status":"publish","type":"post","link":"https:\/\/radiorevelacionfm.cl\/?p=52669","title":{"rendered":"Lanzan segunda convocatoria de Beca de formaci\u00f3n digital que incluye dos semanas de clases en China"},"content":{"rendered":"<div class=\"flex_column av_one_full  flex_column_div av-zero-column-padding first  avia-builder-el-0  el_before_av_one_full  avia-builder-el-first  \" style='border-radius:0px; '><div  class='avia-image-container  av-styling-    avia-builder-el-1  avia-builder-el-no-sibling  avia-align-center '  itemprop=\"image\" itemscope=\"itemscope\" itemtype=\"https:\/\/schema.org\/ImageObject\"  ><div class='avia-image-container-inner'><div class='avia-image-overlay-wrap'><img decoding=\"async\" class='wp-image-52670 avia-img-lazy-loading-not-52670 avia_image' src=\"https:\/\/radiorevelacionfm.cl\/wp-content\/uploads\/2025\/04\/formacion-digital-1_optimized-1_optimized-1.jpg\" alt='' title='formaci\u00f3n-digital-(1)_optimized-(1)_optimized (1)' height=\"995\" width=\"796\"  itemprop=\"thumbnailUrl\" srcset=\"https:\/\/radiorevelacionfm.cl\/wp-content\/uploads\/2025\/04\/formacion-digital-1_optimized-1_optimized-1.jpg 796w, https:\/\/radiorevelacionfm.cl\/wp-content\/uploads\/2025\/04\/formacion-digital-1_optimized-1_optimized-1-240x300.jpg 240w, https:\/\/radiorevelacionfm.cl\/wp-content\/uploads\/2025\/04\/formacion-digital-1_optimized-1_optimized-1-768x960.jpg 768w, https:\/\/radiorevelacionfm.cl\/wp-content\/uploads\/2025\/04\/formacion-digital-1_optimized-1_optimized-1-564x705.jpg 564w, https:\/\/radiorevelacionfm.cl\/wp-content\/uploads\/2025\/04\/formacion-digital-1_optimized-1_optimized-1-450x563.jpg 450w, https:\/\/radiorevelacionfm.cl\/wp-content\/uploads\/2025\/04\/formacion-digital-1_optimized-1_optimized-1-600x750.jpg 600w\" sizes=\"(max-width: 796px) 100vw, 796px\" \/><\/div><\/div><\/div><\/div><div class=\"flex_column av_one_full  flex_column_div av-zero-column-padding first  avia-builder-el-2  el_after_av_one_full  el_before_av_one_full  column-top-margin\" style='border-radius:0px; '><section class=\"av_textblock_section \"  itemscope=\"itemscope\" itemtype=\"https:\/\/schema.org\/BlogPosting\" itemprop=\"blogPost\" ><div class='avia_textblock  '   itemprop=\"text\" ><p style=\"text-align: center;\"><strong><span style=\"font-size: 18pt;\">Lanzan segunda convocatoria de Beca de formaci\u00f3n digital que incluye dos semanas de clases en China<\/span><\/strong><\/p>\n<div id=\"gtx-trans\" style=\"position: absolute; left: -50px; top: 4.31534px;\">\n<div class=\"gtx-trans-icon\"><\/div>\n<\/div>\n<\/div><\/section><\/div><div class=\"flex_column av_one_full  flex_column_div av-zero-column-padding first  avia-builder-el-4  el_after_av_one_full  el_before_av_hr  column-top-margin\" style='border-radius:0px; '><section class=\"av_textblock_section \"  itemscope=\"itemscope\" itemtype=\"https:\/\/schema.org\/BlogPosting\" itemprop=\"blogPost\" ><div class='avia_textblock  '   itemprop=\"text\" ><p class=\"v1MsoNormal\" style=\"text-align: justify;\" align=\"center\"><i>En la convocatoria 2024 el estudiante Harrison Rivas de la carrera de Analista Programador de Inacap sede Coyhaique estuvo dos semanas en China participando de un programa intensivo de formaci\u00f3n en \u00e1reas como Inteligencia Artificial, uso industrial de 5G (y 5G Avanzado), Ciberseguridad y Energ\u00edas Digitales.<\/i><\/p>\n<p class=\"v1MsoNormal\" style=\"text-align: justify;\">Este 14 de abril se lanz\u00f3 la convocatoria para postular a la segunda edici\u00f3n del Programa de Formaci\u00f3n Digital, Becas Mineduc-Huawei, iniciativa que busca potenciar el desarrollo de j\u00f3venes talentos en Tecnolog\u00edas de la Informaci\u00f3n y la Comunicaci\u00f3n (TIC) con clases intensivas en China. Las becas est\u00e1n dirigidas a estudiantes de educaci\u00f3n superior de carreras t\u00e9cnico profesionales de las \u00e1reas STEM (ciencia, tecnolog\u00eda, ingenier\u00eda y matem\u00e1ticas), que cuenten con nivel de ingl\u00e9s medio o avanzado.<\/p>\n<p class=\"v1MsoNormal\" style=\"text-align: justify;\">El programa es organizado por el Ministerio de Educaci\u00f3n y la compa\u00f1\u00eda tecnol\u00f3gica Huawei, como parte de un Acuerdo de Colaboraci\u00f3n suscrito en 2023 entre el Ministerio Secretar\u00eda General de Gobierno y la empresa china, en el marco de la visita de Estado del Presidente de la Rep\u00fablica, Gabriel Boric. Al igual que en la primera versi\u00f3n, este a\u00f1o se otorgar\u00e1n diez becas que incluyen dos semanas de actividades acad\u00e9micas y culturales en distintas ciudades de China, para profundizar los conocimientos en 5G, Inteligencia Artificial, ciberseguridad y tecnolog\u00eda para energ\u00edas renovables.<\/p>\n<p class=\"v1MsoNormal\" style=\"text-align: justify;\">La Vocera(s) de Gobierno, Ais\u00e9n Etcheverry se\u00f1al\u00f3: \u201cTal como lo ha dicho el Presidente Boric en reiteradas ocasiones, lo mejor que tiene Chile es su talento. Esperamos que las y los estudiantes puedan aprender m\u00e1s para enfrentar los desaf\u00edos de una sociedad moderna y digitalizada\u201d.<\/p>\n<p class=\"v1MsoNormal\" style=\"text-align: justify;\">En tanto, el ministro de Educaci\u00f3n, Nicol\u00e1s Cataldo, se\u00f1al\u00f3 que \u201ces una gran noticia volver a impulsar este programa porque es una experiencia que se llevar\u00e1n las y los becados por el resto de sus a\u00f1os de estudio y de su vida laboral. Este a\u00f1o, en el segundo lanzamiento de la convocatoria, esperamos recibir postulaciones desde distintas regiones para que los conocimientos que puede entregar esta oportunidad de formaci\u00f3n digital lleguen a cada rinc\u00f3n del pa\u00eds, para contribuir al desarrollo de los talentos y tambi\u00e9n al desarrollo de los territorios en materias que hoy son tan importantes como el \u00e1rea de las TIC\u201d.<\/p>\n<p class=\"v1MsoNormal\" style=\"text-align: justify;\">En la regi\u00f3n de Ays\u00e9n\u00a0<b>el Seremi(s) de Educaci\u00f3n Claudio Rivera<\/b>\u00a0record\u00f3 y destac\u00f3 que el a\u00f1o pasado a trav\u00e9s de este convenio p\u00fablico privado el estudiante Harrison Rivas de la carrera de Analista Programador de Inacap sede Coyhaique estuvo dos semanas en China participando de un programa intensivo de formaci\u00f3n en \u00e1reas como Inteligencia Artificial, uso industrial de 5G (y 5G Avanzado), Ciberseguridad y Energ\u00edas Digitales.<\/p>\n<p class=\"v1MsoNormal\" style=\"text-align: justify;\">El programa de becas Mineduc Huawei es resultado del memor\u00e1ndum de entendimiento para la alfabetizaci\u00f3n digital y colaboraci\u00f3n tecnol\u00f3gica, firmado por la Segegob y Huawei en octubre de 2023, en el marco de la gira del Presidente Gabriel Boric al pa\u00eds asi\u00e1tico.<\/p>\n<p class=\"v1MsoNormal\" style=\"text-align: justify;\">\u201cFelicitamos a Harrison Rivas por la experiencia vivida\u00a0 y motivamos a los estudiantes de carreras t\u00e9cnicas de la regi\u00f3n a sumarse a esta\u00a0 convocatoria 2025 para optar a una pasant\u00eda en China en el \u00e1mbito tecnol\u00f3gico. Esta es una inversi\u00f3n en las personas y vemos que Harrison retorna a Chile lleno de experiencias profesionales y humanas que quiere compartir en el pa\u00eds y en su regi\u00f3n y eso nos tiene muy contentos como gobierno\u201d.<\/p>\n<p class=\"v1MsoNormal\" style=\"text-align: justify;\">En esa misma l\u00ednea, Harrison Rivas invit\u00f3 a sus pares de la regi\u00f3n a postular y a aprovechar esta gran oportunidad\u201d.<\/p>\n<p class=\"v1MsoNormal\" style=\"text-align: justify;\">\u201cQuiero invitar a las y los estudiantes t\u00e9cnicos del \u00e1rea de la Tecnolog\u00eda, Ciencias, Matem\u00e1ticas de la regi\u00f3n a participar en las postulaciones que dan la posibilidad de viajar y conocer China y vivir una experiencia acad\u00e9mica y cultural \u00fanica, junto a otros estudiantes y profesionales de nuestro pa\u00eds con los cuales comparten intereses en com\u00fan. Podr\u00e1n ver como trabajan en China tecnolog\u00edas que han llegado hace poco a Chile. Suerte para quienes postulen a esta pasant\u00eda que para m\u00ed fue inolvidable\u201d.<\/p>\n<p class=\"v1MsoNormal\" style=\"text-align: justify;\">La gerente de Comunicaciones de Huawei, Silvana Droppelmann destac\u00f3 que \u201clas Becas Mineduc-Huawei son una muestra clara de que la colaboraci\u00f3n p\u00fablico-privada es muy positiva para el pa\u00eds, ya que estamos aportando en especializar a j\u00f3venes en \u00e1reas donde hay una creciente demanda\u201d.<\/p>\n<p class=\"v1MsoNormal\" style=\"text-align: justify;\"><b>\u00bfC\u00f3mo y qui\u00e9nes pueden postular?<\/b><\/p>\n<p class=\"v1MsoNormal\" style=\"text-align: justify;\">Podr\u00e1n postular quienes sean estudiantes regulares de una carrera t\u00e9cnico profesional STEM en una instituci\u00f3n de educaci\u00f3n superior chilena, de cualquier ciudad del pa\u00eds, con un promedio de notas igual o superior a 5,5. Adem\u00e1s, se requiere un nivel de ingl\u00e9s medio o avanzado \u2014ya que las clases se impartir\u00e1n en dicho idioma\u2014 y estar cursando, al menos, el tercer semestre.<\/p>\n<p class=\"v1MsoNormal\" style=\"text-align: justify;\">Las personas interesadas deben completar un formulario en l\u00ednea, que encontrar\u00e1n en el siguiente link:\u00a0<a href=\"http:\/\/link.prezly.net\/ls\/click?upn=u001.h4OnRfrqI-2F0bCHtbCiQa2Zwe2LDaOPADWcDWyFsX6wFbnkgyZFEU9KzTN2ok63BhBRun_1KTIbJiCQ9Xbe-2Ftz060QQ5iQzL8W8-2FwmIMQgpqeM5Ez5DF397cMk3LD50SGRWkw2U1f3rEZ0HUd16uNdxaeKvgfQbgXe4eqtlbqQp3JK8CQvDQkwrZ8Nza73hY4iwsvXwljKG8sXkykXEg0Q9BT9KNuSoaZZdQY3cnH4hTvNYyoqn4SL9FJcPT7mB4-2Fc9U1gXYZnsyThEmhfxrE7HbsWYnb7BQ5seusbqyCC-2B0PA-2BEJy-2FK8qpx8dXKBeqRhfW7gQWgP3ngSKxuu80QZO7TYpn3LTnS1hdYDRLzeQYOqGPv-2F96ZyJCKd7SvxlEUzkjobIk-2FCMqyMBmKgtFbMEH9D-2BffpJMwtFhD-2BIRwFV4chVL58JnCBB2-2B6ctbVInKTlQVxnmcF-2B6zFCK-2BbXQmOONHfwSi-2BC2VyCAKlKPQmXqpse6oBAi5j-2BbmDo1KjOezshT-2BThU8iyNk2q0KM5Y0zNfNO-2FJQ-3D-3D\" target=\"_blank\" rel=\"noopener noreferrer\">https:\/\/formaciondigital.mineduc.cl\/<\/a>\u00a0Posteriormente, pasar\u00e1n por un proceso de selecci\u00f3n en el que participar\u00e1n organizaciones como Unesco, Fundaci\u00f3n Pa\u00eds Digital, Corfo e InvestChile.<\/p>\n<p class=\"v1MsoNormal\" style=\"text-align: justify;\">El viaje a China se realizar\u00e1 a comienzos de agosto, con un itinerario que incluye las ciudades de Shenzhen -sede de las grandes compa\u00f1\u00edas tecnol\u00f3gicas chinas-, Dongguan, Beijing y Shanghai. El objetivo es que las y los j\u00f3venes no s\u00f3lo adquieran nuevas herramientas digitales, sino tambi\u00e9n tengan la oportunidad de experimentar y aprender parte de la cultura local.<\/p>\n<p class=\"v1MsoNormal\" style=\"text-align: justify;\">En 2024, j\u00f3venes de Arica a Punta Arenas postularon a la primera edici\u00f3n del Programa de Formaci\u00f3n Digital, el que tambi\u00e9n cont\u00f3 con diez cupos. Las personas seleccionadas fueron cinco mujeres y cinco hombres, seis de ellos de ciudades distintas a Santiago. Durante el viaje recibieron clases y tutor\u00edas impartidas por especialistas de renombre internacional en instalaciones acad\u00e9micas de Huawei, adem\u00e1s de visitar sitios hist\u00f3ricos como la Gran Muralla China y la Ciudad Prohibida.<\/p>\n<\/div><\/section><\/div><div  style='height:50px' class='hr hr-invisible   avia-builder-el-6  el_after_av_one_full  el_before_av_social_share '><span class='hr-inner ' ><span class='hr-inner-style'><\/span><\/span><\/div><\/p>\n<div  class='av-social-sharing-box  avia-builder-el-7  el_after_av_hr  el_before_av_hr  '><div class='av-share-box'><h5 class='av-share-link-description av-no-toc '>Compartir esta noticia<\/h5><ul class='av-share-box-list noLightbox'><li class='av-share-link av-social-link-facebook' ><a target=\"_blank\" aria-label=\"Compartir en Facebook\" href='https:\/\/www.facebook.com\/sharer.php?u=https:\/\/radiorevelacionfm.cl\/?p=52669&#038;t=Lanzan%20segunda%20convocatoria%20de%20Beca%20de%20formaci%C3%B3n%20digital%20que%20incluye%20dos%20semanas%20de%20clases%20en%20China' aria-hidden='false' data-av_icon='\ue8f3' data-av_iconfont='entypo-fontello' title='' data-avia-related-tooltip='Compartir en Facebook' rel=\"noopener\"><span class='avia_hidden_link_text'>Compartir en Facebook<\/span><\/a><\/li><li class='av-share-link av-social-link-twitter' ><a target=\"_blank\" aria-label=\"Compartir en Twitter\" href='https:\/\/twitter.com\/share?text=Lanzan%20segunda%20convocatoria%20de%20Beca%20de%20formaci%C3%B3n%20digital%20que%20incluye%20dos%20semanas%20de%20clases%20en%20China&#038;url=https:\/\/radiorevelacionfm.cl\/?p=52669' aria-hidden='false' data-av_icon='\ue8f1' data-av_iconfont='entypo-fontello' title='' data-avia-related-tooltip='Compartir en Twitter' rel=\"noopener\"><span class='avia_hidden_link_text'>Compartir en Twitter<\/span><\/a><\/li><li class='av-share-link av-social-link-whatsapp' ><a target=\"_blank\" aria-label=\"Compartir en Whatsapp\" href='https:\/\/api.whatsapp.com\/send?text=https:\/\/radiorevelacionfm.cl\/?p=52669' aria-hidden='false' data-av_icon='\uf232' data-av_iconfont='entypo-fontello' title='' data-avia-related-tooltip='Compartir en Whatsapp' rel=\"noopener\"><span class='avia_hidden_link_text'>Compartir en Whatsapp<\/span><\/a><\/li><li class='av-share-link av-social-link-linkedin' ><a target=\"_blank\" aria-label=\"Compartir en LinkedIn\" href='https:\/\/linkedin.com\/shareArticle?mini=true&#038;title=Lanzan%20segunda%20convocatoria%20de%20Beca%20de%20formaci%C3%B3n%20digital%20que%20incluye%20dos%20semanas%20de%20clases%20en%20China&#038;url=https:\/\/radiorevelacionfm.cl\/?p=52669' aria-hidden='false' data-av_icon='\ue8fc' data-av_iconfont='entypo-fontello' title='' data-avia-related-tooltip='Compartir en LinkedIn' rel=\"noopener\"><span class='avia_hidden_link_text'>Compartir en LinkedIn<\/span><\/a><\/li><li class='av-share-link av-social-link-mail' ><a  aria-label=\"Compartir por correo\" href='mailto:?subject=Lanzan%20segunda%20convocatoria%20de%20Beca%20de%20formaci%C3%B3n%20digital%20que%20incluye%20dos%20semanas%20de%20clases%20en%20China&#038;body=https:\/\/radiorevelacionfm.cl\/?p=52669' aria-hidden='false' data-av_icon='\ue805' data-av_iconfont='entypo-fontello' title='' data-avia-related-tooltip='Compartir por correo'><span class='avia_hidden_link_text'>Compartir por correo<\/span><\/a><\/li><\/ul><\/div><\/div>\n<div  style='height:50px' class='hr hr-invisible   avia-builder-el-8  el_after_av_social_share  el_before_av_comments_list '><span class='hr-inner ' ><span class='hr-inner-style'><\/span><\/span><\/div>\n<div  class='av-buildercomment  av-blog-meta-html-info-disabled av-blog-meta-tag-disabled  '><\/div>\n","protected":false},"excerpt":{"rendered":"","protected":false},"author":1,"featured_media":52670,"comment_status":"closed","ping_status":"closed","sticky":false,"template":"","format":"standard","meta":{"footnotes":""},"categories":[49],"tags":[],"class_list":["post-52669","post","type-post","status-publish","format-standard","has-post-thumbnail","hentry","category-educacion"],"jetpack_featured_media_url":"https:\/\/radiorevelacionfm.cl\/wp-content\/uploads\/2025\/04\/formacion-digital-1_optimized-1_optimized-1.jpg","_links":{"self":[{"href":"https:\/\/radiorevelacionfm.cl\/index.php?rest_route=\/wp\/v2\/posts\/52669","targetHints":{"allow":["GET"]}}],"collection":[{"href":"https:\/\/radiorevelacionfm.cl\/index.php?rest_route=\/wp\/v2\/posts"}],"about":[{"href":"https:\/\/radiorevelacionfm.cl\/index.php?rest_route=\/wp\/v2\/types\/post"}],"author":[{"embeddable":true,"href":"https:\/\/radiorevelacionfm.cl\/index.php?rest_route=\/wp\/v2\/users\/1"}],"replies":[{"embeddable":true,"href":"https:\/\/radiorevelacionfm.cl\/index.php?rest_route=%2Fwp%2Fv2%2Fcomments&post=52669"}],"version-history":[{"count":2,"href":"https:\/\/radiorevelacionfm.cl\/index.php?rest_route=\/wp\/v2\/posts\/52669\/revisions"}],"predecessor-version":[{"id":52686,"href":"https:\/\/radiorevelacionfm.cl\/index.php?rest_route=\/wp\/v2\/posts\/52669\/revisions\/52686"}],"wp:featuredmedia":[{"embeddable":true,"href":"https:\/\/radiorevelacionfm.cl\/index.php?rest_route=\/wp\/v2\/media\/52670"}],"wp:attachment":[{"href":"https:\/\/radiorevelacionfm.cl\/index.php?rest_route=%2Fwp%2Fv2%2Fmedia&parent=52669"}],"wp:term":[{"taxonomy":"category","embeddable":true,"href":"https:\/\/radiorevelacionfm.cl\/index.php?rest_route=%2Fwp%2Fv2%2Fcategories&post=52669"},{"taxonomy":"post_tag","embeddable":true,"href":"https:\/\/radiorevelacionfm.cl\/index.php?rest_route=%2Fwp%2Fv2%2Ftags&post=52669"}],"curies":[{"name":"wp","href":"https:\/\/api.w.org\/{rel}","templated":true}]}}