{"id":52666,"date":"2025-04-15T10:54:15","date_gmt":"2025-04-15T13:54:15","guid":{"rendered":"https:\/\/radiorevelacionfm.cl\/?p=52666"},"modified":"2025-04-15T10:54:15","modified_gmt":"2025-04-15T13:54:15","slug":"senda-aysen-presenta-resultados-regionales-de-la-encuesta-juventud-y-bienestar-2024","status":"publish","type":"post","link":"https:\/\/radiorevelacionfm.cl\/?p=52666","title":{"rendered":"Senda Ays\u00e9n presenta resultados regionales de la Encuesta Juventud y Bienestar 2024"},"content":{"rendered":"<div class=\"flex_column av_one_full  flex_column_div av-zero-column-padding first  avia-builder-el-0  el_before_av_one_full  avia-builder-el-first  \" style='border-radius:0px; '><div  class='avia-image-container  av-styling-    avia-builder-el-1  avia-builder-el-no-sibling  avia-align-center '  itemprop=\"image\" itemscope=\"itemscope\" itemtype=\"https:\/\/schema.org\/ImageObject\"  ><div class='avia-image-container-inner'><div class='avia-image-overlay-wrap'><img decoding=\"async\" class='wp-image-52667 avia-img-lazy-loading-not-52667 avia_image' src=\"https:\/\/radiorevelacionfm.cl\/wp-content\/uploads\/2025\/04\/ejb8-1_optimized.jpeg\" alt='' title='ejb8-(1)_optimized' height=\"600\" width=\"958\"  itemprop=\"thumbnailUrl\" srcset=\"https:\/\/radiorevelacionfm.cl\/wp-content\/uploads\/2025\/04\/ejb8-1_optimized.jpeg 958w, https:\/\/radiorevelacionfm.cl\/wp-content\/uploads\/2025\/04\/ejb8-1_optimized-300x188.jpeg 300w, https:\/\/radiorevelacionfm.cl\/wp-content\/uploads\/2025\/04\/ejb8-1_optimized-768x481.jpeg 768w, https:\/\/radiorevelacionfm.cl\/wp-content\/uploads\/2025\/04\/ejb8-1_optimized-705x442.jpeg 705w, https:\/\/radiorevelacionfm.cl\/wp-content\/uploads\/2025\/04\/ejb8-1_optimized-450x282.jpeg 450w, https:\/\/radiorevelacionfm.cl\/wp-content\/uploads\/2025\/04\/ejb8-1_optimized-600x376.jpeg 600w\" sizes=\"(max-width: 958px) 100vw, 958px\" \/><\/div><\/div><\/div><\/div><div class=\"flex_column av_one_full  flex_column_div av-zero-column-padding first  avia-builder-el-2  el_after_av_one_full  el_before_av_one_full  column-top-margin\" style='border-radius:0px; '><section class=\"av_textblock_section \"  itemscope=\"itemscope\" itemtype=\"https:\/\/schema.org\/BlogPosting\" itemprop=\"blogPost\" ><div class='avia_textblock  '   itemprop=\"text\" ><p style=\"text-align: center;\"><strong><span style=\"font-size: 18pt;\">Senda Ays\u00e9n presenta resultados regionales de la Encuesta Juventud y Bienestar 2024<\/span><\/strong><\/p>\n<div id=\"gtx-trans\" style=\"position: absolute; left: -50px; top: 4.31534px;\">\n<div class=\"gtx-trans-icon\"><\/div>\n<\/div>\n<\/div><\/section><\/div><div class=\"flex_column av_one_full  flex_column_div av-zero-column-padding first  avia-builder-el-4  el_after_av_one_full  el_before_av_hr  column-top-margin\" style='border-radius:0px; '><section class=\"av_textblock_section \"  itemscope=\"itemscope\" itemtype=\"https:\/\/schema.org\/BlogPosting\" itemprop=\"blogPost\" ><div class='avia_textblock  '   itemprop=\"text\" ><p style=\"text-align: justify;\">En una jornada marcada por el di\u00e1logo y la reflexi\u00f3n en torno al bienestar adolescente, el Servicio Nacional para la Prevenci\u00f3n y Rehabilitaci\u00f3n del Consumo de Drogas y Alcohol (SENDA) present\u00f3 en el Colegio Alianza Austral de Coyhaique los principales resultados regionales de la <strong>Encuesta Juventud y Bienestar <\/strong>2024, instrumento aplicado a estudiantes de 2\u00b0 medio en ocho comunas de la Regi\u00f3n de Ays\u00e9n.<\/p>\n<p style=\"text-align: justify;\">La actividad fue encabezada por la Directora Regional de SENDA, Victoria Contreras Lemus, quien destac\u00f3 que esta encuesta permite conocer c\u00f3mo se sienten las juventudes, qu\u00e9 factores los protegen, qu\u00e9 desaf\u00edos enfrentan y c\u00f3mo podemos acompa\u00f1arles de mejor manera desde el Estado y la comunidad: \u201cLe preguntamos sobre una serie de dudas y consultas que ten\u00edamos en torno a su bienestar, tanto en relaci\u00f3n con la familia, con sus pares, con la escuela y tambi\u00e9n como est\u00e1n haciendo uso de su tiempo libre. Si bien, la mayor\u00eda de los j\u00f3venes se sienten felices y satisfechos con la vida que tienen, tambi\u00e9n hay algunos antecedentes que nos preocupan y que es importante que todas las instituciones nos pongamos a disposici\u00f3n para poder hacer uso de esta informaci\u00f3n que las y los j\u00f3venes nos contaron.\u201d<\/p>\n<p style=\"text-align: justify;\">En la instancia participaron representantes de la Delegaci\u00f3n Presidencial Regional, la Seremi de Desarrollo Social y Familia, INJUV, el Ministerio de Educaci\u00f3n, la Seremi de las Culturas, las Artes y el Patrimonio, la Seremi de Gobierno, as\u00ed como equipos comunales de SENDA Previene, docentes y estudiantes del Liceo Josefina Aguirre Montenegro, Liceo Francisco Xavier Buti\u00f1\u00e1 y el propio Colegio Alianza Austral.<\/p>\n<p style=\"text-align: justify;\">Uno de los principales hallazgos positivos del estudio es que <strong>el 78,8% de los y las adolescentes de la regi\u00f3n declara sentirse contento con su vida<\/strong>, y un <strong>78,7% se siente feliz<\/strong>, lo que evidencia la presencia de factores protectores significativos que deben ser fortalecidos desde el entorno familiar, escolar y comunitario.<\/p>\n<p style=\"text-align: justify;\">Sin embargo, tambi\u00e9n se evidenciaron indicadores que llaman a redoblar los esfuerzos preventivos, como el <strong>31,3% que manifiesta sentir que es un fracaso<\/strong> o el <strong>34,4% que declara tener dificultades para hablar temas personales con adultos cercanos<\/strong>.<\/p>\n<p style=\"text-align: justify;\">Asimismo, los datos reflejan que el consumo de sustancias como alcohol o marihuana es significativamente m\u00e1s alto en entornos con <strong>bajo control parental y escasa expresi\u00f3n de afecto<\/strong>. En contraste, los y las j\u00f3venes que perciben mayor acompa\u00f1amiento adulto presentan menores niveles de consumo, lo que refuerza el valor de los v\u00ednculos familiares y del grupo de pares.<\/p>\n<p style=\"text-align: justify;\">La encuesta, aplicada en m\u00e1s de 1.200 estudiantes en la regi\u00f3n, entrega informaci\u00f3n concreta a nivel comunal y por establecimiento, lo que permite a establecimientos educacionales, municipios y servicios p\u00fablicos dise\u00f1ar o ajustar planes preventivos con enfoque territorial.<\/p>\n<p style=\"text-align: justify;\">Robinson Hormaz\u00e1bal, se\u00f1al\u00f3: \u201cEs muy importante que participen con nosotros para entregar los resultados en la comuna de Coyhaique porque somos uno de los establecimientos educacionales que lleva tres a\u00f1os consecutivos trabajando con SENDA, con todos los programas que han implementado y toda iniciativa, toda estrategia que se pueda generar con los resultados que hoy se presentaron, para nosotros es fundamental porque podemos generar instancias para nuestros estudiantes, para actividades, acciones que puedan vincularse incluso con otros establecimientos de la comuna de Coyhaique o en acciones que son comunitarias.\u201d<\/p>\n<p style=\"text-align: justify;\">Desde SENDA se enfatiz\u00f3 que esta informaci\u00f3n no solo entrega datos, sino que debe <strong>activar acciones concretas<\/strong>, a trav\u00e9s del trabajo coordinado con instituciones como INJUV, Mineduc, Seremi de las Culturas, Seremi del Deporte, Oficina Local de la Ni\u00f1ez, gobiernos locales, comunidades educativas, entre otras. Adem\u00e1s, se destac\u00f3 el despliegue de programas como <strong>PrePARA2<\/strong>, estrategias de <strong>Parentalidad <\/strong>y el rol de <strong>SENDA Previene<\/strong>, presente en las comunas de <strong>Coyhaique, Chile Chico y Ays\u00e9n<\/strong>.<\/p>\n<p style=\"text-align: justify;\">Por su parte, Aylin Elgueta, representante estudiantil del Liceo Francisco Xavier Buti\u00f1a destac\u00f3 la ejecuci\u00f3n de iniciativas como \u00e9stas: \u201cla actividad fue super completa, super bonita, la experiencia de poder compartir con personas externas a una; el hecho de opinar y tener una instancia as\u00ed hace enriquecer nuestros conocimientos\u201d.<\/p>\n<p style=\"text-align: justify;\">El encuentro cerr\u00f3 con un conversatorio entre autoridades y estudiantes, reafirmando el compromiso regional de <strong>escuchar a las juventudes para la toma de decisiones reales y efectivas<\/strong>.<\/p>\n<\/div><\/section><\/div><div  style='height:50px' class='hr hr-invisible   avia-builder-el-6  el_after_av_one_full  el_before_av_social_share '><span class='hr-inner ' ><span class='hr-inner-style'><\/span><\/span><\/div><\/p>\n<div  class='av-social-sharing-box  avia-builder-el-7  el_after_av_hr  el_before_av_hr  '><div class='av-share-box'><h5 class='av-share-link-description av-no-toc '>Compartir esta noticia<\/h5><ul class='av-share-box-list noLightbox'><li class='av-share-link av-social-link-facebook' ><a target=\"_blank\" aria-label=\"Compartir en Facebook\" href='https:\/\/www.facebook.com\/sharer.php?u=https:\/\/radiorevelacionfm.cl\/?p=52666&#038;t=Senda%20Ays%C3%A9n%20presenta%20resultados%20regionales%20de%20la%20Encuesta%20Juventud%20y%20Bienestar%202024' aria-hidden='false' data-av_icon='\ue8f3' data-av_iconfont='entypo-fontello' title='' data-avia-related-tooltip='Compartir en Facebook' rel=\"noopener\"><span class='avia_hidden_link_text'>Compartir en Facebook<\/span><\/a><\/li><li class='av-share-link av-social-link-twitter' ><a target=\"_blank\" aria-label=\"Compartir en Twitter\" href='https:\/\/twitter.com\/share?text=Senda%20Ays%C3%A9n%20presenta%20resultados%20regionales%20de%20la%20Encuesta%20Juventud%20y%20Bienestar%202024&#038;url=https:\/\/radiorevelacionfm.cl\/?p=52666' aria-hidden='false' data-av_icon='\ue8f1' data-av_iconfont='entypo-fontello' title='' data-avia-related-tooltip='Compartir en Twitter' rel=\"noopener\"><span class='avia_hidden_link_text'>Compartir en Twitter<\/span><\/a><\/li><li class='av-share-link av-social-link-whatsapp' ><a target=\"_blank\" aria-label=\"Compartir en Whatsapp\" href='https:\/\/api.whatsapp.com\/send?text=https:\/\/radiorevelacionfm.cl\/?p=52666' aria-hidden='false' data-av_icon='\uf232' data-av_iconfont='entypo-fontello' title='' data-avia-related-tooltip='Compartir en Whatsapp' rel=\"noopener\"><span class='avia_hidden_link_text'>Compartir en Whatsapp<\/span><\/a><\/li><li class='av-share-link av-social-link-linkedin' ><a target=\"_blank\" aria-label=\"Compartir en LinkedIn\" href='https:\/\/linkedin.com\/shareArticle?mini=true&#038;title=Senda%20Ays%C3%A9n%20presenta%20resultados%20regionales%20de%20la%20Encuesta%20Juventud%20y%20Bienestar%202024&#038;url=https:\/\/radiorevelacionfm.cl\/?p=52666' aria-hidden='false' data-av_icon='\ue8fc' data-av_iconfont='entypo-fontello' title='' data-avia-related-tooltip='Compartir en LinkedIn' rel=\"noopener\"><span class='avia_hidden_link_text'>Compartir en LinkedIn<\/span><\/a><\/li><li class='av-share-link av-social-link-mail' ><a  aria-label=\"Compartir por correo\" href='mailto:?subject=Senda%20Ays%C3%A9n%20presenta%20resultados%20regionales%20de%20la%20Encuesta%20Juventud%20y%20Bienestar%202024&#038;body=https:\/\/radiorevelacionfm.cl\/?p=52666' aria-hidden='false' data-av_icon='\ue805' data-av_iconfont='entypo-fontello' title='' data-avia-related-tooltip='Compartir por correo'><span class='avia_hidden_link_text'>Compartir por correo<\/span><\/a><\/li><\/ul><\/div><\/div>\n<div  style='height:50px' class='hr hr-invisible   avia-builder-el-8  el_after_av_social_share  el_before_av_comments_list '><span class='hr-inner ' ><span class='hr-inner-style'><\/span><\/span><\/div>\n<div  class='av-buildercomment  av-blog-meta-html-info-disabled av-blog-meta-tag-disabled  '><\/div>\n","protected":false},"excerpt":{"rendered":"","protected":false},"author":1,"featured_media":52667,"comment_status":"closed","ping_status":"closed","sticky":false,"template":"","format":"standard","meta":{"footnotes":""},"categories":[38],"tags":[],"class_list":["post-52666","post","type-post","status-publish","format-standard","has-post-thumbnail","hentry","category-regional"],"jetpack_featured_media_url":"https:\/\/radiorevelacionfm.cl\/wp-content\/uploads\/2025\/04\/ejb8-1_optimized.jpeg","_links":{"self":[{"href":"https:\/\/radiorevelacionfm.cl\/index.php?rest_route=\/wp\/v2\/posts\/52666","targetHints":{"allow":["GET"]}}],"collection":[{"href":"https:\/\/radiorevelacionfm.cl\/index.php?rest_route=\/wp\/v2\/posts"}],"about":[{"href":"https:\/\/radiorevelacionfm.cl\/index.php?rest_route=\/wp\/v2\/types\/post"}],"author":[{"embeddable":true,"href":"https:\/\/radiorevelacionfm.cl\/index.php?rest_route=\/wp\/v2\/users\/1"}],"replies":[{"embeddable":true,"href":"https:\/\/radiorevelacionfm.cl\/index.php?rest_route=%2Fwp%2Fv2%2Fcomments&post=52666"}],"version-history":[{"count":2,"href":"https:\/\/radiorevelacionfm.cl\/index.php?rest_route=\/wp\/v2\/posts\/52666\/revisions"}],"predecessor-version":[{"id":52690,"href":"https:\/\/radiorevelacionfm.cl\/index.php?rest_route=\/wp\/v2\/posts\/52666\/revisions\/52690"}],"wp:featuredmedia":[{"embeddable":true,"href":"https:\/\/radiorevelacionfm.cl\/index.php?rest_route=\/wp\/v2\/media\/52667"}],"wp:attachment":[{"href":"https:\/\/radiorevelacionfm.cl\/index.php?rest_route=%2Fwp%2Fv2%2Fmedia&parent=52666"}],"wp:term":[{"taxonomy":"category","embeddable":true,"href":"https:\/\/radiorevelacionfm.cl\/index.php?rest_route=%2Fwp%2Fv2%2Fcategories&post=52666"},{"taxonomy":"post_tag","embeddable":true,"href":"https:\/\/radiorevelacionfm.cl\/index.php?rest_route=%2Fwp%2Fv2%2Ftags&post=52666"}],"curies":[{"name":"wp","href":"https:\/\/api.w.org\/{rel}","templated":true}]}}