{"id":52663,"date":"2025-04-14T21:47:08","date_gmt":"2025-04-15T00:47:08","guid":{"rendered":"https:\/\/radiorevelacionfm.cl\/?p=52663"},"modified":"2025-04-14T21:47:08","modified_gmt":"2025-04-15T00:47:08","slug":"seremis-de-salud-y-gobierno-reiteran-llamado-a-reforzar-el-autocuidado-en-semana-santa","status":"publish","type":"post","link":"https:\/\/radiorevelacionfm.cl\/?p=52663","title":{"rendered":"Seremis de Salud y Gobierno reiteran llamado a reforzar el autocuidado en Semana Santa"},"content":{"rendered":"<div class=\"flex_column av_one_full  flex_column_div av-zero-column-padding first  avia-builder-el-0  el_before_av_one_full  avia-builder-el-first  \" style='border-radius:0px; '><div  class='avia-image-container  av-styling-    avia-builder-el-1  avia-builder-el-no-sibling  avia-align-center '  itemprop=\"image\" itemscope=\"itemscope\" itemtype=\"https:\/\/schema.org\/ImageObject\"  ><div class='avia-image-container-inner'><div class='avia-image-overlay-wrap'><img decoding=\"async\" class='wp-image-52664 avia-img-lazy-loading-not-52664 avia_image' src=\"https:\/\/radiorevelacionfm.cl\/wp-content\/uploads\/2025\/04\/Foto-marea-roja-1-1.jpeg\" alt='' title='Foto marea roja (1) (1)' height=\"600\" width=\"822\"  itemprop=\"thumbnailUrl\" srcset=\"https:\/\/radiorevelacionfm.cl\/wp-content\/uploads\/2025\/04\/Foto-marea-roja-1-1.jpeg 822w, https:\/\/radiorevelacionfm.cl\/wp-content\/uploads\/2025\/04\/Foto-marea-roja-1-1-300x219.jpeg 300w, https:\/\/radiorevelacionfm.cl\/wp-content\/uploads\/2025\/04\/Foto-marea-roja-1-1-768x561.jpeg 768w, https:\/\/radiorevelacionfm.cl\/wp-content\/uploads\/2025\/04\/Foto-marea-roja-1-1-705x515.jpeg 705w, https:\/\/radiorevelacionfm.cl\/wp-content\/uploads\/2025\/04\/Foto-marea-roja-1-1-450x328.jpeg 450w, https:\/\/radiorevelacionfm.cl\/wp-content\/uploads\/2025\/04\/Foto-marea-roja-1-1-600x438.jpeg 600w\" sizes=\"(max-width: 822px) 100vw, 822px\" \/><\/div><\/div><\/div><\/div><div class=\"flex_column av_one_full  flex_column_div av-zero-column-padding first  avia-builder-el-2  el_after_av_one_full  el_before_av_one_full  column-top-margin\" style='border-radius:0px; '><section class=\"av_textblock_section \"  itemscope=\"itemscope\" itemtype=\"https:\/\/schema.org\/BlogPosting\" itemprop=\"blogPost\" ><div class='avia_textblock  '   itemprop=\"text\" ><p style=\"text-align: center;\"><span style=\"font-size: 18pt;\"><b>Seremis de Salud y Gobierno reiteran llamado a reforzar el autocuidado en Semana Santa<\/b><\/span><\/p>\n<div id=\"gtx-trans\" style=\"position: absolute; left: -50px; top: 4.31534px;\">\n<div class=\"gtx-trans-icon\"><\/div>\n<\/div>\n<\/div><\/section><\/div><\/p>\n<div class=\"flex_column av_one_full  flex_column_div av-zero-column-padding first  avia-builder-el-4  el_after_av_one_full  el_before_av_hr  column-top-margin\" style='border-radius:0px; '><section class=\"av_textblock_section \"  itemscope=\"itemscope\" itemtype=\"https:\/\/schema.org\/BlogPosting\" itemprop=\"blogPost\" ><div class='avia_textblock  '   itemprop=\"text\" ><p class=\"v1MsoNormal\" style=\"text-align: justify;\">Se acerca Semana Santa y con eso la importancia de tomar medidas que nos ayuden a evitar problemas de salud y posibles intoxicaciones. Por esto, es importante recordar que la Marea Roja, presente en nuestra regi\u00f3n, es un fen\u00f3meno natural que genera toxinas de Veneno Diarreico de los Mariscos (VDM), Veneno Amn\u00e9sico de los Mariscos (VAM) y Veneno Paralizante de los Mariscos (VPM) que afectan la salud de las personas a trav\u00e9s de su consumo, generando graves consecuencias para la salud de las personas, provocando incluso la muerte producto de estas toxinas.<\/p>\n<p class=\"v1MsoNormal\" style=\"text-align: justify;\">\u00abHacemos un llamado a la ciudadan\u00eda a reforzar el autocuidado y no exponerse a problemas de salud de manera innecesaria. Recordar que en caso de intoxicaci\u00f3n, deben acudir al centro de salud m\u00e1s cercano informando al personal de salud que se consumi\u00f3 mariscos y su origen, para levantar alertas de manera oportuna. No olviden que nos debemos cuidar entre todas y todos\u00bb, enfatiz\u00f3 la Seremi de Gobierno, \u00darsula Mix.<\/p>\n<p class=\"v1MsoNormal\" style=\"text-align: justify;\">Al respecto, la Seremi de Salud, Carmen Monsalve se\u00f1al\u00f3: \u00abDesde la Seremi de Salud reforzamos que es muy importante consumir mariscos solamente de aquellas \u00e1reas que est\u00e1n autorizadas por la Seremi de Salud. No se deben consumir mariscos crudos, cocidos o procesados de origen desconocido o que vengan del comercio informal. Recordar que cocer o agregarles lim\u00f3n a los mariscos no elimina la toxina paralizante, por lo tanto es muy importante que los productos que consumamos hayan sido previamente analizados por el Laboratorio de Salud P\u00fablica. Siempre que usted adquiera mariscos en locales que est\u00e1n autorizados para la venta puede solicitar el certificado que acredite que estos mariscos ya fueron analizados y que est\u00e1n aptos para el consumo. De esta forma entre todos nos protegemos de la marea roja\u00bb.<\/p>\n<p class=\"v1MsoNormal\" style=\"text-align: justify;\">Por otra parte, es importante que las personas puedan reconocer los\u00a0<b>s\u00edntomas<\/b>\u00a0que se presentan en caso de intoxicaci\u00f3n por\u00a0<b>Toxina Paralizante de los Mariscos (VPM)<\/b>: adormecimiento y hormigueo de boca, lengua, brazos y piernas, sensaci\u00f3n de liviandad en el cuerpo, dificultad de movimiento, dificultad para hablar y respirar, p\u00e9rdida de la conciencia, par\u00e1lisis progresiva y muerte. En el caso de la\u00a0<b>Toxina Diarreica de los Mariscos (VDM)<\/b>, los s\u00edntomas son los siguientes: dolor abdominal, v\u00f3mitos y diarrea, deshidrataci\u00f3n.<\/p>\n<\/div><\/section><\/div><div  style='height:50px' class='hr hr-invisible   avia-builder-el-6  el_after_av_one_full  el_before_av_social_share '><span class='hr-inner ' ><span class='hr-inner-style'><\/span><\/span><\/div><\/p>\n<div  class='av-social-sharing-box  avia-builder-el-7  el_after_av_hr  el_before_av_hr  '><div class='av-share-box'><h5 class='av-share-link-description av-no-toc '>Compartir esta noticia<\/h5><ul class='av-share-box-list noLightbox'><li class='av-share-link av-social-link-facebook' ><a target=\"_blank\" aria-label=\"Compartir en Facebook\" href='https:\/\/www.facebook.com\/sharer.php?u=https:\/\/radiorevelacionfm.cl\/?p=52663&#038;t=Seremis%20de%20Salud%20y%20Gobierno%20reiteran%20llamado%20a%20reforzar%20el%20autocuidado%20en%20Semana%20Santa' aria-hidden='false' data-av_icon='\ue8f3' data-av_iconfont='entypo-fontello' title='' data-avia-related-tooltip='Compartir en Facebook' rel=\"noopener\"><span class='avia_hidden_link_text'>Compartir en Facebook<\/span><\/a><\/li><li class='av-share-link av-social-link-twitter' ><a target=\"_blank\" aria-label=\"Compartir en Twitter\" href='https:\/\/twitter.com\/share?text=Seremis%20de%20Salud%20y%20Gobierno%20reiteran%20llamado%20a%20reforzar%20el%20autocuidado%20en%20Semana%20Santa&#038;url=https:\/\/radiorevelacionfm.cl\/?p=52663' aria-hidden='false' data-av_icon='\ue8f1' data-av_iconfont='entypo-fontello' title='' data-avia-related-tooltip='Compartir en Twitter' rel=\"noopener\"><span class='avia_hidden_link_text'>Compartir en Twitter<\/span><\/a><\/li><li class='av-share-link av-social-link-whatsapp' ><a target=\"_blank\" aria-label=\"Compartir en Whatsapp\" href='https:\/\/api.whatsapp.com\/send?text=https:\/\/radiorevelacionfm.cl\/?p=52663' aria-hidden='false' data-av_icon='\uf232' data-av_iconfont='entypo-fontello' title='' data-avia-related-tooltip='Compartir en Whatsapp' rel=\"noopener\"><span class='avia_hidden_link_text'>Compartir en Whatsapp<\/span><\/a><\/li><li class='av-share-link av-social-link-linkedin' ><a target=\"_blank\" aria-label=\"Compartir en LinkedIn\" href='https:\/\/linkedin.com\/shareArticle?mini=true&#038;title=Seremis%20de%20Salud%20y%20Gobierno%20reiteran%20llamado%20a%20reforzar%20el%20autocuidado%20en%20Semana%20Santa&#038;url=https:\/\/radiorevelacionfm.cl\/?p=52663' aria-hidden='false' data-av_icon='\ue8fc' data-av_iconfont='entypo-fontello' title='' data-avia-related-tooltip='Compartir en LinkedIn' rel=\"noopener\"><span class='avia_hidden_link_text'>Compartir en LinkedIn<\/span><\/a><\/li><li class='av-share-link av-social-link-mail' ><a  aria-label=\"Compartir por correo\" href='mailto:?subject=Seremis%20de%20Salud%20y%20Gobierno%20reiteran%20llamado%20a%20reforzar%20el%20autocuidado%20en%20Semana%20Santa&#038;body=https:\/\/radiorevelacionfm.cl\/?p=52663' aria-hidden='false' data-av_icon='\ue805' data-av_iconfont='entypo-fontello' title='' data-avia-related-tooltip='Compartir por correo'><span class='avia_hidden_link_text'>Compartir por correo<\/span><\/a><\/li><\/ul><\/div><\/div>\n<div  style='height:50px' class='hr hr-invisible   avia-builder-el-8  el_after_av_social_share  el_before_av_comments_list '><span class='hr-inner ' ><span class='hr-inner-style'><\/span><\/span><\/div>\n<div  class='av-buildercomment  av-blog-meta-html-info-disabled av-blog-meta-tag-disabled  '><\/div>\n","protected":false},"excerpt":{"rendered":"","protected":false},"author":1,"featured_media":52664,"comment_status":"closed","ping_status":"closed","sticky":false,"template":"","format":"standard","meta":{"footnotes":""},"categories":[38],"tags":[],"class_list":["post-52663","post","type-post","status-publish","format-standard","has-post-thumbnail","hentry","category-regional"],"jetpack_featured_media_url":"https:\/\/radiorevelacionfm.cl\/wp-content\/uploads\/2025\/04\/Foto-marea-roja-1-1.jpeg","_links":{"self":[{"href":"https:\/\/radiorevelacionfm.cl\/index.php?rest_route=\/wp\/v2\/posts\/52663","targetHints":{"allow":["GET"]}}],"collection":[{"href":"https:\/\/radiorevelacionfm.cl\/index.php?rest_route=\/wp\/v2\/posts"}],"about":[{"href":"https:\/\/radiorevelacionfm.cl\/index.php?rest_route=\/wp\/v2\/types\/post"}],"author":[{"embeddable":true,"href":"https:\/\/radiorevelacionfm.cl\/index.php?rest_route=\/wp\/v2\/users\/1"}],"replies":[{"embeddable":true,"href":"https:\/\/radiorevelacionfm.cl\/index.php?rest_route=%2Fwp%2Fv2%2Fcomments&post=52663"}],"version-history":[{"count":2,"href":"https:\/\/radiorevelacionfm.cl\/index.php?rest_route=\/wp\/v2\/posts\/52663\/revisions"}],"predecessor-version":[{"id":52683,"href":"https:\/\/radiorevelacionfm.cl\/index.php?rest_route=\/wp\/v2\/posts\/52663\/revisions\/52683"}],"wp:featuredmedia":[{"embeddable":true,"href":"https:\/\/radiorevelacionfm.cl\/index.php?rest_route=\/wp\/v2\/media\/52664"}],"wp:attachment":[{"href":"https:\/\/radiorevelacionfm.cl\/index.php?rest_route=%2Fwp%2Fv2%2Fmedia&parent=52663"}],"wp:term":[{"taxonomy":"category","embeddable":true,"href":"https:\/\/radiorevelacionfm.cl\/index.php?rest_route=%2Fwp%2Fv2%2Fcategories&post=52663"},{"taxonomy":"post_tag","embeddable":true,"href":"https:\/\/radiorevelacionfm.cl\/index.php?rest_route=%2Fwp%2Fv2%2Ftags&post=52663"}],"curies":[{"name":"wp","href":"https:\/\/api.w.org\/{rel}","templated":true}]}}