{"id":52659,"date":"2025-04-14T20:29:11","date_gmt":"2025-04-14T23:29:11","guid":{"rendered":"https:\/\/radiorevelacionfm.cl\/?p=52659"},"modified":"2025-04-14T20:29:11","modified_gmt":"2025-04-14T23:29:11","slug":"lanzamiento-de-bioaysen-un-modelo-innovador-para-la-conservacion-de-la-biodiversidad-en-aysen","status":"publish","type":"post","link":"https:\/\/radiorevelacionfm.cl\/?p=52659","title":{"rendered":"Lanzamiento de BioAys\u00e9n: Un modelo innovador para la conservaci\u00f3n de la biodiversidad en Ays\u00e9n"},"content":{"rendered":"<div class=\"flex_column av_one_full  flex_column_div av-zero-column-padding first  avia-builder-el-0  el_before_av_one_full  avia-builder-el-first  \" style='border-radius:0px; '><div  class='avia-image-container  av-styling-    avia-builder-el-1  avia-builder-el-no-sibling  avia-align-center '  itemprop=\"image\" itemscope=\"itemscope\" itemtype=\"https:\/\/schema.org\/ImageObject\"  ><div class='avia-image-container-inner'><div class='avia-image-overlay-wrap'><img decoding=\"async\" class='wp-image-52660 avia-img-lazy-loading-not-52660 avia_image' src=\"https:\/\/radiorevelacionfm.cl\/wp-content\/uploads\/2025\/04\/Lanzamiento-BioAysen-1.jpeg\" alt='' title='Lanzamiento BioAys\u00e9n (1)' height=\"600\" width=\"786\"  itemprop=\"thumbnailUrl\" srcset=\"https:\/\/radiorevelacionfm.cl\/wp-content\/uploads\/2025\/04\/Lanzamiento-BioAysen-1.jpeg 786w, https:\/\/radiorevelacionfm.cl\/wp-content\/uploads\/2025\/04\/Lanzamiento-BioAysen-1-300x229.jpeg 300w, https:\/\/radiorevelacionfm.cl\/wp-content\/uploads\/2025\/04\/Lanzamiento-BioAysen-1-768x586.jpeg 768w, https:\/\/radiorevelacionfm.cl\/wp-content\/uploads\/2025\/04\/Lanzamiento-BioAysen-1-705x538.jpeg 705w, https:\/\/radiorevelacionfm.cl\/wp-content\/uploads\/2025\/04\/Lanzamiento-BioAysen-1-450x344.jpeg 450w, https:\/\/radiorevelacionfm.cl\/wp-content\/uploads\/2025\/04\/Lanzamiento-BioAysen-1-600x458.jpeg 600w\" sizes=\"(max-width: 786px) 100vw, 786px\" \/><\/div><\/div><\/div><\/div><div class=\"flex_column av_one_full  flex_column_div av-zero-column-padding first  avia-builder-el-2  el_after_av_one_full  el_before_av_one_full  column-top-margin\" style='border-radius:0px; '><section class=\"av_textblock_section \"  itemscope=\"itemscope\" itemtype=\"https:\/\/schema.org\/BlogPosting\" itemprop=\"blogPost\" ><div class='avia_textblock  '   itemprop=\"text\" ><p style=\"text-align: center;\"><strong><span style=\"font-size: 18pt;\">Lanzamiento de BioAys\u00e9n: Un modelo innovador para la conservaci\u00f3n de la biodiversidad en Ays\u00e9n<\/span><\/strong><\/p>\n<div id=\"gtx-trans\" style=\"position: absolute; left: -50px; top: 4.31534px;\">\n<div class=\"gtx-trans-icon\"><\/div>\n<\/div>\n<\/div><\/section><\/div><div class=\"flex_column av_one_full  flex_column_div av-zero-column-padding first  avia-builder-el-4  el_after_av_one_full  el_before_av_hr  column-top-margin\" style='border-radius:0px; '><section class=\"av_textblock_section \"  itemscope=\"itemscope\" itemtype=\"https:\/\/schema.org\/BlogPosting\" itemprop=\"blogPost\" ><div class='avia_textblock  '   itemprop=\"text\" ><p style=\"text-align: justify;\"><em>El objetivo del proyecto es proteger la biodiversidad de Ays\u00e9n mediante un modelo de valorizaci\u00f3n de capital natural y de pagos por compensaci\u00f3n econ\u00f3mica, donde preservar y restaurar <\/em><em>la biodiversidad permita a la vez generar ingresos importantes para la regi\u00f3n. Esta iniciativa, liderada por la <\/em><a href=\"https:\/\/fundacionchilecircular.cl\/\"><em>Fundaci\u00f3n Chile Circular<\/em><\/a><em> y cuyo mandante es el <\/em><a href=\"https:\/\/www.consejodelsalmon.cl\/\"><em>Consejo del Salm\u00f3n<\/em><\/a>,<em> es apoyado por Corfo y tiene una duraci\u00f3n de 18 meses.<\/em><\/p>\n<p style=\"text-align: justify;\">El proyecto de <a href=\"https:\/\/www.instagram.com\/proyectobioaysen\/\">Bien P\u00fablico BioAys\u00e9n: Observatorio de Biodiversidad y Valorizaci\u00f3n de Capital Natural de Ays\u00e9n<\/a> se lanz\u00f3 esta ma\u00f1ana en el Ecoterr\u00e1neo Patagonia Cowork, consolid\u00e1ndose como una iniciativa clave para enfrentar los desaf\u00edos clim\u00e1ticos. A trav\u00e9s de este modelo de compensaci\u00f3n econ\u00f3mica, se busca garantizar recursos permanentes para la conservaci\u00f3n del ecosistema nativo de la regi\u00f3n.<\/p>\n<p style=\"text-align: justify;\">El evento de lanzamiento reuni\u00f3 a diversas autoridades, entre ellas el delegado presidencial de la provincia de Ays\u00e9n, Rodrigo Moreno; el director regional de Corfo, Humberto Mar\u00edn Leiva; el seremi de Medio Ambiente, Yoal D\u00edaz; el seremi de Econom\u00eda, Fomento y Turismo, Felipe Rojas; el jefe de la Divisi\u00f3n de Planificaci\u00f3n y Desarrollo Regional, Omar Mu\u00f1oz; y la presidenta ejecutiva del Consejo del Salm\u00f3n, Loreto Seguel, entre otros.<\/p>\n<p style=\"text-align: justify;\">En la jornada, se present\u00f3 el proyecto y sus etapas, detallando que se partir\u00e1 por desarrollar una plataforma digital p\u00fablica que identificar\u00e1 especies y servicios ecosist\u00e9micos en \u00e1reas prioritarias en la Regi\u00f3n de Ays\u00e9n. Esta herramienta de libre acceso buscar\u00e1 visibilizar el valor ambiental de la regi\u00f3n y su rol en la crisis clim\u00e1tica. Con la informaci\u00f3n recopilada, se dise\u00f1ar\u00e1 un modelo de valorizaci\u00f3n del capital natural que permitir\u00e1 a las empresas realizar aportes econ\u00f3micos para la conservaci\u00f3n de ecosistemas estrat\u00e9gicos. Como proyecto pionero en Chile, se iniciar\u00e1 con un plan piloto en zonas clave, seleccionadas por su alta riqueza ecol\u00f3gica y potencial de preservaci\u00f3n.<\/p>\n<p style=\"text-align: justify;\">Respecto a BioAys\u00e9n, el director ejecutivo de la Fundaci\u00f3n Chile Circular, Gonzalo Pumarino, afirm\u00f3 que \u201ces una oportunidad para validar un modelo de desarrollo donde proteger y conservar la biodiversidad sea a la vez una fuente de ingresos econ\u00f3micos para la regi\u00f3n, que ayude a consolidar y financiar la protecci\u00f3n y restauraci\u00f3n de ecosistemas nativos que son un patrimonio natural del planeta. BioAys\u00e9n puede ayudar a que la conservaci\u00f3n sea algo efectivo, con planes de protecci\u00f3n reales y no solo quedarse en una declaraci\u00f3n de buenas intenciones. Conservar, proteger, restaurar y compensaci\u00f3n ambiental, son partes esenciales de un dise\u00f1o que genere ingresos para la biodiversidad; es el foco de nuestro proyecto\u201d.<\/p>\n<p style=\"text-align: justify;\">Por su parte, el director regional de Corfo Ays\u00e9n, Humberto Mar\u00edn, asegur\u00f3 que \u201cenfrentar los efectos del cambio clim\u00e1tico requiere acciones concretas y colaborativas. BioAys\u00e9n es una iniciativa clave para avanzar en esa direcci\u00f3n porque promueve un modelo innovador que permite financiar la conservaci\u00f3n de ecosistemas estrat\u00e9gicos, generando informaci\u00f3n p\u00fablica, articulaci\u00f3n territorial y un compromiso real del sector productivo con la sustentabilidad. Este proyecto es parte de las iniciativas aprobadas en el marco del Comit\u00e9 de Desarrollo Productivo Ays\u00e9n, una instancia que se implement\u00f3 durante 2024 para empoderar a la regi\u00f3n en la toma de decisiones y definir, con pertinencia territorial, el uso de recursos p\u00fablicos para fortalecer las capacidades de quienes emprenden, de las empresas y de las redes productivas locales. Desde Corfo Ays\u00e9n, estamos convencidas y convencidos de que este tipo de proyectos son fundamentales para construir una regi\u00f3n m\u00e1s resiliente, preparada y comprometida con su capital natural\u201d.<\/p>\n<p style=\"text-align: justify;\">Loreto Seguel, presidenta ejecutiva del Consejo del Salm\u00f3n, asever\u00f3 que \u201cparticipar de este proyecto in\u00e9dito refleja el compromiso del Consejo del Salm\u00f3n con el bienestar integral de las regiones donde opera la industria. Nuestro trabajo gremial no se limita al desarrollo econ\u00f3mico, pues tambi\u00e9n implica hacernos cargo de los desaf\u00edos ambientales, promoviendo activamente la conservaci\u00f3n de la biodiversidad. Como mandantes de esta alianza p\u00fablico-privada, estamos impulsando una iniciativa que busca valorar y proteger el capital natural de Ays\u00e9n, reconociendo que la sustentabilidad del sur austral es crucial para el presente y futuro de la salmonicultura. Este tipo de proyectos no solo generan beneficios ambientales, sino que tambi\u00e9n fortalecen el tejido social y econ\u00f3mico de las comunidades locales, aportando a su desarrollo arm\u00f3nico y sostenible\u201d.<\/p>\n<p style=\"text-align: justify;\">En la ceremonia, Irina Reyes, gerenta de <a href=\"https:\/\/www.instagram.com\/transformacambioclimatico\/\">Transforma Cambio Clim\u00e1tico<\/a>, organizaci\u00f3n que ofrece apoyo t\u00e9cnico a BioAys\u00e9n, declar\u00f3 que \u201ccomo parte de la implementaci\u00f3n de su hoja de ruta, el programa Transforma Cambio Clim\u00e1tico impulsa en Ays\u00e9n un innovador proyecto para valorizar el capital natural a trav\u00e9s de un observatorio regional y mecanismos de pago por servicios ecosist\u00e9micos. La iniciativa busca transformar la biodiversidad en un activo estrat\u00e9gico para el desarrollo sostenible, promoviendo nuevos modelos de financiamiento ambiental basados en evidencia cient\u00edfica, gobernanza territorial y experiencias internacionales\u00bb.<\/p>\n<p style=\"text-align: justify;\">BioAys\u00e9n surge como respuesta a los desaf\u00edos ambientales y econ\u00f3micos globales, reafirmando la necesidad de contar con recursos permanentes para la protecci\u00f3n de la biodiversidad. A trav\u00e9s de esta iniciativa, se busca generar un v\u00ednculo positivo entre el sector empresarial y la conservaci\u00f3n del ecosistema nativo de Ays\u00e9n, promoviendo un modelo sostenible de desarrollo y protecci\u00f3n ambiental.<\/p>\n<\/div><\/section><\/div><div  style='height:50px' class='hr hr-invisible   avia-builder-el-6  el_after_av_one_full  el_before_av_social_share '><span class='hr-inner ' ><span class='hr-inner-style'><\/span><\/span><\/div><\/p>\n<div  class='av-social-sharing-box  avia-builder-el-7  el_after_av_hr  el_before_av_hr  '><div class='av-share-box'><h5 class='av-share-link-description av-no-toc '>Compartir esta noticia<\/h5><ul class='av-share-box-list noLightbox'><li class='av-share-link av-social-link-facebook' ><a target=\"_blank\" aria-label=\"Compartir en Facebook\" href='https:\/\/www.facebook.com\/sharer.php?u=https:\/\/radiorevelacionfm.cl\/?p=52659&#038;t=Lanzamiento%20de%20BioAys%C3%A9n%3A%20Un%20modelo%20innovador%20para%20la%20conservaci%C3%B3n%20de%20la%20biodiversidad%20en%20Ays%C3%A9n' aria-hidden='false' data-av_icon='\ue8f3' data-av_iconfont='entypo-fontello' title='' data-avia-related-tooltip='Compartir en Facebook' rel=\"noopener\"><span class='avia_hidden_link_text'>Compartir en Facebook<\/span><\/a><\/li><li class='av-share-link av-social-link-twitter' ><a target=\"_blank\" aria-label=\"Compartir en Twitter\" href='https:\/\/twitter.com\/share?text=Lanzamiento%20de%20BioAys%C3%A9n%3A%20Un%20modelo%20innovador%20para%20la%20conservaci%C3%B3n%20de%20la%20biodiversidad%20en%20Ays%C3%A9n&#038;url=https:\/\/radiorevelacionfm.cl\/?p=52659' aria-hidden='false' data-av_icon='\ue8f1' data-av_iconfont='entypo-fontello' title='' data-avia-related-tooltip='Compartir en Twitter' rel=\"noopener\"><span class='avia_hidden_link_text'>Compartir en Twitter<\/span><\/a><\/li><li class='av-share-link av-social-link-whatsapp' ><a target=\"_blank\" aria-label=\"Compartir en Whatsapp\" href='https:\/\/api.whatsapp.com\/send?text=https:\/\/radiorevelacionfm.cl\/?p=52659' aria-hidden='false' data-av_icon='\uf232' data-av_iconfont='entypo-fontello' title='' data-avia-related-tooltip='Compartir en Whatsapp' rel=\"noopener\"><span class='avia_hidden_link_text'>Compartir en Whatsapp<\/span><\/a><\/li><li class='av-share-link av-social-link-linkedin' ><a target=\"_blank\" aria-label=\"Compartir en LinkedIn\" href='https:\/\/linkedin.com\/shareArticle?mini=true&#038;title=Lanzamiento%20de%20BioAys%C3%A9n%3A%20Un%20modelo%20innovador%20para%20la%20conservaci%C3%B3n%20de%20la%20biodiversidad%20en%20Ays%C3%A9n&#038;url=https:\/\/radiorevelacionfm.cl\/?p=52659' aria-hidden='false' data-av_icon='\ue8fc' data-av_iconfont='entypo-fontello' title='' data-avia-related-tooltip='Compartir en LinkedIn' rel=\"noopener\"><span class='avia_hidden_link_text'>Compartir en LinkedIn<\/span><\/a><\/li><li class='av-share-link av-social-link-mail' ><a  aria-label=\"Compartir por correo\" href='mailto:?subject=Lanzamiento%20de%20BioAys%C3%A9n%3A%20Un%20modelo%20innovador%20para%20la%20conservaci%C3%B3n%20de%20la%20biodiversidad%20en%20Ays%C3%A9n&#038;body=https:\/\/radiorevelacionfm.cl\/?p=52659' aria-hidden='false' data-av_icon='\ue805' data-av_iconfont='entypo-fontello' title='' data-avia-related-tooltip='Compartir por correo'><span class='avia_hidden_link_text'>Compartir por correo<\/span><\/a><\/li><\/ul><\/div><\/div>\n<div  style='height:50px' class='hr hr-invisible   avia-builder-el-8  el_after_av_social_share  el_before_av_comments_list '><span class='hr-inner ' ><span class='hr-inner-style'><\/span><\/span><\/div>\n<div  class='av-buildercomment  av-blog-meta-html-info-disabled av-blog-meta-tag-disabled  '><\/div>\n","protected":false},"excerpt":{"rendered":"","protected":false},"author":1,"featured_media":52660,"comment_status":"closed","ping_status":"closed","sticky":false,"template":"","format":"standard","meta":{"footnotes":""},"categories":[38],"tags":[],"class_list":["post-52659","post","type-post","status-publish","format-standard","has-post-thumbnail","hentry","category-regional"],"jetpack_featured_media_url":"https:\/\/radiorevelacionfm.cl\/wp-content\/uploads\/2025\/04\/Lanzamiento-BioAysen-1.jpeg","_links":{"self":[{"href":"https:\/\/radiorevelacionfm.cl\/index.php?rest_route=\/wp\/v2\/posts\/52659","targetHints":{"allow":["GET"]}}],"collection":[{"href":"https:\/\/radiorevelacionfm.cl\/index.php?rest_route=\/wp\/v2\/posts"}],"about":[{"href":"https:\/\/radiorevelacionfm.cl\/index.php?rest_route=\/wp\/v2\/types\/post"}],"author":[{"embeddable":true,"href":"https:\/\/radiorevelacionfm.cl\/index.php?rest_route=\/wp\/v2\/users\/1"}],"replies":[{"embeddable":true,"href":"https:\/\/radiorevelacionfm.cl\/index.php?rest_route=%2Fwp%2Fv2%2Fcomments&post=52659"}],"version-history":[{"count":2,"href":"https:\/\/radiorevelacionfm.cl\/index.php?rest_route=\/wp\/v2\/posts\/52659\/revisions"}],"predecessor-version":[{"id":52681,"href":"https:\/\/radiorevelacionfm.cl\/index.php?rest_route=\/wp\/v2\/posts\/52659\/revisions\/52681"}],"wp:featuredmedia":[{"embeddable":true,"href":"https:\/\/radiorevelacionfm.cl\/index.php?rest_route=\/wp\/v2\/media\/52660"}],"wp:attachment":[{"href":"https:\/\/radiorevelacionfm.cl\/index.php?rest_route=%2Fwp%2Fv2%2Fmedia&parent=52659"}],"wp:term":[{"taxonomy":"category","embeddable":true,"href":"https:\/\/radiorevelacionfm.cl\/index.php?rest_route=%2Fwp%2Fv2%2Fcategories&post=52659"},{"taxonomy":"post_tag","embeddable":true,"href":"https:\/\/radiorevelacionfm.cl\/index.php?rest_route=%2Fwp%2Fv2%2Ftags&post=52659"}],"curies":[{"name":"wp","href":"https:\/\/api.w.org\/{rel}","templated":true}]}}