{"id":52655,"date":"2025-04-14T17:20:46","date_gmt":"2025-04-14T20:20:46","guid":{"rendered":"https:\/\/radiorevelacionfm.cl\/?p=52655"},"modified":"2025-04-14T17:20:46","modified_gmt":"2025-04-14T20:20:46","slug":"puerto-aysen-pdi-alerta-aumento-en-robo-de-bicicletas","status":"publish","type":"post","link":"https:\/\/radiorevelacionfm.cl\/?p=52655","title":{"rendered":"Puerto Ays\u00e9n: PDI alerta aumento en robo de bicicletas"},"content":{"rendered":"<div class=\"flex_column av_one_full  flex_column_div av-zero-column-padding first  avia-builder-el-0  el_before_av_one_full  avia-builder-el-first  \" style='border-radius:0px; '><div  class='avia-image-container  av-styling-    avia-builder-el-1  avia-builder-el-no-sibling  avia-align-center '  itemprop=\"image\" itemscope=\"itemscope\" itemtype=\"https:\/\/schema.org\/ImageObject\"  ><div class='avia-image-container-inner'><div class='avia-image-overlay-wrap'><img decoding=\"async\" class='wp-image-52656 avia-img-lazy-loading-not-52656 avia_image' src=\"https:\/\/radiorevelacionfm.cl\/wp-content\/uploads\/2025\/04\/BICICLETA-REFERENCIAL-1-1.jpg\" alt='' title='BICICLETA REFERENCIAL (1) (1)' height=\"600\" width=\"900\"  itemprop=\"thumbnailUrl\" srcset=\"https:\/\/radiorevelacionfm.cl\/wp-content\/uploads\/2025\/04\/BICICLETA-REFERENCIAL-1-1.jpg 900w, https:\/\/radiorevelacionfm.cl\/wp-content\/uploads\/2025\/04\/BICICLETA-REFERENCIAL-1-1-300x200.jpg 300w, https:\/\/radiorevelacionfm.cl\/wp-content\/uploads\/2025\/04\/BICICLETA-REFERENCIAL-1-1-768x512.jpg 768w, https:\/\/radiorevelacionfm.cl\/wp-content\/uploads\/2025\/04\/BICICLETA-REFERENCIAL-1-1-705x470.jpg 705w, https:\/\/radiorevelacionfm.cl\/wp-content\/uploads\/2025\/04\/BICICLETA-REFERENCIAL-1-1-450x300.jpg 450w, https:\/\/radiorevelacionfm.cl\/wp-content\/uploads\/2025\/04\/BICICLETA-REFERENCIAL-1-1-600x400.jpg 600w\" sizes=\"(max-width: 900px) 100vw, 900px\" \/><\/div><\/div><\/div><\/div><div class=\"flex_column av_one_full  flex_column_div av-zero-column-padding first  avia-builder-el-2  el_after_av_one_full  el_before_av_one_full  column-top-margin\" style='border-radius:0px; '><section class=\"av_textblock_section \"  itemscope=\"itemscope\" itemtype=\"https:\/\/schema.org\/BlogPosting\" itemprop=\"blogPost\" ><div class='avia_textblock  '   itemprop=\"text\" ><p style=\"text-align: center;\"><strong><span style=\"font-size: 18pt;\">Puerto Ays\u00e9n: PDI alerta aumento en robo de bicicletas <\/span><\/strong><\/p>\n<div id=\"gtx-trans\" style=\"position: absolute; left: -50px; top: 4.31534px;\">\n<div class=\"gtx-trans-icon\"><\/div>\n<\/div>\n<\/div><\/section><\/div><\/p>\n<div class=\"flex_column av_one_full  flex_column_div av-zero-column-padding first  avia-builder-el-4  el_after_av_one_full  el_before_av_hr  column-top-margin\" style='border-radius:0px; '><section class=\"av_textblock_section \"  itemscope=\"itemscope\" itemtype=\"https:\/\/schema.org\/BlogPosting\" itemprop=\"blogPost\" ><div class='avia_textblock  '   itemprop=\"text\" ><p style=\"text-align: justify;\">Una importante alza en el robo de bicicletas ha afectado a la comuna de Puerto Ays\u00e9n. S\u00f3lo en lo que va del a\u00f1o, la Polic\u00eda de Investigaciones de Chile, ha recepcionado 07 denuncias por este delito, 4 m\u00e1s que el a\u00f1o anterior. El comisario Cristian Matamala Hern\u00e1ndez, de la Brigada de Investigaci\u00f3n Criminal Ays\u00e9n, comenta que, \u201cEn los \u00faltimos meses, se ha observado en la comuna de Puerto Ays\u00e9n un alza a las denuncias que implican la sustracci\u00f3n de bicicletas, lo que, seg\u00fan nuestro an\u00e1lisis, podr\u00eda deberse a que la temporada estival y la comodidad de traslado, lo que implica un aumento en el uso de la bicicleta como medio de transporte en la comuna.\u201d<\/p>\n<p style=\"text-align: justify;\">Cabe hacer presente que durante el mismo periodo, los detectives han logrado detenciones de personas que estar\u00edan involucradas en estos delitos. \u201cGracias al trabajo investigativo, an\u00e1lisis de informaci\u00f3n y trabajo coordinado con otras instituciones y especialmente la valiosa informaci\u00f3n aportada por la ciudadan\u00eda, se han recuperado, en lo que va de este a\u00f1o, tres bicicletas y adem\u00e1s se ha procedido a la detenci\u00f3n de cuatro personas involucradas en hechos de estas caracter\u00edsticas en la comuna de Puerto Ays\u00e9n\u201d, coment\u00f3 el comisario.<\/p>\n<p style=\"text-align: justify;\">As\u00ed mismo, el oficial entreg\u00f3 algunas recomendaciones para evitar ser v\u00edctima de este delito. \u201cComo recomendaci\u00f3n a la ciudadan\u00eda queda decirles que, a pesar de ser una comuna con baja incidencia delictual, como ciudadanos debemos mantener algunos cuidados, tales como, no dejarlas (bicicletas) en lugares sin resguardo o de f\u00e1cil acceso, tener cadenas de seguridad y tener fotograf\u00edas de las bicicletas y sus accesorios para as\u00ed tener una mejor individualizaci\u00f3n de las mismas\u201d.<\/p>\n<\/div><\/section><\/div><div  style='height:50px' class='hr hr-invisible   avia-builder-el-6  el_after_av_one_full  el_before_av_social_share '><span class='hr-inner ' ><span class='hr-inner-style'><\/span><\/span><\/div><\/p>\n<div  class='av-social-sharing-box  avia-builder-el-7  el_after_av_hr  el_before_av_hr  '><div class='av-share-box'><h5 class='av-share-link-description av-no-toc '>Compartir esta noticia<\/h5><ul class='av-share-box-list noLightbox'><li class='av-share-link av-social-link-facebook' ><a target=\"_blank\" aria-label=\"Compartir en Facebook\" href='https:\/\/www.facebook.com\/sharer.php?u=https:\/\/radiorevelacionfm.cl\/?p=52655&#038;t=Puerto%20Ays%C3%A9n%3A%20PDI%20alerta%20aumento%20en%20robo%20de%20bicicletas' aria-hidden='false' data-av_icon='\ue8f3' data-av_iconfont='entypo-fontello' title='' data-avia-related-tooltip='Compartir en Facebook' rel=\"noopener\"><span class='avia_hidden_link_text'>Compartir en Facebook<\/span><\/a><\/li><li class='av-share-link av-social-link-twitter' ><a target=\"_blank\" aria-label=\"Compartir en Twitter\" href='https:\/\/twitter.com\/share?text=Puerto%20Ays%C3%A9n%3A%20PDI%20alerta%20aumento%20en%20robo%20de%20bicicletas&#038;url=https:\/\/radiorevelacionfm.cl\/?p=52655' aria-hidden='false' data-av_icon='\ue8f1' data-av_iconfont='entypo-fontello' title='' data-avia-related-tooltip='Compartir en Twitter' rel=\"noopener\"><span class='avia_hidden_link_text'>Compartir en Twitter<\/span><\/a><\/li><li class='av-share-link av-social-link-whatsapp' ><a target=\"_blank\" aria-label=\"Compartir en Whatsapp\" href='https:\/\/api.whatsapp.com\/send?text=https:\/\/radiorevelacionfm.cl\/?p=52655' aria-hidden='false' data-av_icon='\uf232' data-av_iconfont='entypo-fontello' title='' data-avia-related-tooltip='Compartir en Whatsapp' rel=\"noopener\"><span class='avia_hidden_link_text'>Compartir en Whatsapp<\/span><\/a><\/li><li class='av-share-link av-social-link-linkedin' ><a target=\"_blank\" aria-label=\"Compartir en LinkedIn\" href='https:\/\/linkedin.com\/shareArticle?mini=true&#038;title=Puerto%20Ays%C3%A9n%3A%20PDI%20alerta%20aumento%20en%20robo%20de%20bicicletas&#038;url=https:\/\/radiorevelacionfm.cl\/?p=52655' aria-hidden='false' data-av_icon='\ue8fc' data-av_iconfont='entypo-fontello' title='' data-avia-related-tooltip='Compartir en LinkedIn' rel=\"noopener\"><span class='avia_hidden_link_text'>Compartir en LinkedIn<\/span><\/a><\/li><li class='av-share-link av-social-link-mail' ><a  aria-label=\"Compartir por correo\" href='mailto:?subject=Puerto%20Ays%C3%A9n%3A%20PDI%20alerta%20aumento%20en%20robo%20de%20bicicletas&#038;body=https:\/\/radiorevelacionfm.cl\/?p=52655' aria-hidden='false' data-av_icon='\ue805' data-av_iconfont='entypo-fontello' title='' data-avia-related-tooltip='Compartir por correo'><span class='avia_hidden_link_text'>Compartir por correo<\/span><\/a><\/li><\/ul><\/div><\/div>\n<div  style='height:50px' class='hr hr-invisible   avia-builder-el-8  el_after_av_social_share  el_before_av_comments_list '><span class='hr-inner ' ><span class='hr-inner-style'><\/span><\/span><\/div>\n<div  class='av-buildercomment  av-blog-meta-html-info-disabled av-blog-meta-tag-disabled  '><\/div>\n","protected":false},"excerpt":{"rendered":"","protected":false},"author":1,"featured_media":52656,"comment_status":"closed","ping_status":"closed","sticky":false,"template":"","format":"standard","meta":{"footnotes":""},"categories":[36],"tags":[],"class_list":["post-52655","post","type-post","status-publish","format-standard","has-post-thumbnail","hentry","category-policial"],"jetpack_featured_media_url":"https:\/\/radiorevelacionfm.cl\/wp-content\/uploads\/2025\/04\/BICICLETA-REFERENCIAL-1-1.jpg","_links":{"self":[{"href":"https:\/\/radiorevelacionfm.cl\/index.php?rest_route=\/wp\/v2\/posts\/52655","targetHints":{"allow":["GET"]}}],"collection":[{"href":"https:\/\/radiorevelacionfm.cl\/index.php?rest_route=\/wp\/v2\/posts"}],"about":[{"href":"https:\/\/radiorevelacionfm.cl\/index.php?rest_route=\/wp\/v2\/types\/post"}],"author":[{"embeddable":true,"href":"https:\/\/radiorevelacionfm.cl\/index.php?rest_route=\/wp\/v2\/users\/1"}],"replies":[{"embeddable":true,"href":"https:\/\/radiorevelacionfm.cl\/index.php?rest_route=%2Fwp%2Fv2%2Fcomments&post=52655"}],"version-history":[{"count":2,"href":"https:\/\/radiorevelacionfm.cl\/index.php?rest_route=\/wp\/v2\/posts\/52655\/revisions"}],"predecessor-version":[{"id":52658,"href":"https:\/\/radiorevelacionfm.cl\/index.php?rest_route=\/wp\/v2\/posts\/52655\/revisions\/52658"}],"wp:featuredmedia":[{"embeddable":true,"href":"https:\/\/radiorevelacionfm.cl\/index.php?rest_route=\/wp\/v2\/media\/52656"}],"wp:attachment":[{"href":"https:\/\/radiorevelacionfm.cl\/index.php?rest_route=%2Fwp%2Fv2%2Fmedia&parent=52655"}],"wp:term":[{"taxonomy":"category","embeddable":true,"href":"https:\/\/radiorevelacionfm.cl\/index.php?rest_route=%2Fwp%2Fv2%2Fcategories&post=52655"},{"taxonomy":"post_tag","embeddable":true,"href":"https:\/\/radiorevelacionfm.cl\/index.php?rest_route=%2Fwp%2Fv2%2Ftags&post=52655"}],"curies":[{"name":"wp","href":"https:\/\/api.w.org\/{rel}","templated":true}]}}