{"id":52651,"date":"2025-04-14T20:46:28","date_gmt":"2025-04-14T23:46:28","guid":{"rendered":"https:\/\/radiorevelacionfm.cl\/?p=52651"},"modified":"2025-04-14T20:46:28","modified_gmt":"2025-04-14T23:46:28","slug":"lideres-de-la-cpc-y-sus-ramas-visitan-cerveceria-dolbek-y-lanzan-en-aysen-el-programa-de-salud-preventiva-de-empresas-por-chile","status":"publish","type":"post","link":"https:\/\/radiorevelacionfm.cl\/?p=52651","title":{"rendered":"L\u00edderes de la CPC y sus ramas visitan Cervecer\u00eda D\u2019Olbek y lanzan en Ays\u00e9n el Programa de Salud Preventiva de Empresas por Chile"},"content":{"rendered":"<div class=\"flex_column av_one_full  flex_column_div av-zero-column-padding first  avia-builder-el-0  el_before_av_one_full  avia-builder-el-first  \" style='border-radius:0px; '><div  class='avia-image-container  av-styling-    avia-builder-el-1  avia-builder-el-no-sibling  avia-align-center '  itemprop=\"image\" itemscope=\"itemscope\" itemtype=\"https:\/\/schema.org\/ImageObject\"  ><div class='avia-image-container-inner'><div class='avia-image-overlay-wrap'><img decoding=\"async\" class='wp-image-52652 avia-img-lazy-loading-not-52652 avia_image' src=\"https:\/\/radiorevelacionfm.cl\/wp-content\/uploads\/2025\/04\/whatsapp-image-2025-04-14-at-4_optimized.07.49-pm-1.jpeg\" alt='' title='whatsapp-image-2025-04-14-at-4_optimized.07.49-pm-(1)' height=\"600\" width=\"800\"  itemprop=\"thumbnailUrl\" srcset=\"https:\/\/radiorevelacionfm.cl\/wp-content\/uploads\/2025\/04\/whatsapp-image-2025-04-14-at-4_optimized.07.49-pm-1.jpeg 800w, https:\/\/radiorevelacionfm.cl\/wp-content\/uploads\/2025\/04\/whatsapp-image-2025-04-14-at-4_optimized.07.49-pm-1-300x225.jpeg 300w, https:\/\/radiorevelacionfm.cl\/wp-content\/uploads\/2025\/04\/whatsapp-image-2025-04-14-at-4_optimized.07.49-pm-1-768x576.jpeg 768w, https:\/\/radiorevelacionfm.cl\/wp-content\/uploads\/2025\/04\/whatsapp-image-2025-04-14-at-4_optimized.07.49-pm-1-705x529.jpeg 705w, https:\/\/radiorevelacionfm.cl\/wp-content\/uploads\/2025\/04\/whatsapp-image-2025-04-14-at-4_optimized.07.49-pm-1-450x338.jpeg 450w, https:\/\/radiorevelacionfm.cl\/wp-content\/uploads\/2025\/04\/whatsapp-image-2025-04-14-at-4_optimized.07.49-pm-1-600x450.jpeg 600w\" sizes=\"(max-width: 800px) 100vw, 800px\" \/><\/div><\/div><\/div><\/div><div class=\"flex_column av_one_full  flex_column_div av-zero-column-padding first  avia-builder-el-2  el_after_av_one_full  el_before_av_one_full  column-top-margin\" style='border-radius:0px; '><section class=\"av_textblock_section \"  itemscope=\"itemscope\" itemtype=\"https:\/\/schema.org\/BlogPosting\" itemprop=\"blogPost\" ><div class='avia_textblock  '   itemprop=\"text\" ><p style=\"text-align: center;\"><span style=\"font-size: 18pt;\"><b>L\u00edderes de la CPC y sus ramas visitan Cervecer\u00eda D\u2019Olbek y lanzan en Ays\u00e9n el Programa de Salud Preventiva de Empresas por Chile<\/b><\/span><\/p>\n<div id=\"gtx-trans\" style=\"position: absolute; left: -50px; top: 4.31534px;\">\n<div class=\"gtx-trans-icon\"><\/div>\n<\/div>\n<\/div><\/section><\/div><div class=\"flex_column av_one_full  flex_column_div av-zero-column-padding first  avia-builder-el-4  el_after_av_one_full  el_before_av_hr  column-top-margin\" style='border-radius:0px; '><section class=\"av_textblock_section \"  itemscope=\"itemscope\" itemtype=\"https:\/\/schema.org\/BlogPosting\" itemprop=\"blogPost\" ><div class='avia_textblock  '   itemprop=\"text\" ><p style=\"text-align: justify;\">Este lunes 14 y martes 15 de abril, los presidentes de la Confederaci\u00f3n de la Producci\u00f3n y del Comercio (CPC) y sus 6 ramas (Sociedad Nacional de Agricultura, C\u00e1mara Nacional de Comercio, Sociedad Nacional de Miner\u00eda, Sociedad de Fomento Fabril, C\u00e1mara Chilena de la Construcci\u00f3n y Asociaci\u00f3n de Bancos), se encuentran realizando una misi\u00f3n regional en Ays\u00e9n, en el marco de la cual se desarrollar\u00e1 el primer encuentro de Gremios por Chile Ays\u00e9n, que congregar\u00e1 a los gremios empresariales de la regi\u00f3n y a m\u00e1s de 70 empresarios y empresarias locales.<\/p>\n<p style=\"text-align: justify;\">Previo al encuentro gremial, los l\u00edderes de la CPC y sus ramas, visitaron la Cervecer\u00eda D\u2019Olbek, donde tuvieron la oportunidad de conocer en terreno esta empresa de origen belga y sello patag\u00f3nico, comprometida con la innovaci\u00f3n, la calidad y la creatividad.<\/p>\n<p style=\"text-align: justify;\">Fueron tambi\u00e9n las instalaciones de D\u2019Olbek el lugar elegido para lanzar en la regi\u00f3n de Ays\u00e9n el primer operativo del Programa Chile por la Salud Preventiva junto al CESFAM de Coyhaique. Esta es una iniciativa que forma parte de Empresas por Chile, donde miles de empresas y empresarios se est\u00e1n uniendo para colaborar en la soluci\u00f3n de los principales dolores de los chilenos.<\/p>\n<p style=\"text-align: justify;\">La presidenta de la CPC, Susana Jim\u00e9nez, se\u00f1al\u00f3 que \u201ces una gran alegr\u00eda lanzar el programa desde una empresa local como la Cervecer\u00eda D\u2019Olbek. Porque la salud comienza en el d\u00eda a d\u00eda, en los espacios donde trabajamos, compartimos y construimos comunidad\u201d. Agreg\u00f3 que \u201ceste es el comienzo de algo mucho m\u00e1s grande: una cultura preventiva en el sur de Chile, donde la salud de los trabajadores sea prioridad y donde cada empresa pueda convertirse en un actor clave del bienestar de sus colaboradores\u201d.<\/p>\n<p style=\"text-align: justify;\">El fundador y socio de la Cervecer\u00eda D&#8217;Olbek. Charlie de Smet d&#8217;Olbecke, agradeci\u00f3 a la CPC y el CESFAM por realizar este operativo m\u00e9dico en su empresa y destac\u00f3 la importancia que tiene para ellos la salud de sus trabajadores.<\/p>\n<p style=\"text-align: justify;\">El Programa Chile por la Salud Preventiva nace desde una convicci\u00f3n compartida: la prevenci\u00f3n es una herramienta poderosa. Hoy en Chile, las enfermedades cr\u00f3nicas son responsables de cerca del 74% de las muertes. Y, sin embargo, solo un 13% de la poblaci\u00f3n accede a un examen preventivo.<\/p>\n<p style=\"text-align: justify;\">Desde Empresas por Chile, en alianza con el Ministerio de Salud y Desaf\u00edo Levantemos Chile, se cre\u00f3 un modelo simple pero transformador: llevar los ex\u00e1menes preventivos directamente a los lugares de trabajo, en colaboraci\u00f3n con los CESFAM locales. Porque cuando se facilita el acceso, las personas participan, se cuidan y pueden detectar a tiempo riesgos para su salud.<\/p>\n<p style=\"text-align: justify;\">Desde noviembre pasado, este programa ha recorrido el pa\u00eds, de Arica a Puerto Natales. Y ya son m\u00e1s de mil personas las que han accedido a controles de salud gracias a esta iniciativa. Y solo durante este mes -que hemos dedicado especialmente a impulsar la salud preventiva- m\u00e1s de 2 mil personas participar\u00e1n en los operativos. Y queremos que esa cifra siga creciendo.<\/p>\n<\/div><\/section><\/div><div  style='height:50px' class='hr hr-invisible   avia-builder-el-6  el_after_av_one_full  el_before_av_social_share '><span class='hr-inner ' ><span class='hr-inner-style'><\/span><\/span><\/div><\/p>\n<div  class='av-social-sharing-box  avia-builder-el-7  el_after_av_hr  el_before_av_hr  '><div class='av-share-box'><h5 class='av-share-link-description av-no-toc '>Compartir esta noticia<\/h5><ul class='av-share-box-list noLightbox'><li class='av-share-link av-social-link-facebook' ><a target=\"_blank\" aria-label=\"Compartir en Facebook\" href='https:\/\/www.facebook.com\/sharer.php?u=https:\/\/radiorevelacionfm.cl\/?p=52651&#038;t=L%C3%ADderes%20de%20la%20CPC%20y%20sus%20ramas%20visitan%20Cervecer%C3%ADa%20D%E2%80%99Olbek%20y%20lanzan%20en%20Ays%C3%A9n%20el%20Programa%20de%20Salud%20Preventiva%20de%20Empresas%20por%20Chile' aria-hidden='false' data-av_icon='\ue8f3' data-av_iconfont='entypo-fontello' title='' data-avia-related-tooltip='Compartir en Facebook' rel=\"noopener\"><span class='avia_hidden_link_text'>Compartir en Facebook<\/span><\/a><\/li><li class='av-share-link av-social-link-twitter' ><a target=\"_blank\" aria-label=\"Compartir en Twitter\" href='https:\/\/twitter.com\/share?text=L%C3%ADderes%20de%20la%20CPC%20y%20sus%20ramas%20visitan%20Cervecer%C3%ADa%20D%E2%80%99Olbek%20y%20lanzan%20en%20Ays%C3%A9n%20el%20Programa%20de%20Salud%20Preventiva%20de%20Empresas%20por%20Chile&#038;url=https:\/\/radiorevelacionfm.cl\/?p=52651' aria-hidden='false' data-av_icon='\ue8f1' data-av_iconfont='entypo-fontello' title='' data-avia-related-tooltip='Compartir en Twitter' rel=\"noopener\"><span class='avia_hidden_link_text'>Compartir en Twitter<\/span><\/a><\/li><li class='av-share-link av-social-link-whatsapp' ><a target=\"_blank\" aria-label=\"Compartir en Whatsapp\" href='https:\/\/api.whatsapp.com\/send?text=https:\/\/radiorevelacionfm.cl\/?p=52651' aria-hidden='false' data-av_icon='\uf232' data-av_iconfont='entypo-fontello' title='' data-avia-related-tooltip='Compartir en Whatsapp' rel=\"noopener\"><span class='avia_hidden_link_text'>Compartir en Whatsapp<\/span><\/a><\/li><li class='av-share-link av-social-link-linkedin' ><a target=\"_blank\" aria-label=\"Compartir en LinkedIn\" href='https:\/\/linkedin.com\/shareArticle?mini=true&#038;title=L%C3%ADderes%20de%20la%20CPC%20y%20sus%20ramas%20visitan%20Cervecer%C3%ADa%20D%E2%80%99Olbek%20y%20lanzan%20en%20Ays%C3%A9n%20el%20Programa%20de%20Salud%20Preventiva%20de%20Empresas%20por%20Chile&#038;url=https:\/\/radiorevelacionfm.cl\/?p=52651' aria-hidden='false' data-av_icon='\ue8fc' data-av_iconfont='entypo-fontello' title='' data-avia-related-tooltip='Compartir en LinkedIn' rel=\"noopener\"><span class='avia_hidden_link_text'>Compartir en LinkedIn<\/span><\/a><\/li><li class='av-share-link av-social-link-mail' ><a  aria-label=\"Compartir por correo\" href='mailto:?subject=L%C3%ADderes%20de%20la%20CPC%20y%20sus%20ramas%20visitan%20Cervecer%C3%ADa%20D%E2%80%99Olbek%20y%20lanzan%20en%20Ays%C3%A9n%20el%20Programa%20de%20Salud%20Preventiva%20de%20Empresas%20por%20Chile&#038;body=https:\/\/radiorevelacionfm.cl\/?p=52651' aria-hidden='false' data-av_icon='\ue805' data-av_iconfont='entypo-fontello' title='' data-avia-related-tooltip='Compartir por correo'><span class='avia_hidden_link_text'>Compartir por correo<\/span><\/a><\/li><\/ul><\/div><\/div>\n<div  style='height:50px' class='hr hr-invisible   avia-builder-el-8  el_after_av_social_share  el_before_av_comments_list '><span class='hr-inner ' ><span class='hr-inner-style'><\/span><\/span><\/div>\n<div  class='av-buildercomment  av-blog-meta-html-info-disabled av-blog-meta-tag-disabled  '><\/div>\n","protected":false},"excerpt":{"rendered":"","protected":false},"author":1,"featured_media":52652,"comment_status":"closed","ping_status":"closed","sticky":false,"template":"","format":"standard","meta":{"footnotes":""},"categories":[47],"tags":[],"class_list":["post-52651","post","type-post","status-publish","format-standard","has-post-thumbnail","hentry","category-reportajes"],"jetpack_featured_media_url":"https:\/\/radiorevelacionfm.cl\/wp-content\/uploads\/2025\/04\/whatsapp-image-2025-04-14-at-4_optimized.07.49-pm-1.jpeg","_links":{"self":[{"href":"https:\/\/radiorevelacionfm.cl\/index.php?rest_route=\/wp\/v2\/posts\/52651","targetHints":{"allow":["GET"]}}],"collection":[{"href":"https:\/\/radiorevelacionfm.cl\/index.php?rest_route=\/wp\/v2\/posts"}],"about":[{"href":"https:\/\/radiorevelacionfm.cl\/index.php?rest_route=\/wp\/v2\/types\/post"}],"author":[{"embeddable":true,"href":"https:\/\/radiorevelacionfm.cl\/index.php?rest_route=\/wp\/v2\/users\/1"}],"replies":[{"embeddable":true,"href":"https:\/\/radiorevelacionfm.cl\/index.php?rest_route=%2Fwp%2Fv2%2Fcomments&post=52651"}],"version-history":[{"count":2,"href":"https:\/\/radiorevelacionfm.cl\/index.php?rest_route=\/wp\/v2\/posts\/52651\/revisions"}],"predecessor-version":[{"id":52682,"href":"https:\/\/radiorevelacionfm.cl\/index.php?rest_route=\/wp\/v2\/posts\/52651\/revisions\/52682"}],"wp:featuredmedia":[{"embeddable":true,"href":"https:\/\/radiorevelacionfm.cl\/index.php?rest_route=\/wp\/v2\/media\/52652"}],"wp:attachment":[{"href":"https:\/\/radiorevelacionfm.cl\/index.php?rest_route=%2Fwp%2Fv2%2Fmedia&parent=52651"}],"wp:term":[{"taxonomy":"category","embeddable":true,"href":"https:\/\/radiorevelacionfm.cl\/index.php?rest_route=%2Fwp%2Fv2%2Fcategories&post=52651"},{"taxonomy":"post_tag","embeddable":true,"href":"https:\/\/radiorevelacionfm.cl\/index.php?rest_route=%2Fwp%2Fv2%2Ftags&post=52651"}],"curies":[{"name":"wp","href":"https:\/\/api.w.org\/{rel}","templated":true}]}}