{"id":52648,"date":"2025-04-14T16:56:21","date_gmt":"2025-04-14T19:56:21","guid":{"rendered":"https:\/\/radiorevelacionfm.cl\/?p=52648"},"modified":"2025-04-14T16:56:21","modified_gmt":"2025-04-14T19:56:21","slug":"culturas-aysen-financia-taller-de-produccion-ejecutiva-en-cine","status":"publish","type":"post","link":"https:\/\/radiorevelacionfm.cl\/?p=52648","title":{"rendered":"Culturas Ays\u00e9n financia Taller de Producci\u00f3n Ejecutiva en Cine"},"content":{"rendered":"<div class=\"flex_column av_one_full  flex_column_div av-zero-column-padding first  avia-builder-el-0  el_before_av_one_full  avia-builder-el-first  \" style='border-radius:0px; '><div  class='avia-image-container  av-styling-    avia-builder-el-1  avia-builder-el-no-sibling  avia-align-center '  itemprop=\"image\" itemscope=\"itemscope\" itemtype=\"https:\/\/schema.org\/ImageObject\"  ><div class='avia-image-container-inner'><div class='avia-image-overlay-wrap'><img decoding=\"async\" class='wp-image-52649 avia-img-lazy-loading-not-52649 avia_image' src=\"https:\/\/radiorevelacionfm.cl\/wp-content\/uploads\/2025\/04\/taller-produccion1-1-1.jpg\" alt='' title='taller produccion1 (1) (1)' height=\"600\" width=\"900\"  itemprop=\"thumbnailUrl\" srcset=\"https:\/\/radiorevelacionfm.cl\/wp-content\/uploads\/2025\/04\/taller-produccion1-1-1.jpg 900w, https:\/\/radiorevelacionfm.cl\/wp-content\/uploads\/2025\/04\/taller-produccion1-1-1-300x200.jpg 300w, https:\/\/radiorevelacionfm.cl\/wp-content\/uploads\/2025\/04\/taller-produccion1-1-1-768x512.jpg 768w, https:\/\/radiorevelacionfm.cl\/wp-content\/uploads\/2025\/04\/taller-produccion1-1-1-705x470.jpg 705w, https:\/\/radiorevelacionfm.cl\/wp-content\/uploads\/2025\/04\/taller-produccion1-1-1-450x300.jpg 450w, https:\/\/radiorevelacionfm.cl\/wp-content\/uploads\/2025\/04\/taller-produccion1-1-1-600x400.jpg 600w\" sizes=\"(max-width: 900px) 100vw, 900px\" \/><\/div><\/div><\/div><\/div><div class=\"flex_column av_one_full  flex_column_div av-zero-column-padding first  avia-builder-el-2  el_after_av_one_full  el_before_av_one_full  column-top-margin\" style='border-radius:0px; '><section class=\"av_textblock_section \"  itemscope=\"itemscope\" itemtype=\"https:\/\/schema.org\/BlogPosting\" itemprop=\"blogPost\" ><div class='avia_textblock  '   itemprop=\"text\" ><p style=\"text-align: center;\"><strong><span style=\"font-size: 18pt;\">Culturas Ays\u00e9n financia Taller de Producci\u00f3n Ejecutiva en Cine <\/span><\/strong><\/p>\n<div id=\"gtx-trans\" style=\"position: absolute; left: -50px; top: 4.31534px;\">\n<div class=\"gtx-trans-icon\"><\/div>\n<\/div>\n<\/div><\/section><\/div><div class=\"flex_column av_one_full  flex_column_div av-zero-column-padding first  avia-builder-el-4  el_after_av_one_full  el_before_av_hr  column-top-margin\" style='border-radius:0px; '><section class=\"av_textblock_section \"  itemscope=\"itemscope\" itemtype=\"https:\/\/schema.org\/BlogPosting\" itemprop=\"blogPost\" ><div class='avia_textblock  '   itemprop=\"text\" ><p style=\"text-align: justify;\">Durante 15 d\u00edas, la productora Reverso Cine ofreci\u00f3 el Taller de Producci\u00f3n Ejecutiva en Cine en el Centro Cultural Coyhaique, gracias al financiamiento del Fondo de Fomento Audiovisual del Ministerio de las Culturas, las Artes y el Patrimonio.<\/p>\n<p style=\"text-align: justify;\">Seis talleristas presentaron diversos m\u00f3dulos que abordaron distribuci\u00f3n, festivales, presencia internacional, asociatividad y nuevas herramientas de ejecuci\u00f3n, entre otros t\u00f3picos.<\/p>\n<p style=\"text-align: justify;\">La responsable del proyecto, Royerliz Garc\u00eda, creo contenidos tras vivir un tiempo en la localidad del Puerto Cisnes: \u201cIdentifiqu\u00e9 que la regi\u00f3n tiene altos de proyectos inadmisibles\u00a0 en la l\u00ednea Audiovisual, entonces eso me llam\u00f3 mucho la atenci\u00f3n y creo que hay muchos proyectos con mucho potencial en la regi\u00f3n, pero falta quienes lideren esos proyectos y naturalmente como mucha gente quiere ser director, pero casi nadie quiere hacer el trabajo de producir\u2026 Para m\u00ed la producci\u00f3n tiene mucha creatividad, mucho encanto, no es solamente manejar plata\u201d.<\/p>\n<p style=\"text-align: justify;\">El seremi de Culturas Ays\u00e9n, Felipe Quiroz, valor\u00f3 \u201cla enorme posibilidad que tienen los creadores o Audiovisuales locales de actualizar sus herramientas y potenciar sus proyectos con contenidos frescos y en formato presencial. Desde el Gobierno del presidente Gabriel Boric, estamos convencidos de que estos talleres de alta calidad deben tener presencia en todos los territorios. Y por segunda vez tenemos este taller en Ays\u00e9n\u201d.<\/p>\n<p style=\"text-align: justify;\">Participaron 9 seleccionados de entre 25 postulantes, entre ellos, la realizadora audiovisual Carolina Fuentealba: \u201cMe parece muy positivo para el territorio audiovisual de la regi\u00f3n el poder acceder a un taller tan espec\u00edfico durante 15 d\u00edas; esto permite que sea m\u00e1s completa la informaci\u00f3n y poder compartir nuestros proyectos con las dem\u00e1s personas que asistieron. Siempre se aprende de la experiencia de los dem\u00e1s y en espec\u00edfico del taller recojo las nuevas herramientas de ejecuci\u00f3n que nos ense\u00f1aron y que podemos ir aplicando a nuestros proyectos\u201d.<\/p>\n<\/div><\/section><\/div><div  style='height:50px' class='hr hr-invisible   avia-builder-el-6  el_after_av_one_full  el_before_av_social_share '><span class='hr-inner ' ><span class='hr-inner-style'><\/span><\/span><\/div><\/p>\n<div  class='av-social-sharing-box  avia-builder-el-7  el_after_av_hr  el_before_av_hr  '><div class='av-share-box'><h5 class='av-share-link-description av-no-toc '>Compartir esta noticia<\/h5><ul class='av-share-box-list noLightbox'><li class='av-share-link av-social-link-facebook' ><a target=\"_blank\" aria-label=\"Compartir en Facebook\" href='https:\/\/www.facebook.com\/sharer.php?u=https:\/\/radiorevelacionfm.cl\/?p=52648&#038;t=Culturas%20Ays%C3%A9n%20financia%20Taller%20de%20Producci%C3%B3n%20Ejecutiva%20en%20Cine' aria-hidden='false' data-av_icon='\ue8f3' data-av_iconfont='entypo-fontello' title='' data-avia-related-tooltip='Compartir en Facebook' rel=\"noopener\"><span class='avia_hidden_link_text'>Compartir en Facebook<\/span><\/a><\/li><li class='av-share-link av-social-link-twitter' ><a target=\"_blank\" aria-label=\"Compartir en Twitter\" href='https:\/\/twitter.com\/share?text=Culturas%20Ays%C3%A9n%20financia%20Taller%20de%20Producci%C3%B3n%20Ejecutiva%20en%20Cine&#038;url=https:\/\/radiorevelacionfm.cl\/?p=52648' aria-hidden='false' data-av_icon='\ue8f1' data-av_iconfont='entypo-fontello' title='' data-avia-related-tooltip='Compartir en Twitter' rel=\"noopener\"><span class='avia_hidden_link_text'>Compartir en Twitter<\/span><\/a><\/li><li class='av-share-link av-social-link-whatsapp' ><a target=\"_blank\" aria-label=\"Compartir en Whatsapp\" href='https:\/\/api.whatsapp.com\/send?text=https:\/\/radiorevelacionfm.cl\/?p=52648' aria-hidden='false' data-av_icon='\uf232' data-av_iconfont='entypo-fontello' title='' data-avia-related-tooltip='Compartir en Whatsapp' rel=\"noopener\"><span class='avia_hidden_link_text'>Compartir en Whatsapp<\/span><\/a><\/li><li class='av-share-link av-social-link-linkedin' ><a target=\"_blank\" aria-label=\"Compartir en LinkedIn\" href='https:\/\/linkedin.com\/shareArticle?mini=true&#038;title=Culturas%20Ays%C3%A9n%20financia%20Taller%20de%20Producci%C3%B3n%20Ejecutiva%20en%20Cine&#038;url=https:\/\/radiorevelacionfm.cl\/?p=52648' aria-hidden='false' data-av_icon='\ue8fc' data-av_iconfont='entypo-fontello' title='' data-avia-related-tooltip='Compartir en LinkedIn' rel=\"noopener\"><span class='avia_hidden_link_text'>Compartir en LinkedIn<\/span><\/a><\/li><li class='av-share-link av-social-link-mail' ><a  aria-label=\"Compartir por correo\" href='mailto:?subject=Culturas%20Ays%C3%A9n%20financia%20Taller%20de%20Producci%C3%B3n%20Ejecutiva%20en%20Cine&#038;body=https:\/\/radiorevelacionfm.cl\/?p=52648' aria-hidden='false' data-av_icon='\ue805' data-av_iconfont='entypo-fontello' title='' data-avia-related-tooltip='Compartir por correo'><span class='avia_hidden_link_text'>Compartir por correo<\/span><\/a><\/li><\/ul><\/div><\/div>\n<div  style='height:50px' class='hr hr-invisible   avia-builder-el-8  el_after_av_social_share  el_before_av_comments_list '><span class='hr-inner ' ><span class='hr-inner-style'><\/span><\/span><\/div>\n<div  class='av-buildercomment  av-blog-meta-html-info-disabled av-blog-meta-tag-disabled  '><\/div>\n","protected":false},"excerpt":{"rendered":"","protected":false},"author":1,"featured_media":52649,"comment_status":"closed","ping_status":"closed","sticky":false,"template":"","format":"standard","meta":{"footnotes":""},"categories":[52],"tags":[],"class_list":["post-52648","post","type-post","status-publish","format-standard","has-post-thumbnail","hentry","category-cultura"],"jetpack_featured_media_url":"https:\/\/radiorevelacionfm.cl\/wp-content\/uploads\/2025\/04\/taller-produccion1-1-1.jpg","_links":{"self":[{"href":"https:\/\/radiorevelacionfm.cl\/index.php?rest_route=\/wp\/v2\/posts\/52648","targetHints":{"allow":["GET"]}}],"collection":[{"href":"https:\/\/radiorevelacionfm.cl\/index.php?rest_route=\/wp\/v2\/posts"}],"about":[{"href":"https:\/\/radiorevelacionfm.cl\/index.php?rest_route=\/wp\/v2\/types\/post"}],"author":[{"embeddable":true,"href":"https:\/\/radiorevelacionfm.cl\/index.php?rest_route=\/wp\/v2\/users\/1"}],"replies":[{"embeddable":true,"href":"https:\/\/radiorevelacionfm.cl\/index.php?rest_route=%2Fwp%2Fv2%2Fcomments&post=52648"}],"version-history":[{"count":2,"href":"https:\/\/radiorevelacionfm.cl\/index.php?rest_route=\/wp\/v2\/posts\/52648\/revisions"}],"predecessor-version":[{"id":52654,"href":"https:\/\/radiorevelacionfm.cl\/index.php?rest_route=\/wp\/v2\/posts\/52648\/revisions\/52654"}],"wp:featuredmedia":[{"embeddable":true,"href":"https:\/\/radiorevelacionfm.cl\/index.php?rest_route=\/wp\/v2\/media\/52649"}],"wp:attachment":[{"href":"https:\/\/radiorevelacionfm.cl\/index.php?rest_route=%2Fwp%2Fv2%2Fmedia&parent=52648"}],"wp:term":[{"taxonomy":"category","embeddable":true,"href":"https:\/\/radiorevelacionfm.cl\/index.php?rest_route=%2Fwp%2Fv2%2Fcategories&post=52648"},{"taxonomy":"post_tag","embeddable":true,"href":"https:\/\/radiorevelacionfm.cl\/index.php?rest_route=%2Fwp%2Fv2%2Ftags&post=52648"}],"curies":[{"name":"wp","href":"https:\/\/api.w.org\/{rel}","templated":true}]}}