{"id":52644,"date":"2025-04-14T16:04:15","date_gmt":"2025-04-14T19:04:15","guid":{"rendered":"https:\/\/radiorevelacionfm.cl\/?p=52644"},"modified":"2025-04-14T16:04:15","modified_gmt":"2025-04-14T19:04:15","slug":"realizan-jornada-intergeneracional-en-villa-nirehuao-gracias-a-programa-accion-local","status":"publish","type":"post","link":"https:\/\/radiorevelacionfm.cl\/?p=52644","title":{"rendered":"Realizan jornada intergeneracional en Villa \u00d1irehuao gracias a programa Acci\u00f3n Local"},"content":{"rendered":"<div class=\"flex_column av_one_full  flex_column_div av-zero-column-padding first  avia-builder-el-0  el_before_av_one_full  avia-builder-el-first  \" style='border-radius:0px; '><div  class='avia-image-container  av-styling-    avia-builder-el-1  avia-builder-el-no-sibling  avia-align-center '  itemprop=\"image\" itemscope=\"itemscope\" itemtype=\"https:\/\/schema.org\/ImageObject\"  ><div class='avia-image-container-inner'><div class='avia-image-overlay-wrap'><img decoding=\"async\" class='wp-image-52645 avia-img-lazy-loading-not-52645 avia_image' src=\"https:\/\/radiorevelacionfm.cl\/wp-content\/uploads\/2025\/04\/1-99-1-1.jpeg\" alt='' title='1 (99) (1) (1)' height=\"600\" width=\"1067\"  itemprop=\"thumbnailUrl\" srcset=\"https:\/\/radiorevelacionfm.cl\/wp-content\/uploads\/2025\/04\/1-99-1-1.jpeg 1067w, https:\/\/radiorevelacionfm.cl\/wp-content\/uploads\/2025\/04\/1-99-1-1-300x169.jpeg 300w, https:\/\/radiorevelacionfm.cl\/wp-content\/uploads\/2025\/04\/1-99-1-1-1030x579.jpeg 1030w, https:\/\/radiorevelacionfm.cl\/wp-content\/uploads\/2025\/04\/1-99-1-1-768x432.jpeg 768w, https:\/\/radiorevelacionfm.cl\/wp-content\/uploads\/2025\/04\/1-99-1-1-705x396.jpeg 705w, https:\/\/radiorevelacionfm.cl\/wp-content\/uploads\/2025\/04\/1-99-1-1-450x253.jpeg 450w, https:\/\/radiorevelacionfm.cl\/wp-content\/uploads\/2025\/04\/1-99-1-1-600x337.jpeg 600w\" sizes=\"(max-width: 1067px) 100vw, 1067px\" \/><\/div><\/div><\/div><\/div><div class=\"flex_column av_one_full  flex_column_div av-zero-column-padding first  avia-builder-el-2  el_after_av_one_full  el_before_av_one_full  column-top-margin\" style='border-radius:0px; '><section class=\"av_textblock_section \"  itemscope=\"itemscope\" itemtype=\"https:\/\/schema.org\/BlogPosting\" itemprop=\"blogPost\" ><div class='avia_textblock  '   itemprop=\"text\" ><p style=\"text-align: center;\"><strong><span style=\"font-size: 18pt;\">Realizan jornada intergeneracional en Villa \u00d1irehuao gracias a programa Acci\u00f3n Local<\/span><\/strong><\/p>\n<div id=\"gtx-trans\" style=\"position: absolute; left: -50px; top: 4.31534px;\">\n<div class=\"gtx-trans-icon\"><\/div>\n<\/div>\n<\/div><\/section><\/div><div class=\"flex_column av_one_full  flex_column_div av-zero-column-padding first  avia-builder-el-4  el_after_av_one_full  el_before_av_hr  column-top-margin\" style='border-radius:0px; '><section class=\"av_textblock_section \"  itemscope=\"itemscope\" itemtype=\"https:\/\/schema.org\/BlogPosting\" itemprop=\"blogPost\" ><div class='avia_textblock  '   itemprop=\"text\" ><p style=\"text-align: justify;\"><em>La iniciativa permiti\u00f3 rescatar y reconocer parte de la historia reciente y tradiciones de la localidad a trav\u00e9s del di\u00e1logo y de compartir experiencias entre las personas participantes.<\/em><\/p>\n<p style=\"text-align: justify;\">Hasta la Escuela Valle de la Luna de Villa \u00d1irehuao lleg\u00f3 la directora regional del Fondo de Solidaridad e Inversi\u00f3n Social, FOSIS, Fernanda Leiva, para participar junto a la comunidad de la localidad en una jornada intergeneracional, donde se utiliz\u00f3 la metodolog\u00eda de museo vivo para rescatar, exponer y compartir parte de la historia, costumbres y tradiciones de esta localidad rural de la comuna de Coyhaique.<\/p>\n<p style=\"text-align: justify;\">Durante la jornada, donde participaron ni\u00f1os, ni\u00f1as, personas mayores y parte de la comunidad local, se exhibieron fotograf\u00edas y objetos antiguos para acercar a las nuevas generaciones a comprender, a trav\u00e9s de relatos e historias, c\u00f3mo era antes la vida en Villa \u00d1irehuao. La actividad fue amenizada por m\u00fasica en vivo, presentaciones de baile y micr\u00f3fono abierto.<\/p>\n<p style=\"text-align: justify;\">La representante del centro general de padres, madres y apoderados de la Escuela Valle de la Luna y miembro del grupo motor, Jessica Blanco, asegur\u00f3 que la jornada intergeneracional fue \u201cuna idea fant\u00e1stica, maravillosos y que crea un impacto favorable respecto a la ni\u00f1ez que tenemos hoy, que es el futuro del pueblo donde vivimos. Crear el v\u00ednculo entre el pasado y lo actual es s\u00faper importante. He visto la motivaci\u00f3n de los ni\u00f1os a reconocer objetos que se usaban antes, a hacer consultas, es un impacto muy notorio y positivo para los ni\u00f1os que tenemos hoy\u201d.<\/p>\n<p style=\"text-align: justify;\">Fernanda Leiva, directora regional del FOSIS en Ays\u00e9n, destac\u00f3 que \u201cestamos muy contentos por todo el trabajo que se ha venido realizando con la comunidad, con el grupo motor, desde donde surgi\u00f3 la iniciativa de realizar esta jornada intergeneracional que ha sido una actividad muy bonita y significativa. Estamos viendo los frutos del trabajo que se ha realizado en Villa \u00d1irehuao, donde la comunidad ha realizado un diagn\u00f3stico y ha conversado y participado para definir las iniciativas que van a financiar con el programa Acci\u00f3n Local\u201d.<\/p>\n<p style=\"text-align: justify;\">Acci\u00f3n Local es un programa de la l\u00ednea de cohesi\u00f3n social del FOSIS, que busca aumentar las capacidades sociocomunitarias de quienes habitan una localidad, junto con financiar iniciativas priorizadas por su comunidad.<\/p>\n<p style=\"text-align: justify;\"><strong><u>\u00a0<\/u><\/strong><\/p>\n<\/div><\/section><\/div><div  style='height:50px' class='hr hr-invisible   avia-builder-el-6  el_after_av_one_full  el_before_av_social_share '><span class='hr-inner ' ><span class='hr-inner-style'><\/span><\/span><\/div><\/p>\n<div  class='av-social-sharing-box  avia-builder-el-7  el_after_av_hr  el_before_av_hr  '><div class='av-share-box'><h5 class='av-share-link-description av-no-toc '>Compartir esta noticia<\/h5><ul class='av-share-box-list noLightbox'><li class='av-share-link av-social-link-facebook' ><a target=\"_blank\" aria-label=\"Compartir en Facebook\" href='https:\/\/www.facebook.com\/sharer.php?u=https:\/\/radiorevelacionfm.cl\/?p=52644&#038;t=Realizan%20jornada%20intergeneracional%20en%20Villa%20%C3%91irehuao%20gracias%20a%20programa%20Acci%C3%B3n%20Local' aria-hidden='false' data-av_icon='\ue8f3' data-av_iconfont='entypo-fontello' title='' data-avia-related-tooltip='Compartir en Facebook' rel=\"noopener\"><span class='avia_hidden_link_text'>Compartir en Facebook<\/span><\/a><\/li><li class='av-share-link av-social-link-twitter' ><a target=\"_blank\" aria-label=\"Compartir en Twitter\" href='https:\/\/twitter.com\/share?text=Realizan%20jornada%20intergeneracional%20en%20Villa%20%C3%91irehuao%20gracias%20a%20programa%20Acci%C3%B3n%20Local&#038;url=https:\/\/radiorevelacionfm.cl\/?p=52644' aria-hidden='false' data-av_icon='\ue8f1' data-av_iconfont='entypo-fontello' title='' data-avia-related-tooltip='Compartir en Twitter' rel=\"noopener\"><span class='avia_hidden_link_text'>Compartir en Twitter<\/span><\/a><\/li><li class='av-share-link av-social-link-whatsapp' ><a target=\"_blank\" aria-label=\"Compartir en Whatsapp\" href='https:\/\/api.whatsapp.com\/send?text=https:\/\/radiorevelacionfm.cl\/?p=52644' aria-hidden='false' data-av_icon='\uf232' data-av_iconfont='entypo-fontello' title='' data-avia-related-tooltip='Compartir en Whatsapp' rel=\"noopener\"><span class='avia_hidden_link_text'>Compartir en Whatsapp<\/span><\/a><\/li><li class='av-share-link av-social-link-linkedin' ><a target=\"_blank\" aria-label=\"Compartir en LinkedIn\" href='https:\/\/linkedin.com\/shareArticle?mini=true&#038;title=Realizan%20jornada%20intergeneracional%20en%20Villa%20%C3%91irehuao%20gracias%20a%20programa%20Acci%C3%B3n%20Local&#038;url=https:\/\/radiorevelacionfm.cl\/?p=52644' aria-hidden='false' data-av_icon='\ue8fc' data-av_iconfont='entypo-fontello' title='' data-avia-related-tooltip='Compartir en LinkedIn' rel=\"noopener\"><span class='avia_hidden_link_text'>Compartir en LinkedIn<\/span><\/a><\/li><li class='av-share-link av-social-link-mail' ><a  aria-label=\"Compartir por correo\" href='mailto:?subject=Realizan%20jornada%20intergeneracional%20en%20Villa%20%C3%91irehuao%20gracias%20a%20programa%20Acci%C3%B3n%20Local&#038;body=https:\/\/radiorevelacionfm.cl\/?p=52644' aria-hidden='false' data-av_icon='\ue805' data-av_iconfont='entypo-fontello' title='' data-avia-related-tooltip='Compartir por correo'><span class='avia_hidden_link_text'>Compartir por correo<\/span><\/a><\/li><\/ul><\/div><\/div>\n<div  style='height:50px' class='hr hr-invisible   avia-builder-el-8  el_after_av_social_share  el_before_av_comments_list '><span class='hr-inner ' ><span class='hr-inner-style'><\/span><\/span><\/div>\n<div  class='av-buildercomment  av-blog-meta-html-info-disabled av-blog-meta-tag-disabled  '><\/div>\n","protected":false},"excerpt":{"rendered":"","protected":false},"author":1,"featured_media":52645,"comment_status":"closed","ping_status":"closed","sticky":false,"template":"","format":"standard","meta":{"footnotes":""},"categories":[38],"tags":[],"class_list":["post-52644","post","type-post","status-publish","format-standard","has-post-thumbnail","hentry","category-regional"],"jetpack_featured_media_url":"https:\/\/radiorevelacionfm.cl\/wp-content\/uploads\/2025\/04\/1-99-1-1.jpeg","_links":{"self":[{"href":"https:\/\/radiorevelacionfm.cl\/index.php?rest_route=\/wp\/v2\/posts\/52644","targetHints":{"allow":["GET"]}}],"collection":[{"href":"https:\/\/radiorevelacionfm.cl\/index.php?rest_route=\/wp\/v2\/posts"}],"about":[{"href":"https:\/\/radiorevelacionfm.cl\/index.php?rest_route=\/wp\/v2\/types\/post"}],"author":[{"embeddable":true,"href":"https:\/\/radiorevelacionfm.cl\/index.php?rest_route=\/wp\/v2\/users\/1"}],"replies":[{"embeddable":true,"href":"https:\/\/radiorevelacionfm.cl\/index.php?rest_route=%2Fwp%2Fv2%2Fcomments&post=52644"}],"version-history":[{"count":2,"href":"https:\/\/radiorevelacionfm.cl\/index.php?rest_route=\/wp\/v2\/posts\/52644\/revisions"}],"predecessor-version":[{"id":52647,"href":"https:\/\/radiorevelacionfm.cl\/index.php?rest_route=\/wp\/v2\/posts\/52644\/revisions\/52647"}],"wp:featuredmedia":[{"embeddable":true,"href":"https:\/\/radiorevelacionfm.cl\/index.php?rest_route=\/wp\/v2\/media\/52645"}],"wp:attachment":[{"href":"https:\/\/radiorevelacionfm.cl\/index.php?rest_route=%2Fwp%2Fv2%2Fmedia&parent=52644"}],"wp:term":[{"taxonomy":"category","embeddable":true,"href":"https:\/\/radiorevelacionfm.cl\/index.php?rest_route=%2Fwp%2Fv2%2Fcategories&post=52644"},{"taxonomy":"post_tag","embeddable":true,"href":"https:\/\/radiorevelacionfm.cl\/index.php?rest_route=%2Fwp%2Fv2%2Ftags&post=52644"}],"curies":[{"name":"wp","href":"https:\/\/api.w.org\/{rel}","templated":true}]}}