{"id":52641,"date":"2025-04-15T09:52:25","date_gmt":"2025-04-15T12:52:25","guid":{"rendered":"https:\/\/radiorevelacionfm.cl\/?p=52641"},"modified":"2025-04-15T09:52:25","modified_gmt":"2025-04-15T12:52:25","slug":"sma-inicia-procedimiento-de-requerimiento-de-ingreso-al-seia-contra-titular-de-proyecto-loteo-costa-cristal","status":"publish","type":"post","link":"https:\/\/radiorevelacionfm.cl\/?p=52641","title":{"rendered":"SMA inicia procedimiento de requerimiento de ingreso al SEIA contra titular de proyecto Loteo Costa Cristal"},"content":{"rendered":"<div class=\"flex_column av_one_full  flex_column_div av-zero-column-padding first  avia-builder-el-0  el_before_av_one_full  avia-builder-el-first  \" style='border-radius:0px; '><div  class='avia-image-container  av-styling-    avia-builder-el-1  avia-builder-el-no-sibling  avia-align-center '  itemprop=\"image\" itemscope=\"itemscope\" itemtype=\"https:\/\/schema.org\/ImageObject\"  ><div class='avia-image-container-inner'><div class='avia-image-overlay-wrap'><img decoding=\"async\" class='wp-image-52642 avia-img-lazy-loading-not-52642 avia_image' src=\"https:\/\/radiorevelacionfm.cl\/wp-content\/uploads\/2025\/04\/thumbnail_image-2_optimized.jpg\" alt='' title='thumbnail_image-(2)_optimized' height=\"600\" width=\"802\"  itemprop=\"thumbnailUrl\" srcset=\"https:\/\/radiorevelacionfm.cl\/wp-content\/uploads\/2025\/04\/thumbnail_image-2_optimized.jpg 802w, https:\/\/radiorevelacionfm.cl\/wp-content\/uploads\/2025\/04\/thumbnail_image-2_optimized-300x224.jpg 300w, https:\/\/radiorevelacionfm.cl\/wp-content\/uploads\/2025\/04\/thumbnail_image-2_optimized-768x575.jpg 768w, https:\/\/radiorevelacionfm.cl\/wp-content\/uploads\/2025\/04\/thumbnail_image-2_optimized-705x527.jpg 705w, https:\/\/radiorevelacionfm.cl\/wp-content\/uploads\/2025\/04\/thumbnail_image-2_optimized-450x337.jpg 450w, https:\/\/radiorevelacionfm.cl\/wp-content\/uploads\/2025\/04\/thumbnail_image-2_optimized-600x449.jpg 600w\" sizes=\"(max-width: 802px) 100vw, 802px\" \/><\/div><\/div><\/div><\/div><div class=\"flex_column av_one_full  flex_column_div av-zero-column-padding first  avia-builder-el-2  el_after_av_one_full  el_before_av_one_full  column-top-margin\" style='border-radius:0px; '><section class=\"av_textblock_section \"  itemscope=\"itemscope\" itemtype=\"https:\/\/schema.org\/BlogPosting\" itemprop=\"blogPost\" ><div class='avia_textblock  '   itemprop=\"text\" ><p style=\"text-align: center;\"><span style=\"font-size: 18pt;\"><b>SMA inicia procedimiento de requerimiento de ingreso al SEIA contra titular de proyecto Loteo Costa Cristal<\/b><\/span><\/p>\n<div id=\"gtx-trans\" style=\"position: absolute; left: -50px; top: 4.31534px;\">\n<div class=\"gtx-trans-icon\"><\/div>\n<\/div>\n<\/div><\/section><\/div><div class=\"flex_column av_one_full  flex_column_div av-zero-column-padding first  avia-builder-el-4  el_after_av_one_full  el_before_av_hr  column-top-margin\" style='border-radius:0px; '><section class=\"av_textblock_section \"  itemscope=\"itemscope\" itemtype=\"https:\/\/schema.org\/BlogPosting\" itemprop=\"blogPost\" ><div class='avia_textblock  '   itemprop=\"text\" ><p style=\"text-align: justify;\"><em>De acuerdo a la Superintendencia del Medio Ambiente, existen antecedentes para sostener que el proyecto de desarrollo urbano podr\u00eda requerir ingresar al Sistema de Evaluaci\u00f3n Ambiental, debido a que se encuentra emplazado dentro del \u00e1rea de protecci\u00f3n oficial Zona de Inter\u00e9s Tur\u00edstico \u00abChelenko\u00bb.<\/em><\/p>\n<p style=\"text-align: justify;\">La Superintendencia del Medio Ambiente (SMA) inici\u00f3 un procedimiento de requerimiento de ingreso al Sistema de Evaluaci\u00f3n de Impacto Ambiental (SEIA) al proyecto \u00abLoteo Costa Cristal\u00bb de la empresa Costa Cristal Spa, ubicado en la comuna de R\u00edo Ib\u00e1\u00f1ez, en la regi\u00f3n de Ays\u00e9n. Esto, debido a que el proyecto no cuenta con Resoluci\u00f3n de Calificaci\u00f3n Ambiental (RCA), a pesar de contemplar la subdivisi\u00f3n de 212 parcelas -de igual o mayor tama\u00f1o a 0,5 hect\u00e1reas-, incluyendo obras de urbanizaci\u00f3n con fines habitacionales.<\/p>\n<p style=\"text-align: justify;\">Respecto de este caso, la SMA realiz\u00f3 un requerimiento de informaci\u00f3n al titular, adem\u00e1s de solicitar informaci\u00f3n al Servicio Nacional de Turismo de Ays\u00e9n y al Consejo de Monumentos Nacionales.<\/p>\n<p style=\"text-align: justify;\">De esta forma, a partir de las actividades de fiscalizaci\u00f3n realizadas, la Superintendencia pudo constatar que, adem\u00e1s de las parcelas mencionadas, el proyecto contempla un loteo adicional de 1,21 hect\u00e1reas destinado a servidumbres de acceso al Lago General Carrera y caminos interiores. A esto se suma, que la ubicaci\u00f3n aislada de los predios y la ausencia de oferta de alojamiento cercano, hacen razonable proyectar la construcci\u00f3n de viviendas, lo que implicar\u00eda la eventual urbanizaci\u00f3n del terreno.<\/p>\n<p style=\"text-align: justify;\">Asimismo, se identific\u00f3 que el proyecto se ubica dentro del \u00e1rea de protecci\u00f3n oficial Zona de Inter\u00e9s Tur\u00edstico \u00abChelenko\u00bb, por lo que la magnitud, duraci\u00f3n y caracter\u00edsticas del proyecto podr\u00edan generar impactos sobre una zona de alto valor ambiental, tur\u00edstico y paisaj\u00edstico.<\/p>\n<p style=\"text-align: justify;\">El jefe de la Oficina Regional de Ays\u00e9n, \u00d3scar Leal, explic\u00f3 que \u00abse trata de un proyecto de desarrollo urbano, ubicado en una zona no incluida en un plan evaluado estrat\u00e9gicamente, que contempla m\u00e1s de 80 viviendas y que adem\u00e1s se emplaza dentro de un \u00e1rea de protecci\u00f3n ambiental de la regi\u00f3n. Por estas razones, el proyecto se enmarcar\u00eda en una causal de ingreso al Sistema de Evaluaci\u00f3n de Impacto Ambiental\u00bb.<\/p>\n<p style=\"text-align: justify;\">Cabe se\u00f1alar, que este procedimiento pretende recabar antecedentes que permitan determinar si corresponde o no exigir el ingreso a evaluaci\u00f3n ambiental.<\/p>\n<p style=\"text-align: justify;\">Actualmente, el titular tiene un plazo de 15 d\u00edas h\u00e1biles desde la fecha en que fue notificado, para hacer valer las observaciones, alegaciones, o pruebas, que estime pertinentes frente a la hip\u00f3tesis de elusi\u00f3n al SEIA.<\/p>\n<p style=\"text-align: justify;\">M\u00e1s informaci\u00f3n en el Sistema Nacional de Informaci\u00f3n de Fiscalizaci\u00f3n Ambiental\u00a0<a href=\"https:\/\/snifa.sma.gob.cl\/RequerimientoIngreso\/Ficha\/222\">(SNIFA).<\/a><\/p>\n<\/div><\/section><\/div><div  style='height:50px' class='hr hr-invisible   avia-builder-el-6  el_after_av_one_full  el_before_av_social_share '><span class='hr-inner ' ><span class='hr-inner-style'><\/span><\/span><\/div><\/p>\n<div  class='av-social-sharing-box  avia-builder-el-7  el_after_av_hr  el_before_av_hr  '><div class='av-share-box'><h5 class='av-share-link-description av-no-toc '>Compartir esta noticia<\/h5><ul class='av-share-box-list noLightbox'><li class='av-share-link av-social-link-facebook' ><a target=\"_blank\" aria-label=\"Compartir en Facebook\" href='https:\/\/www.facebook.com\/sharer.php?u=https:\/\/radiorevelacionfm.cl\/?p=52641&#038;t=SMA%20inicia%20procedimiento%20de%20requerimiento%20de%20ingreso%20al%20SEIA%20contra%20titular%20de%20proyecto%20Loteo%20Costa%20Cristal' aria-hidden='false' data-av_icon='\ue8f3' data-av_iconfont='entypo-fontello' title='' data-avia-related-tooltip='Compartir en Facebook' rel=\"noopener\"><span class='avia_hidden_link_text'>Compartir en Facebook<\/span><\/a><\/li><li class='av-share-link av-social-link-twitter' ><a target=\"_blank\" aria-label=\"Compartir en Twitter\" href='https:\/\/twitter.com\/share?text=SMA%20inicia%20procedimiento%20de%20requerimiento%20de%20ingreso%20al%20SEIA%20contra%20titular%20de%20proyecto%20Loteo%20Costa%20Cristal&#038;url=https:\/\/radiorevelacionfm.cl\/?p=52641' aria-hidden='false' data-av_icon='\ue8f1' data-av_iconfont='entypo-fontello' title='' data-avia-related-tooltip='Compartir en Twitter' rel=\"noopener\"><span class='avia_hidden_link_text'>Compartir en Twitter<\/span><\/a><\/li><li class='av-share-link av-social-link-whatsapp' ><a target=\"_blank\" aria-label=\"Compartir en Whatsapp\" href='https:\/\/api.whatsapp.com\/send?text=https:\/\/radiorevelacionfm.cl\/?p=52641' aria-hidden='false' data-av_icon='\uf232' data-av_iconfont='entypo-fontello' title='' data-avia-related-tooltip='Compartir en Whatsapp' rel=\"noopener\"><span class='avia_hidden_link_text'>Compartir en Whatsapp<\/span><\/a><\/li><li class='av-share-link av-social-link-linkedin' ><a target=\"_blank\" aria-label=\"Compartir en LinkedIn\" href='https:\/\/linkedin.com\/shareArticle?mini=true&#038;title=SMA%20inicia%20procedimiento%20de%20requerimiento%20de%20ingreso%20al%20SEIA%20contra%20titular%20de%20proyecto%20Loteo%20Costa%20Cristal&#038;url=https:\/\/radiorevelacionfm.cl\/?p=52641' aria-hidden='false' data-av_icon='\ue8fc' data-av_iconfont='entypo-fontello' title='' data-avia-related-tooltip='Compartir en LinkedIn' rel=\"noopener\"><span class='avia_hidden_link_text'>Compartir en LinkedIn<\/span><\/a><\/li><li class='av-share-link av-social-link-mail' ><a  aria-label=\"Compartir por correo\" href='mailto:?subject=SMA%20inicia%20procedimiento%20de%20requerimiento%20de%20ingreso%20al%20SEIA%20contra%20titular%20de%20proyecto%20Loteo%20Costa%20Cristal&#038;body=https:\/\/radiorevelacionfm.cl\/?p=52641' aria-hidden='false' data-av_icon='\ue805' data-av_iconfont='entypo-fontello' title='' data-avia-related-tooltip='Compartir por correo'><span class='avia_hidden_link_text'>Compartir por correo<\/span><\/a><\/li><\/ul><\/div><\/div>\n<div  style='height:50px' class='hr hr-invisible   avia-builder-el-8  el_after_av_social_share  el_before_av_comments_list '><span class='hr-inner ' ><span class='hr-inner-style'><\/span><\/span><\/div>\n<div  class='av-buildercomment  av-blog-meta-html-info-disabled av-blog-meta-tag-disabled  '><\/div>\n","protected":false},"excerpt":{"rendered":"","protected":false},"author":1,"featured_media":52642,"comment_status":"closed","ping_status":"closed","sticky":false,"template":"","format":"standard","meta":{"footnotes":""},"categories":[39],"tags":[],"class_list":["post-52641","post","type-post","status-publish","format-standard","has-post-thumbnail","hentry","category-medio-ambiente"],"jetpack_featured_media_url":"https:\/\/radiorevelacionfm.cl\/wp-content\/uploads\/2025\/04\/thumbnail_image-2_optimized.jpg","_links":{"self":[{"href":"https:\/\/radiorevelacionfm.cl\/index.php?rest_route=\/wp\/v2\/posts\/52641","targetHints":{"allow":["GET"]}}],"collection":[{"href":"https:\/\/radiorevelacionfm.cl\/index.php?rest_route=\/wp\/v2\/posts"}],"about":[{"href":"https:\/\/radiorevelacionfm.cl\/index.php?rest_route=\/wp\/v2\/types\/post"}],"author":[{"embeddable":true,"href":"https:\/\/radiorevelacionfm.cl\/index.php?rest_route=\/wp\/v2\/users\/1"}],"replies":[{"embeddable":true,"href":"https:\/\/radiorevelacionfm.cl\/index.php?rest_route=%2Fwp%2Fv2%2Fcomments&post=52641"}],"version-history":[{"count":2,"href":"https:\/\/radiorevelacionfm.cl\/index.php?rest_route=\/wp\/v2\/posts\/52641\/revisions"}],"predecessor-version":[{"id":52684,"href":"https:\/\/radiorevelacionfm.cl\/index.php?rest_route=\/wp\/v2\/posts\/52641\/revisions\/52684"}],"wp:featuredmedia":[{"embeddable":true,"href":"https:\/\/radiorevelacionfm.cl\/index.php?rest_route=\/wp\/v2\/media\/52642"}],"wp:attachment":[{"href":"https:\/\/radiorevelacionfm.cl\/index.php?rest_route=%2Fwp%2Fv2%2Fmedia&parent=52641"}],"wp:term":[{"taxonomy":"category","embeddable":true,"href":"https:\/\/radiorevelacionfm.cl\/index.php?rest_route=%2Fwp%2Fv2%2Fcategories&post=52641"},{"taxonomy":"post_tag","embeddable":true,"href":"https:\/\/radiorevelacionfm.cl\/index.php?rest_route=%2Fwp%2Fv2%2Ftags&post=52641"}],"curies":[{"name":"wp","href":"https:\/\/api.w.org\/{rel}","templated":true}]}}