{"id":52634,"date":"2025-04-14T15:21:59","date_gmt":"2025-04-14T18:21:59","guid":{"rendered":"https:\/\/radiorevelacionfm.cl\/?p=52634"},"modified":"2025-04-14T15:21:59","modified_gmt":"2025-04-14T18:21:59","slug":"taller-de-plantas-para-la-salud-realizado-en-puerto-guadal-devela-masivo-interes-por-esta-practica-tradicional","status":"publish","type":"post","link":"https:\/\/radiorevelacionfm.cl\/?p=52634","title":{"rendered":"\u00abTaller de plantas para la salud\u00bb realizado en Puerto Guadal devela masivo inter\u00e9s por esta pr\u00e1ctica tradicional"},"content":{"rendered":"<div class=\"flex_column av_one_full  flex_column_div av-zero-column-padding first  avia-builder-el-0  el_before_av_one_full  avia-builder-el-first  \" style='border-radius:0px; '><div  class='avia-image-container  av-styling-    avia-builder-el-1  avia-builder-el-no-sibling  avia-align-center '  itemprop=\"image\" itemscope=\"itemscope\" itemtype=\"https:\/\/schema.org\/ImageObject\"  ><div class='avia-image-container-inner'><div class='avia-image-overlay-wrap'><img decoding=\"async\" class='wp-image-52635 avia-img-lazy-loading-not-52635 avia_image' src=\"https:\/\/radiorevelacionfm.cl\/wp-content\/uploads\/2025\/04\/20250412_172550-1_optimized.jpg\" alt='' title='20250412_172550-(1)_optimized' height=\"600\" width=\"800\"  itemprop=\"thumbnailUrl\" srcset=\"https:\/\/radiorevelacionfm.cl\/wp-content\/uploads\/2025\/04\/20250412_172550-1_optimized.jpg 800w, https:\/\/radiorevelacionfm.cl\/wp-content\/uploads\/2025\/04\/20250412_172550-1_optimized-300x225.jpg 300w, https:\/\/radiorevelacionfm.cl\/wp-content\/uploads\/2025\/04\/20250412_172550-1_optimized-768x576.jpg 768w, https:\/\/radiorevelacionfm.cl\/wp-content\/uploads\/2025\/04\/20250412_172550-1_optimized-705x529.jpg 705w, https:\/\/radiorevelacionfm.cl\/wp-content\/uploads\/2025\/04\/20250412_172550-1_optimized-450x338.jpg 450w, https:\/\/radiorevelacionfm.cl\/wp-content\/uploads\/2025\/04\/20250412_172550-1_optimized-600x450.jpg 600w\" sizes=\"(max-width: 800px) 100vw, 800px\" \/><\/div><\/div><\/div><\/div><div class=\"flex_column av_one_full  flex_column_div av-zero-column-padding first  avia-builder-el-2  el_after_av_one_full  el_before_av_one_full  column-top-margin\" style='border-radius:0px; '><section class=\"av_textblock_section \"  itemscope=\"itemscope\" itemtype=\"https:\/\/schema.org\/BlogPosting\" itemprop=\"blogPost\" ><div class='avia_textblock  '   itemprop=\"text\" ><p style=\"text-align: center;\"><span style=\"font-size: 18pt;\"><b><span lang=\"ES-TRAD\">\u00abTaller de plantas para la salud\u00bb realizado en Puerto Guadal devela masivo inter\u00e9s por esta pr\u00e1ctica tradicional<\/span><\/b><\/span><\/p>\n<div id=\"gtx-trans\" style=\"position: absolute; left: -50px; top: 4.31534px;\">\n<div class=\"gtx-trans-icon\"><\/div>\n<\/div>\n<\/div><\/section><\/div><div class=\"flex_column av_one_full  flex_column_div av-zero-column-padding first  avia-builder-el-4  el_after_av_one_full  el_before_av_hr  column-top-margin\" style='border-radius:0px; '><section class=\"av_textblock_section \"  itemscope=\"itemscope\" itemtype=\"https:\/\/schema.org\/BlogPosting\" itemprop=\"blogPost\" ><div class='avia_textblock  '   itemprop=\"text\" ><p class=\"v1gmail-MsoListParagraphCxSpFirst\" style=\"text-align: justify;\"><i><span lang=\"ES-TRAD\">Actividad se desarroll\u00f3 este fin de semana, concitando la participaci\u00f3n de m\u00e1s de medio centenar de asistentes, fundamentalmente mujeres.<\/span><\/i><\/p>\n<p class=\"v1gmail-MsoListParagraphCxSpLast\" style=\"text-align: justify;\"><i><span lang=\"ES-TRAD\">Charlas sobre la historia de esta disciplina, reconocimiento de las plantas que existen en el territorio, talleres pr\u00e1cticos de aceites, ung\u00fcentos y tinturas, adem\u00e1s de visitas a lugares de cultivo local formaron parte de las actividades.<\/span><\/i><\/p>\n<p class=\"v1MsoNormal\" style=\"text-align: justify;\"><span lang=\"ES-TRAD\">M\u00e1s de medio centenar de participantes, fundamentalmente mujeres, se dieron cita este fin de semana en<span class=\"v1gmail-Apple-converted-space\">\u00a0<\/span><b>Puerto Guadal<\/b><span class=\"v1gmail-Apple-converted-space\">\u00a0<\/span>en un<span class=\"v1gmail-Apple-converted-space\">\u00a0<\/span><b>\u00abTaller de plantas para la salud\u00bb<\/b><span class=\"v1gmail-Apple-converted-space\">\u00a0<\/span>que imparti\u00f3 la m\u00e9dica argentina Sara Itkin.\u00a0\u00a0<span class=\"v1gmail-Apple-converted-space\">\u00a0<\/span>La profesional, formada en la Facultad de Ciencias M\u00e9dicas de la Universidad de Rosario, se asent\u00f3 en Bariloche hace dos d\u00e9cadas donde comenz\u00f3 a trabajar y combinar el conocimiento m\u00e9dico tradicional con el ancestral de las plantas medicinales.<span class=\"v1gmail-Apple-converted-space\">\u00a0<\/span><\/span><\/p>\n<p class=\"v1MsoNormal\" style=\"text-align: justify;\"><span lang=\"ES-TRAD\">La actividad se inici\u00f3 el viernes, con la acreditaci\u00f3n y un di\u00e1logo con las y los asistentes, tanto del poblado como de localidades como Chile Chico, Caleta Tortel, Cochrane, Puerto Bertrand, Puerto R\u00edo Tranquilo, Bah\u00eda Murta y Puerto S\u00e1nchez, Villa O&#8217;Higgins.<\/span><\/p>\n<p class=\"v1MsoNormal\" style=\"text-align: justify;\"><span lang=\"ES-TRAD\">El s\u00e1bado, en tanto, se continu\u00f3 con una visita al<span class=\"v1gmail-Apple-converted-space\">\u00a0<\/span><b>Huerto Abuela Zafira, de Rosa Vera Huenul,<\/b><span class=\"v1gmail-Apple-converted-space\">\u00a0<\/span>quien relat\u00f3 su experiencia en el cultivo de hortalizas y el trabajo de la tierra, desde una perspectiva del cuidado y el rescate del conocimiento patrimonial.\u00a0<span class=\"v1gmail-Apple-converted-space\">\u00a0<\/span>Posteriormente, se visit\u00f3 el<span class=\"v1gmail-Apple-converted-space\">\u00a0<\/span><b>camping Alma Verde, impulsado por Cristi\u00e1n Weber Mckay<\/b>, donde a trav\u00e9s de la permacultura y el v\u00ednculo con elementos de la naturaleza locales se ha logrado generar un espacio de aprendizaje en armon\u00eda con el entorno y autoproducir alimentos de manera saludable.<span class=\"v1gmail-Apple-converted-space\">\u00a0<\/span><\/span><\/p>\n<p class=\"v1MsoNormal\" style=\"text-align: justify;\"><span lang=\"ES-TRAD\">Tambi\u00e9n estuvo presente el emprendimiento regional de cosm\u00e9tica natural<span class=\"v1gmail-Apple-converted-space\">\u00a0<\/span><b>Aguadal, de Camila Gratac\u00f3s Borrowman,<\/b><span class=\"v1gmail-Apple-converted-space\">\u00a0<\/span>quien realiz\u00f3 un taller de aceites y ung\u00fcentos con plantas nativas.\u00a0<span class=\"v1gmail-Apple-converted-space\">\u00a0<\/span><\/span><\/p>\n<p class=\"v1MsoNormal\" style=\"text-align: justify;\"><span lang=\"ES-TRAD\">La jornada concluy\u00f3 con el taller pr\u00e1ctico de Sara Itkin, quien a trav\u00e9s de un recorrido por la historia del uso de las plantas introdujo su relevancia m\u00e9dica, cultural y espiritual.\u00a0<span class=\"v1gmail-Apple-converted-space\">\u00a0<\/span>A continuaci\u00f3n, se explic\u00f3 la forma de extraer los principios activos de las especies, elaborando en el momento tinturas tipo agua del Carmen que se utiliza para el estr\u00e9s y malestares gastrointestinales, adem\u00e1s de pomadas cicatrizantes con cera de abeja.<\/span><\/p>\n<p class=\"v1MsoNormal\" style=\"text-align: justify;\"><span lang=\"ES-TRAD\">\u00ab<i>Estoy realmente maravillada, me sorprende el entusiasmo de la gente de Guadal y de los alrededores, las ganas de reunirse, el respeto con que hablan de sus mayores y el recuerdo en cuanto a los saberes de esta gente<\/i>\u00bb se\u00f1al\u00f3 en la ocasi\u00f3n Itkin.\u00a0<span class=\"v1gmail-Apple-converted-space\">\u00a0<\/span>\u00ab<i>Es importante mantener la memoria viva. Las plantas llevan impregnadas en sus fibras la historia de la vida de la regi\u00f3n. Las plantas sanan desde siempre y hoy qued\u00f3 muy plasmado esto<\/i>\u00bb indic\u00f3.<\/span><\/p>\n<p class=\"v1MsoNormal\" style=\"text-align: justify;\"><span lang=\"ES-TRAD\">Sobre la diferencia entre los productos farmac\u00e9uticos y estas pr\u00e1cticas basadas en conocimiento vern\u00e1culo, explic\u00f3 que \u00ab<i>es importante rescatar los saberes populares en el uso de las plantas, porque est\u00e1n impregnadas de historia y hacen cultura.\u00a0<span class=\"v1gmail-Apple-converted-space\">\u00a0<\/span>Y cuando se respeta la cultura, tambi\u00e9n se gana en salud.\u00a0<span class=\"v1gmail-Apple-converted-space\">\u00a0<\/span>Las plantas est\u00e1n todas estudiadas. Ac\u00e1 hicimos un ung\u00fcento con matico, del cual sabemos cu\u00e1les son sus propiedades cicatrizantes porque fueron estudiadas. Entonces, son formas que se complementan. Quien desconozca el poder de las plantas para sanar es realmente por ignorancia<\/i>\u00ab.<\/span><\/p>\n<p class=\"v1MsoNormal\" style=\"text-align: justify;\"><b><span lang=\"ES-TRAD\">Testimonios<\/span><\/b><\/p>\n<p class=\"v1MsoNormal\" style=\"text-align: justify;\"><b><span lang=\"ES-TRAD\">Luz Vera \u00c1lvarez,<\/span><\/b><span lang=\"ES-TRAD\"><span class=\"v1gmail-Apple-converted-space\">\u00a0<\/span>participante del taller y oriunda de la localidad, se\u00f1al\u00f3 que \u00ab<i>la experiencia fue maravillosa, hubo mucho aprendizaje de todos en general.\u00a0<span class=\"v1gmail-Apple-converted-space\">\u00a0<\/span>Es algo que no puede perderse en el tiempo, tiene que seguir creciendo. Todo lo que son las plantas va a estar siempre presente, tenemos que aprovechar lo que tenemos ac\u00e1 en Puerto Guadal.\u00a0<span class=\"v1gmail-Apple-converted-space\">\u00a0<\/span>Aparte de las plantas, tenemos la naturaleza que nos rodea y est\u00e1 presente cada d\u00eda. Somos nosotros quienes tenemos que descubrirlo<\/i>\u00ab.<\/span><\/p>\n<p class=\"v1MsoNormal\" style=\"text-align: justify;\"><span lang=\"ES-TRAD\">Por su parte,<span class=\"v1gmail-Apple-converted-space\">\u00a0<\/span><b>Cecilia Ord\u00f3\u00f1ez Lemus<\/b><span class=\"v1gmail-Apple-converted-space\">\u00a0<\/span>indic\u00f3 que \u00ab<i>me voy feliz, porque se nos ha ense\u00f1ado, nos ha hecho reconocernos y entregar saberes de cada uno de los grupos que vinimos de las localidades vecinas. Qu\u00e9 lindo es saber que tenemos la salud aqu\u00ed en nuestro territorio, con las diferentes plantas.\u00a0<span class=\"v1gmail-Apple-converted-space\">\u00a0<\/span>Adem\u00e1s, ver c\u00f3mo podemos hacer un aceite, una pomada o una infusi\u00f3n, todo eso me llena de saberes que no ten\u00eda a pesar de mis 69 a\u00f1os<\/i>\u00ab.<\/span><\/p>\n<p class=\"v1MsoNormal\" style=\"text-align: justify;\"><b><span lang=\"ES-TRAD\">Rosa Vera<\/span><\/b><span lang=\"ES-TRAD\"><span class=\"v1gmail-Apple-converted-space\">\u00a0<\/span>destac\u00f3 el hecho de reunirse para compartir experiencias: \u00ab<i>Es s\u00faper interesante que nos sigamos reuniendo para intercambiar saberes y, como uno dice, sembrar semillas de conocimiento en los grupos, compartir lo aprendido en este encuentro. Es s\u00faper, s\u00faper valioso, sobre todo con la se\u00f1ora Sarita que vino de Argentina. Me quedo agradecida<\/i>\u00ab.<\/span><\/p>\n<p class=\"v1MsoNormal\" style=\"text-align: justify;\"><span lang=\"ES-TRAD\">Cuando lleg\u00f3 a la regi\u00f3n,<span class=\"v1gmail-Apple-converted-space\">\u00a0<\/span><b>Camila Gratac\u00f3s Borrowman<\/b><span class=\"v1gmail-Apple-converted-space\">\u00a0<\/span>se asent\u00f3 en Puerto Guadal.\u00a0<span class=\"v1gmail-Apple-converted-space\">\u00a0<\/span>Por eso el nombre de su empresa.\u00a0<span class=\"v1gmail-Apple-converted-space\">\u00a0<\/span>En este contexto, explic\u00f3 que \u00ab<i>el tema colectivo me gusta mucho, compartir los saberes, que ellos tambi\u00e9n puedan nutrirme de sus conocimientos locales, de sus yuyos, de las plantas que son de aqu\u00ed de la Patagonia. Y por supuesto tambi\u00e9n poder ense\u00f1arles y que podamos despu\u00e9s usar, vender, conservar<\/i>\u00ab.<\/span><\/p>\n<p class=\"v1MsoNormal\" style=\"text-align: justify;\"><span lang=\"ES-TRAD\">El \u00ab<i>Taller de plantas para la salud<\/i>\u00bb fue organizado por la Municipalidad de Chile Chico, por instrucciones del alcalde Ariel Keim Hermosilla y las gestiones de la delegaci\u00f3n de Puerto Guadal a cargo de Ana Romero Aguirre.\u00a0<span class=\"v1gmail-Apple-converted-space\">\u00a0<\/span><\/span><\/p>\n<p class=\"v1MsoNormal\" style=\"text-align: justify;\"><span lang=\"ES-TRAD\">\u00ab<i>Para nosotros como delegaci\u00f3n es muy importante que existan este tipo de talleres que vienen a enriquecer los saberes de las mismas habitantes, donde hay mucho conocimiento de las plantas, historia de pueblo ligado a huerteras, yuyeras, que ha ido tomando fuerza.\u00a0<span class=\"v1gmail-Apple-converted-space\">\u00a0<\/span>Con este tipo de actividades se realza m\u00e1s el poder de las plantas y el poder de la naturaleza en s\u00ed<\/i>\u00bb explic\u00f3 Ana Romero.<\/span><\/p>\n<p class=\"v1MsoNormal\" style=\"text-align: justify;\"><span lang=\"ES-TRAD\">La funcionaria destac\u00f3 que \u00ab<i>el alcalde ha sido enf\u00e1tico en que estaremos aportando a cada una de estas actividades y \u00e9ste es uno de esos ejemplos.<span class=\"v1gmail-Apple-converted-space\">\u00a0<\/span>\u00a0Estoy muy contenta de, desde mi rol de delegada, gestionar y articular este tipo de instancias, que no son f\u00e1ciles porque hay harto trabajo detr\u00e1s de estos talleres<\/i>\u00ab.<\/span><\/p>\n<p class=\"v1MsoNormal\" style=\"text-align: justify;\"><span lang=\"ES-TRAD\">Uno de los resultados concretos del encuentro fue hacer confluir los esfuerzos para la elaboraci\u00f3n un libro sobre el legado de Zafira Bruno Antilef en el cual se plasme la historia y trabajo de una de las principales e hist\u00f3ricas yuyeras de Puerto Guadal, adem\u00e1s de ense\u00f1e el uso de plantas medicinales del sector.<\/span><\/p>\n<p class=\"v1MsoNormal\" style=\"text-align: justify;\"><span lang=\"ES-TRAD\">\u00ab<i>Esperamos que este taller se pueda hacer tambi\u00e9n en Chile Chico, y sobre todo que la comunidad sepa que esta delegaci\u00f3n y municipio, bajo esta administraci\u00f3n, tienen las puertas abiertas para para facilitar los espacios que permitan crecer a las comunidades en las \u00e1reas sociales y tambi\u00e9n en c\u00f3mo nos vinculamos como personas<\/i>\u00bb concluy\u00f3, agradeciendo de paso a Sara Itkin, Camila Gratac\u00f3s y a todas las personas que de manera an\u00f3nima colaboraron para que fuera posible.<\/span><\/p>\n<\/div><\/section><\/div><div  style='height:50px' class='hr hr-invisible   avia-builder-el-6  el_after_av_one_full  el_before_av_social_share '><span class='hr-inner ' ><span class='hr-inner-style'><\/span><\/span><\/div><\/p>\n<div  class='av-social-sharing-box  avia-builder-el-7  el_after_av_hr  el_before_av_hr  '><div class='av-share-box'><h5 class='av-share-link-description av-no-toc '>Compartir esta noticia<\/h5><ul class='av-share-box-list noLightbox'><li class='av-share-link av-social-link-facebook' ><a target=\"_blank\" aria-label=\"Compartir en Facebook\" href='https:\/\/www.facebook.com\/sharer.php?u=https:\/\/radiorevelacionfm.cl\/?p=52634&#038;t=%C2%ABTaller%20de%20plantas%20para%20la%20salud%C2%BB%20realizado%20en%20Puerto%20Guadal%20devela%20masivo%20inter%C3%A9s%20por%20esta%20pr%C3%A1ctica%20tradicional' aria-hidden='false' data-av_icon='\ue8f3' data-av_iconfont='entypo-fontello' title='' data-avia-related-tooltip='Compartir en Facebook' rel=\"noopener\"><span class='avia_hidden_link_text'>Compartir en Facebook<\/span><\/a><\/li><li class='av-share-link av-social-link-twitter' ><a target=\"_blank\" aria-label=\"Compartir en Twitter\" href='https:\/\/twitter.com\/share?text=%C2%ABTaller%20de%20plantas%20para%20la%20salud%C2%BB%20realizado%20en%20Puerto%20Guadal%20devela%20masivo%20inter%C3%A9s%20por%20esta%20pr%C3%A1ctica%20tradicional&#038;url=https:\/\/radiorevelacionfm.cl\/?p=52634' aria-hidden='false' data-av_icon='\ue8f1' data-av_iconfont='entypo-fontello' title='' data-avia-related-tooltip='Compartir en Twitter' rel=\"noopener\"><span class='avia_hidden_link_text'>Compartir en Twitter<\/span><\/a><\/li><li class='av-share-link av-social-link-whatsapp' ><a target=\"_blank\" aria-label=\"Compartir en Whatsapp\" href='https:\/\/api.whatsapp.com\/send?text=https:\/\/radiorevelacionfm.cl\/?p=52634' aria-hidden='false' data-av_icon='\uf232' data-av_iconfont='entypo-fontello' title='' data-avia-related-tooltip='Compartir en Whatsapp' rel=\"noopener\"><span class='avia_hidden_link_text'>Compartir en Whatsapp<\/span><\/a><\/li><li class='av-share-link av-social-link-linkedin' ><a target=\"_blank\" aria-label=\"Compartir en LinkedIn\" href='https:\/\/linkedin.com\/shareArticle?mini=true&#038;title=%C2%ABTaller%20de%20plantas%20para%20la%20salud%C2%BB%20realizado%20en%20Puerto%20Guadal%20devela%20masivo%20inter%C3%A9s%20por%20esta%20pr%C3%A1ctica%20tradicional&#038;url=https:\/\/radiorevelacionfm.cl\/?p=52634' aria-hidden='false' data-av_icon='\ue8fc' data-av_iconfont='entypo-fontello' title='' data-avia-related-tooltip='Compartir en LinkedIn' rel=\"noopener\"><span class='avia_hidden_link_text'>Compartir en LinkedIn<\/span><\/a><\/li><li class='av-share-link av-social-link-mail' ><a  aria-label=\"Compartir por correo\" href='mailto:?subject=%C2%ABTaller%20de%20plantas%20para%20la%20salud%C2%BB%20realizado%20en%20Puerto%20Guadal%20devela%20masivo%20inter%C3%A9s%20por%20esta%20pr%C3%A1ctica%20tradicional&#038;body=https:\/\/radiorevelacionfm.cl\/?p=52634' aria-hidden='false' data-av_icon='\ue805' data-av_iconfont='entypo-fontello' title='' data-avia-related-tooltip='Compartir por correo'><span class='avia_hidden_link_text'>Compartir por correo<\/span><\/a><\/li><\/ul><\/div><\/div>\n<div  style='height:50px' class='hr hr-invisible   avia-builder-el-8  el_after_av_social_share  el_before_av_comments_list '><span class='hr-inner ' ><span class='hr-inner-style'><\/span><\/span><\/div>\n<div  class='av-buildercomment  av-blog-meta-html-info-disabled av-blog-meta-tag-disabled  '><\/div>\n","protected":false},"excerpt":{"rendered":"","protected":false},"author":1,"featured_media":52635,"comment_status":"closed","ping_status":"closed","sticky":false,"template":"","format":"standard","meta":{"footnotes":""},"categories":[38],"tags":[],"class_list":["post-52634","post","type-post","status-publish","format-standard","has-post-thumbnail","hentry","category-regional"],"jetpack_featured_media_url":"https:\/\/radiorevelacionfm.cl\/wp-content\/uploads\/2025\/04\/20250412_172550-1_optimized.jpg","_links":{"self":[{"href":"https:\/\/radiorevelacionfm.cl\/index.php?rest_route=\/wp\/v2\/posts\/52634","targetHints":{"allow":["GET"]}}],"collection":[{"href":"https:\/\/radiorevelacionfm.cl\/index.php?rest_route=\/wp\/v2\/posts"}],"about":[{"href":"https:\/\/radiorevelacionfm.cl\/index.php?rest_route=\/wp\/v2\/types\/post"}],"author":[{"embeddable":true,"href":"https:\/\/radiorevelacionfm.cl\/index.php?rest_route=\/wp\/v2\/users\/1"}],"replies":[{"embeddable":true,"href":"https:\/\/radiorevelacionfm.cl\/index.php?rest_route=%2Fwp%2Fv2%2Fcomments&post=52634"}],"version-history":[{"count":2,"href":"https:\/\/radiorevelacionfm.cl\/index.php?rest_route=\/wp\/v2\/posts\/52634\/revisions"}],"predecessor-version":[{"id":52637,"href":"https:\/\/radiorevelacionfm.cl\/index.php?rest_route=\/wp\/v2\/posts\/52634\/revisions\/52637"}],"wp:featuredmedia":[{"embeddable":true,"href":"https:\/\/radiorevelacionfm.cl\/index.php?rest_route=\/wp\/v2\/media\/52635"}],"wp:attachment":[{"href":"https:\/\/radiorevelacionfm.cl\/index.php?rest_route=%2Fwp%2Fv2%2Fmedia&parent=52634"}],"wp:term":[{"taxonomy":"category","embeddable":true,"href":"https:\/\/radiorevelacionfm.cl\/index.php?rest_route=%2Fwp%2Fv2%2Fcategories&post=52634"},{"taxonomy":"post_tag","embeddable":true,"href":"https:\/\/radiorevelacionfm.cl\/index.php?rest_route=%2Fwp%2Fv2%2Ftags&post=52634"}],"curies":[{"name":"wp","href":"https:\/\/api.w.org\/{rel}","templated":true}]}}