{"id":52630,"date":"2025-04-14T15:08:09","date_gmt":"2025-04-14T18:08:09","guid":{"rendered":"https:\/\/radiorevelacionfm.cl\/?p=52630"},"modified":"2025-04-14T15:08:09","modified_gmt":"2025-04-14T18:08:09","slug":"a-contar-de-este-martes-15-de-abril-uso-de-mascarilla-sera-obligatorio-en-centros-de-salud-con-atencion-de-urgencia","status":"publish","type":"post","link":"https:\/\/radiorevelacionfm.cl\/?p=52630","title":{"rendered":"A contar de este martes 15 de abril: Uso de mascarilla ser\u00e1 obligatorio en centros de salud con atenci\u00f3n de urgencia"},"content":{"rendered":"<div class=\"flex_column av_one_full  flex_column_div av-zero-column-padding first  avia-builder-el-0  el_before_av_one_full  avia-builder-el-first  \" style='border-radius:0px; '><div  class='avia-image-container  av-styling-    avia-builder-el-1  avia-builder-el-no-sibling  avia-align-center '  itemprop=\"image\" itemscope=\"itemscope\" itemtype=\"https:\/\/schema.org\/ImageObject\"  ><div class='avia-image-container-inner'><div class='avia-image-overlay-wrap'><img decoding=\"async\" class='wp-image-52631 avia-img-lazy-loading-not-52631 avia_image' src=\"https:\/\/radiorevelacionfm.cl\/wp-content\/uploads\/2025\/04\/mascarilla-1-1.jpg\" alt='' title='mascarilla (1) (1)' height=\"600\" width=\"900\"  itemprop=\"thumbnailUrl\" srcset=\"https:\/\/radiorevelacionfm.cl\/wp-content\/uploads\/2025\/04\/mascarilla-1-1.jpg 900w, https:\/\/radiorevelacionfm.cl\/wp-content\/uploads\/2025\/04\/mascarilla-1-1-300x200.jpg 300w, https:\/\/radiorevelacionfm.cl\/wp-content\/uploads\/2025\/04\/mascarilla-1-1-768x512.jpg 768w, https:\/\/radiorevelacionfm.cl\/wp-content\/uploads\/2025\/04\/mascarilla-1-1-705x470.jpg 705w, https:\/\/radiorevelacionfm.cl\/wp-content\/uploads\/2025\/04\/mascarilla-1-1-450x300.jpg 450w, https:\/\/radiorevelacionfm.cl\/wp-content\/uploads\/2025\/04\/mascarilla-1-1-600x400.jpg 600w\" sizes=\"(max-width: 900px) 100vw, 900px\" \/><\/div><\/div><\/div><\/div><div class=\"flex_column av_one_full  flex_column_div av-zero-column-padding first  avia-builder-el-2  el_after_av_one_full  el_before_av_one_full  column-top-margin\" style='border-radius:0px; '><section class=\"av_textblock_section \"  itemscope=\"itemscope\" itemtype=\"https:\/\/schema.org\/BlogPosting\" itemprop=\"blogPost\" ><div class='avia_textblock  '   itemprop=\"text\" ><p style=\"text-align: center;\"><strong><span style=\"font-size: 18pt;\">A contar de este martes 15 de abril: Uso de mascarilla ser\u00e1 obligatorio en centros de salud con atenci\u00f3n de urgencia<\/span><\/strong><\/p>\n<div id=\"gtx-trans\" style=\"position: absolute; left: -50px; top: 4.31534px;\">\n<div class=\"gtx-trans-icon\"><\/div>\n<\/div>\n<\/div><\/section><\/div><div class=\"flex_column av_one_full  flex_column_div av-zero-column-padding first  avia-builder-el-4  el_after_av_one_full  el_before_av_hr  column-top-margin\" style='border-radius:0px; '><section class=\"av_textblock_section \"  itemscope=\"itemscope\" itemtype=\"https:\/\/schema.org\/BlogPosting\" itemprop=\"blogPost\" ><div class='avia_textblock  '   itemprop=\"text\" ><p style=\"text-align: justify;\"><em>La medida obedece a una Alerta Sanitaria del Ministerio de Salud por enfermedades respiratorias ocasionadas por virus como la Influenza, el Rinovirus y el Covid19, donde el uso de este elemento de protecci\u00f3n se exigir\u00e1 tanto a personal de salud, como usuarios de la red asistencial.<\/em><\/p>\n<p style=\"text-align: justify;\">A contar del pr\u00f3ximo martes 15 de abril, con la finalidad de prevenir el aumento explosivo de contagios por enfermedades respiratorias, comenzar\u00e1 a regir el uso obligatorio de mascarillas en las \u201cunidades o establecimientos destinados a la atenci\u00f3n de urgencia\u201d, tanto en instituciones p\u00fablicas como privadas, por indicaci\u00f3n del Ministerio de Salud a lo largo de todo el pa\u00eds.<\/p>\n<p style=\"text-align: justify;\">As\u00ed lo manifest\u00f3 la Seremi de Salud, Carmen Monsalve G\u00f3mez, quien reforz\u00f3 la importancia de esta medida preventiva para el resguardo de la salud en nuestras comunidades. \u201cPara el a\u00f1o 2025, nuestro gobierno, a trav\u00e9s del Ministerio de Salud, ha tomado determinaciones importantes para el abordaje de la campa\u00f1a de invierno. Una de ellas y la m\u00e1s destacada es, por supuesto, la incorporaci\u00f3n de la estrategia Nirsevimab para la protecci\u00f3n de todos los lactantes y reci\u00e9n nacidos contra el virus respiratorio sincicial, tambi\u00e9n la determinaci\u00f3n de iniciar adelantadamente el proceso de vacunaci\u00f3n enmarcado en la campa\u00f1a invernal. Y por otra parte, la publicaci\u00f3n de una alerta que indica que desde el 15 de abril hasta el t\u00e9rmino de esta alerta, ser\u00e1 obligatorio el uso de la mascarilla en los servicios de urgencia, tanto para los funcionarios de todos los estamentos como para los usuarios que se atienden en los servicios de urgencia o que esperan su atenci\u00f3n de urgencia en las salas de espera. Esta medida ser\u00e1 aplicable de manera obligatoria desde el 15 de abril y ser\u00e1 aplicable para todos los recintos de urgencia de la red p\u00fablica o privada del pa\u00eds\u201d.<\/p>\n<p style=\"text-align: justify;\">En la medida que nos acercamos a la \u00e9poca invernal, a nivel nacional y en nuestra regi\u00f3n, la propagaci\u00f3n de los virus respiratorios ha ido en aumento, raz\u00f3n por la cual procesos como la vacunaci\u00f3n anticipada de nuestras comunidades y ahora el uso de la mascarilla en los centros de atenci\u00f3n de urgencia, son medidas que buscan evitar que las personas se infecten masivamente por enfermedades respiratorias. En el caso del uso obligatorio de la mascarilla en los centros de urgencias, donde se concentran los pacientes con s\u00edntomas respiratorios, comenzar\u00e1 a ser aplicada desde el martes 15 de abril, hasta el pr\u00f3ximo 31 de agosto, por lo que hacemos un llamado a la comunidad para que se acerque a los centros de vacunaci\u00f3n de la red asistencial, y colabore con el uso de mascarilla cada vez que asista a un centro de salud con atenci\u00f3n de urgencia.<\/p>\n<p style=\"text-align: justify;\">La Alerta por Virus Respiratorios est\u00e1 vigente desde el mes de marzo de este a\u00f1o, debido al aumento de este tipo de enfermedades que se comenz\u00f3 a observar en el pa\u00eds, situaci\u00f3n que en el caso de Ays\u00e9n se percibe con la alta circulaci\u00f3n de Rinovirus, Sars CoV-2 e Influenza, como lo inform\u00f3 el Epidemi\u00f3logo de la Seremi de Salud, Marco Acu\u00f1a Briones.\u00a0 \u201cDesde comienzos de este a\u00f1o a la fecha, en la red asistencial se ha observado un aumento gradual de consultas asociadas a Rinovirus, COVID-19 e Influenza A, todas enfermedades que atacan el sistema respiratorio de las personas afectando principalmente a ni\u00f1os y adultos mayores. Lo que se traduce en que la semana reci\u00e9n pasada en el principal centro asistencial de la regi\u00f3n, se atendieran 167 consultas en ni\u00f1os y 156 consultas en adultos por cuadros respiratorios, por lo que reiteramos la importancia que las personas accedan a las vacunas contra la Influenza y el Covid19, adem\u00e1s del anticuerpo monoclonal en el caso de los RN a partir del 1 de marzo de 2025 y lactantes nacidos a partir del 1\u00b0 de octubre del 2024. Esta intervenci\u00f3n es la principal barrera para estar protegidos antes de la llegada del invierno\u201d.<\/p>\n<p style=\"text-align: justify;\">De esta forma, el uso obligatorio de mascarillas se implementar\u00e1 desde el martes 15 de abril en todos los centros de atenci\u00f3n de urgencia del pa\u00eds.\u00a0 Mientras que en lugares como el transporte p\u00fablico o en los lugares de trabajo, el uso de mascarilla continuar\u00e1 siendo opcional, seguimos recomendando fuertemente esta medida de protecci\u00f3n.<\/p>\n<p style=\"text-align: justify;\">En el caso de nuestra regi\u00f3n, esto se aplicar\u00e1 en todas las urgencias de los hospitales comunitarios de Chile Chico, Cochrane, Cisnes, Ays\u00e9n y Coyhaique, as\u00ed como tambi\u00e9n en los espacios de atenci\u00f3n de urgencia que puedan ofrecer los dispositivos de atenci\u00f3n primaria, como ocurre, por ejemplo, con el SAPU del Hospital Alejandro Guti\u00e9rrez. Estas medidas buscan reforzar las estrategias de protecci\u00f3n para las comunidades en torno a la campa\u00f1a invernal.<\/p>\n<\/div><\/section><\/div><div  style='height:50px' class='hr hr-invisible   avia-builder-el-6  el_after_av_one_full  el_before_av_social_share '><span class='hr-inner ' ><span class='hr-inner-style'><\/span><\/span><\/div><\/p>\n<div  class='av-social-sharing-box  avia-builder-el-7  el_after_av_hr  el_before_av_hr  '><div class='av-share-box'><h5 class='av-share-link-description av-no-toc '>Compartir esta noticia<\/h5><ul class='av-share-box-list noLightbox'><li class='av-share-link av-social-link-facebook' ><a target=\"_blank\" aria-label=\"Compartir en Facebook\" href='https:\/\/www.facebook.com\/sharer.php?u=https:\/\/radiorevelacionfm.cl\/?p=52630&#038;t=A%20contar%20de%20este%20martes%2015%20de%20abril%3A%20Uso%20de%20mascarilla%20ser%C3%A1%20obligatorio%20en%20centros%20de%20salud%20con%20atenci%C3%B3n%20de%20urgencia' aria-hidden='false' data-av_icon='\ue8f3' data-av_iconfont='entypo-fontello' title='' data-avia-related-tooltip='Compartir en Facebook' rel=\"noopener\"><span class='avia_hidden_link_text'>Compartir en Facebook<\/span><\/a><\/li><li class='av-share-link av-social-link-twitter' ><a target=\"_blank\" aria-label=\"Compartir en Twitter\" href='https:\/\/twitter.com\/share?text=A%20contar%20de%20este%20martes%2015%20de%20abril%3A%20Uso%20de%20mascarilla%20ser%C3%A1%20obligatorio%20en%20centros%20de%20salud%20con%20atenci%C3%B3n%20de%20urgencia&#038;url=https:\/\/radiorevelacionfm.cl\/?p=52630' aria-hidden='false' data-av_icon='\ue8f1' data-av_iconfont='entypo-fontello' title='' data-avia-related-tooltip='Compartir en Twitter' rel=\"noopener\"><span class='avia_hidden_link_text'>Compartir en Twitter<\/span><\/a><\/li><li class='av-share-link av-social-link-whatsapp' ><a target=\"_blank\" aria-label=\"Compartir en Whatsapp\" href='https:\/\/api.whatsapp.com\/send?text=https:\/\/radiorevelacionfm.cl\/?p=52630' aria-hidden='false' data-av_icon='\uf232' data-av_iconfont='entypo-fontello' title='' data-avia-related-tooltip='Compartir en Whatsapp' rel=\"noopener\"><span class='avia_hidden_link_text'>Compartir en Whatsapp<\/span><\/a><\/li><li class='av-share-link av-social-link-linkedin' ><a target=\"_blank\" aria-label=\"Compartir en LinkedIn\" href='https:\/\/linkedin.com\/shareArticle?mini=true&#038;title=A%20contar%20de%20este%20martes%2015%20de%20abril%3A%20Uso%20de%20mascarilla%20ser%C3%A1%20obligatorio%20en%20centros%20de%20salud%20con%20atenci%C3%B3n%20de%20urgencia&#038;url=https:\/\/radiorevelacionfm.cl\/?p=52630' aria-hidden='false' data-av_icon='\ue8fc' data-av_iconfont='entypo-fontello' title='' data-avia-related-tooltip='Compartir en LinkedIn' rel=\"noopener\"><span class='avia_hidden_link_text'>Compartir en LinkedIn<\/span><\/a><\/li><li class='av-share-link av-social-link-mail' ><a  aria-label=\"Compartir por correo\" href='mailto:?subject=A%20contar%20de%20este%20martes%2015%20de%20abril%3A%20Uso%20de%20mascarilla%20ser%C3%A1%20obligatorio%20en%20centros%20de%20salud%20con%20atenci%C3%B3n%20de%20urgencia&#038;body=https:\/\/radiorevelacionfm.cl\/?p=52630' aria-hidden='false' data-av_icon='\ue805' data-av_iconfont='entypo-fontello' title='' data-avia-related-tooltip='Compartir por correo'><span class='avia_hidden_link_text'>Compartir por correo<\/span><\/a><\/li><\/ul><\/div><\/div>\n<div  style='height:50px' class='hr hr-invisible   avia-builder-el-8  el_after_av_social_share  el_before_av_comments_list '><span class='hr-inner ' ><span class='hr-inner-style'><\/span><\/span><\/div>\n<div  class='av-buildercomment  av-blog-meta-html-info-disabled av-blog-meta-tag-disabled  '><\/div>\n","protected":false},"excerpt":{"rendered":"","protected":false},"author":1,"featured_media":52631,"comment_status":"closed","ping_status":"closed","sticky":false,"template":"","format":"standard","meta":{"footnotes":""},"categories":[46],"tags":[],"class_list":["post-52630","post","type-post","status-publish","format-standard","has-post-thumbnail","hentry","category-salud"],"jetpack_featured_media_url":"https:\/\/radiorevelacionfm.cl\/wp-content\/uploads\/2025\/04\/mascarilla-1-1.jpg","_links":{"self":[{"href":"https:\/\/radiorevelacionfm.cl\/index.php?rest_route=\/wp\/v2\/posts\/52630","targetHints":{"allow":["GET"]}}],"collection":[{"href":"https:\/\/radiorevelacionfm.cl\/index.php?rest_route=\/wp\/v2\/posts"}],"about":[{"href":"https:\/\/radiorevelacionfm.cl\/index.php?rest_route=\/wp\/v2\/types\/post"}],"author":[{"embeddable":true,"href":"https:\/\/radiorevelacionfm.cl\/index.php?rest_route=\/wp\/v2\/users\/1"}],"replies":[{"embeddable":true,"href":"https:\/\/radiorevelacionfm.cl\/index.php?rest_route=%2Fwp%2Fv2%2Fcomments&post=52630"}],"version-history":[{"count":2,"href":"https:\/\/radiorevelacionfm.cl\/index.php?rest_route=\/wp\/v2\/posts\/52630\/revisions"}],"predecessor-version":[{"id":52633,"href":"https:\/\/radiorevelacionfm.cl\/index.php?rest_route=\/wp\/v2\/posts\/52630\/revisions\/52633"}],"wp:featuredmedia":[{"embeddable":true,"href":"https:\/\/radiorevelacionfm.cl\/index.php?rest_route=\/wp\/v2\/media\/52631"}],"wp:attachment":[{"href":"https:\/\/radiorevelacionfm.cl\/index.php?rest_route=%2Fwp%2Fv2%2Fmedia&parent=52630"}],"wp:term":[{"taxonomy":"category","embeddable":true,"href":"https:\/\/radiorevelacionfm.cl\/index.php?rest_route=%2Fwp%2Fv2%2Fcategories&post=52630"},{"taxonomy":"post_tag","embeddable":true,"href":"https:\/\/radiorevelacionfm.cl\/index.php?rest_route=%2Fwp%2Fv2%2Ftags&post=52630"}],"curies":[{"name":"wp","href":"https:\/\/api.w.org\/{rel}","templated":true}]}}