{"id":5263,"date":"2021-06-21T11:52:14","date_gmt":"2021-06-21T14:52:14","guid":{"rendered":"https:\/\/radiorevelacionfm.cl\/?p=5263"},"modified":"2021-06-21T11:52:14","modified_gmt":"2021-06-21T14:52:14","slug":"encuesta-de-cambio-climatico-76-apoya-adelantar-cierre-de-termoelectricas-previsto-para-el-2040","status":"publish","type":"post","link":"https:\/\/radiorevelacionfm.cl\/?p=5263","title":{"rendered":"Encuesta de Cambio Clim\u00e1tico: 76% apoya adelantar cierre de termoel\u00e9ctricas previsto para el 2040"},"content":{"rendered":"<div class=\"flex_column av_one_full  flex_column_div av-zero-column-padding first  avia-builder-el-0  el_before_av_one_full  avia-builder-el-first  \" style='border-radius:0px; '><div  class='avia-image-container  av-styling-    avia-builder-el-1  avia-builder-el-no-sibling  avia-align-center '  itemprop=\"image\" itemscope=\"itemscope\" itemtype=\"https:\/\/schema.org\/ImageObject\"  ><div class='avia-image-container-inner'><div class='avia-image-overlay-wrap'><img decoding=\"async\" class='wp-image-5264 avia-img-lazy-loading-not-5264 avia_image' src=\"https:\/\/radiorevelacionfm.cl\/wp-content\/uploads\/2021\/06\/foto-centrales-1.jpg\" alt='' title='foto centrales (1)' height=\"600\" width=\"782\"  itemprop=\"thumbnailUrl\" srcset=\"https:\/\/radiorevelacionfm.cl\/wp-content\/uploads\/2021\/06\/foto-centrales-1.jpg 782w, https:\/\/radiorevelacionfm.cl\/wp-content\/uploads\/2021\/06\/foto-centrales-1-300x230.jpg 300w, https:\/\/radiorevelacionfm.cl\/wp-content\/uploads\/2021\/06\/foto-centrales-1-768x589.jpg 768w, https:\/\/radiorevelacionfm.cl\/wp-content\/uploads\/2021\/06\/foto-centrales-1-705x541.jpg 705w, https:\/\/radiorevelacionfm.cl\/wp-content\/uploads\/2021\/06\/foto-centrales-1-600x460.jpg 600w\" sizes=\"(max-width: 782px) 100vw, 782px\" \/><\/div><\/div><\/div><\/div><div class=\"flex_column av_one_full  flex_column_div av-zero-column-padding first  avia-builder-el-2  el_after_av_one_full  el_before_av_one_full  column-top-margin\" style='border-radius:0px; '><section class=\"av_textblock_section \"  itemscope=\"itemscope\" itemtype=\"https:\/\/schema.org\/BlogPosting\" itemprop=\"blogPost\" ><div class='avia_textblock  '   itemprop=\"text\" ><p style=\"text-align: center;\"><strong><span style=\"font-size: 18pt;\">Encuesta de Cambio Clim\u00e1tico: 76% apoya adelantar cierre de termoel\u00e9ctricas previsto para el 2040<\/span><\/strong><\/p>\n<div id=\"gtx-trans\" style=\"position: absolute; left: -50px; top: 4.31534px;\">\n<div class=\"gtx-trans-icon\"><\/div>\n<\/div>\n<\/div><\/section><\/div><div class=\"flex_column av_one_full  flex_column_div av-zero-column-padding first  avia-builder-el-4  el_after_av_one_full  el_before_av_hr  column-top-margin\" style='border-radius:0px; '><section class=\"av_textblock_section \"  itemscope=\"itemscope\" itemtype=\"https:\/\/schema.org\/BlogPosting\" itemprop=\"blogPost\" ><div class='avia_textblock  '   itemprop=\"text\" ><p style=\"font-weight: 400; text-align: justify;\">Una encuesta sobre medio ambiente y cambio clim\u00e1tico publicada recientemente, arroj\u00f3 que un 48% de las y los encuestados se mostr\u00f3 de acuerdo con adelantar el cierre de las centrales termoel\u00e9ctricas para antes del a\u00f1o 2040, mientras que un 28% apoy\u00f3 la idea de paralizar su funcionamiento de manera inmediata.<\/p>\n<p style=\"font-weight: 400; text-align: justify;\">La medici\u00f3n \u201cEstudio de Opini\u00f3n sobre Cambio Clim\u00e1tico y Medio Ambiente\u201d &#8211; elaborada por IPSOS por encargo del Centro de Acci\u00f3n Clim\u00e1tica de la PUCV &#8211; tiene como objetivo conocer la opini\u00f3n de la ciudadan\u00eda respecto de la agenda p\u00fablica sobre cambio clim\u00e1tico y medio ambiente y abord\u00f3 aspectos relacionados con institucionalidad y pol\u00edtica ambiental, entre otros.<\/p>\n<p style=\"font-weight: 400; text-align: justify;\">Dentro de los principales hallazgos del estudio, destaca que un 68% de las personas encuestadas est\u00e1 de acuerdo con que el cambio clim\u00e1tico ser\u00e1 un desaf\u00edo a\u00fan mayor que la actual pandemia, mientras que un 79% considera que la recuperaci\u00f3n del pa\u00eds post pandemia debe ser sostenible e inclusiva con el medio ambiente.<\/p>\n<p style=\"font-weight: 400; text-align: justify;\">En cuanto al compromiso de alcanzar la carbono neutralidad, un 71% de las personas apoy\u00f3 la idea de adelantar la fecha comprometida para antes del 2050 y, en el caso de los impuestos verdes, el 73% de los encuestados que indicaron conocer el gravamen se mostr\u00f3 de acuerdo con que el monto de la recaudaci\u00f3n debiera aumentar de US$5 por tonelada de contaminante a US$32 (promedio internacional) o a US$75 (recomendaci\u00f3n del Fondo Monetario Internacional).<\/p>\n<p style=\"font-weight: 400; text-align: justify;\">Marcelo Mena, director del Centro de Acci\u00f3n Clim\u00e1tica de la PUCV, afirm\u00f3 que \u201cel mayor inter\u00e9s de la ciudadan\u00eda por conocer y participar en la discusi\u00f3n de temas ambientales ha sido fundamental para impulsar avances, por ejemplo, en la tramitaci\u00f3n del proyecto de ley de descarbonizaci\u00f3n acelerada\u201d.<\/p>\n<p style=\"font-weight: 400; text-align: justify;\"><strong>Regulaci\u00f3n ambiental<\/strong><\/p>\n<p style=\"font-weight: 400; text-align: justify;\">La encuesta mostr\u00f3 una amplia mayor\u00eda (83%) de acuerdo con la afirmaci\u00f3n de que el Estado deber\u00eda regular la eficiencia del uso de agua de los proyectos y tambi\u00e9n un 78% se mostr\u00f3 a favor de que los proyectos de cultivo agr\u00edcola deber\u00edan pasar por una evaluaci\u00f3n ambiental.<\/p>\n<p style=\"font-weight: 400; text-align: justify;\">En la misma l\u00ednea, un 52% de las personas consultadas apoy\u00f3 la afirmaci\u00f3n de que el principal motivo para explicar la actual crisis h\u00eddrica se debe tanto a una sobreexplotaci\u00f3n del agua como al fen\u00f3meno de sequ\u00eda.<\/p>\n<p style=\"font-weight: 400; text-align: justify;\"><strong>Distintas rutas, un objetivo<\/strong><\/p>\n<p style=\"font-weight: 400; text-align: justify;\">El avance en el Congreso del proyecto de ley que busca adelantar el cierre de las centrales termoel\u00e9ctricas del pa\u00eds, adem\u00e1s de apuntar a la descarbonizaci\u00f3n de la matriz energ\u00e9tica, permitir\u00eda contribuir en pos de un desaf\u00edo ambiental mayor, la adaptaci\u00f3n al cambio clim\u00e1tico, uno de los principales objetivos que persigue la ley marco de Cambio Clim\u00e1tico, actualmente en tramitaci\u00f3n.<\/p>\n<p style=\"font-weight: 400; text-align: justify;\">Esto, por cuanto el cierre de las centrales termoel\u00e9ctricas contribuir\u00eda no s\u00f3lo a la reducci\u00f3n de emisiones de gases de efecto invernadero, sino tambi\u00e9n de forzantes clim\u00e1ticos de vida corta \u2013 como el carbono negro, generado por la combusti\u00f3n incompleta de combustibles como carb\u00f3n o le\u00f1a \u2013 los cuales producen efectos irreversibles en la salud de la poblaci\u00f3n cercana a las fuentes de emisiones y cuyos impactos ambientales pueden perdurar por generaciones.<\/p>\n<p style=\"font-weight: 400; text-align: justify;\">\u201cProteger la salud y bienestar de las comunidades de estas emisiones, nos permite disminuir la vulnerabilidad y fortalecer nuestra adaptaci\u00f3n al cambio clim\u00e1tico\u201d, agreg\u00f3 el acad\u00e9mico Marcelo Mena.<\/p>\n<p style=\"font-weight: 400; text-align: justify;\">La encuesta fue aplicada a 800 personas (mayores de 18 a\u00f1os) y presenta un margen\u00a0de\u00a0error\u00a0de\u00a0\u00b13,46%.<\/p>\n<\/div><\/section><\/div><div  style='height:50px' class='hr hr-invisible   avia-builder-el-6  el_after_av_one_full  el_before_av_social_share '><span class='hr-inner ' ><span class='hr-inner-style'><\/span><\/span><\/div><\/p>\n<div  class='av-social-sharing-box  avia-builder-el-7  el_after_av_hr  el_before_av_hr  '><div class='av-share-box'><h5 class='av-share-link-description av-no-toc '>Compartir esta noticia<\/h5><ul class='av-share-box-list noLightbox'><li class='av-share-link av-social-link-facebook' ><a target=\"_blank\" aria-label=\"Compartir en Facebook\" href='https:\/\/www.facebook.com\/sharer.php?u=https:\/\/radiorevelacionfm.cl\/?p=5263&#038;t=Encuesta%20de%20Cambio%20Clim%C3%A1tico%3A%2076%25%20apoya%20adelantar%20cierre%20de%20termoel%C3%A9ctricas%20previsto%20para%20el%202040' aria-hidden='false' data-av_icon='\ue8f3' data-av_iconfont='entypo-fontello' title='' data-avia-related-tooltip='Compartir en Facebook' rel=\"noopener\"><span class='avia_hidden_link_text'>Compartir en Facebook<\/span><\/a><\/li><li class='av-share-link av-social-link-twitter' ><a target=\"_blank\" aria-label=\"Compartir en Twitter\" href='https:\/\/twitter.com\/share?text=Encuesta%20de%20Cambio%20Clim%C3%A1tico%3A%2076%25%20apoya%20adelantar%20cierre%20de%20termoel%C3%A9ctricas%20previsto%20para%20el%202040&#038;url=https:\/\/radiorevelacionfm.cl\/?p=5263' aria-hidden='false' data-av_icon='\ue8f1' data-av_iconfont='entypo-fontello' title='' data-avia-related-tooltip='Compartir en Twitter' rel=\"noopener\"><span class='avia_hidden_link_text'>Compartir en Twitter<\/span><\/a><\/li><li class='av-share-link av-social-link-whatsapp' ><a target=\"_blank\" aria-label=\"Compartir en Whatsapp\" href='https:\/\/api.whatsapp.com\/send?text=https:\/\/radiorevelacionfm.cl\/?p=5263' aria-hidden='false' data-av_icon='\uf232' data-av_iconfont='entypo-fontello' title='' data-avia-related-tooltip='Compartir en Whatsapp' rel=\"noopener\"><span class='avia_hidden_link_text'>Compartir en Whatsapp<\/span><\/a><\/li><li class='av-share-link av-social-link-linkedin' ><a target=\"_blank\" aria-label=\"Compartir en LinkedIn\" href='https:\/\/linkedin.com\/shareArticle?mini=true&#038;title=Encuesta%20de%20Cambio%20Clim%C3%A1tico%3A%2076%25%20apoya%20adelantar%20cierre%20de%20termoel%C3%A9ctricas%20previsto%20para%20el%202040&#038;url=https:\/\/radiorevelacionfm.cl\/?p=5263' aria-hidden='false' data-av_icon='\ue8fc' data-av_iconfont='entypo-fontello' title='' data-avia-related-tooltip='Compartir en LinkedIn' rel=\"noopener\"><span class='avia_hidden_link_text'>Compartir en LinkedIn<\/span><\/a><\/li><li class='av-share-link av-social-link-mail' ><a  aria-label=\"Compartir por correo\" href='mailto:?subject=Encuesta%20de%20Cambio%20Clim%C3%A1tico%3A%2076%25%20apoya%20adelantar%20cierre%20de%20termoel%C3%A9ctricas%20previsto%20para%20el%202040&#038;body=https:\/\/radiorevelacionfm.cl\/?p=5263' aria-hidden='false' data-av_icon='\ue805' data-av_iconfont='entypo-fontello' title='' data-avia-related-tooltip='Compartir por correo'><span class='avia_hidden_link_text'>Compartir por correo<\/span><\/a><\/li><\/ul><\/div><\/div>\n<div  style='height:50px' class='hr hr-invisible   avia-builder-el-8  el_after_av_social_share  el_before_av_comments_list '><span class='hr-inner ' ><span class='hr-inner-style'><\/span><\/span><\/div>\n<div  class='av-buildercomment  av-blog-meta-html-info-disabled av-blog-meta-tag-disabled  '><\/div>\n","protected":false},"excerpt":{"rendered":"","protected":false},"author":1,"featured_media":5264,"comment_status":"open","ping_status":"open","sticky":false,"template":"","format":"standard","meta":{"footnotes":""},"categories":[39],"tags":[],"class_list":["post-5263","post","type-post","status-publish","format-standard","has-post-thumbnail","hentry","category-medio-ambiente"],"jetpack_featured_media_url":"https:\/\/radiorevelacionfm.cl\/wp-content\/uploads\/2021\/06\/foto-centrales-1.jpg","_links":{"self":[{"href":"https:\/\/radiorevelacionfm.cl\/index.php?rest_route=\/wp\/v2\/posts\/5263","targetHints":{"allow":["GET"]}}],"collection":[{"href":"https:\/\/radiorevelacionfm.cl\/index.php?rest_route=\/wp\/v2\/posts"}],"about":[{"href":"https:\/\/radiorevelacionfm.cl\/index.php?rest_route=\/wp\/v2\/types\/post"}],"author":[{"embeddable":true,"href":"https:\/\/radiorevelacionfm.cl\/index.php?rest_route=\/wp\/v2\/users\/1"}],"replies":[{"embeddable":true,"href":"https:\/\/radiorevelacionfm.cl\/index.php?rest_route=%2Fwp%2Fv2%2Fcomments&post=5263"}],"version-history":[{"count":1,"href":"https:\/\/radiorevelacionfm.cl\/index.php?rest_route=\/wp\/v2\/posts\/5263\/revisions"}],"predecessor-version":[{"id":5265,"href":"https:\/\/radiorevelacionfm.cl\/index.php?rest_route=\/wp\/v2\/posts\/5263\/revisions\/5265"}],"wp:featuredmedia":[{"embeddable":true,"href":"https:\/\/radiorevelacionfm.cl\/index.php?rest_route=\/wp\/v2\/media\/5264"}],"wp:attachment":[{"href":"https:\/\/radiorevelacionfm.cl\/index.php?rest_route=%2Fwp%2Fv2%2Fmedia&parent=5263"}],"wp:term":[{"taxonomy":"category","embeddable":true,"href":"https:\/\/radiorevelacionfm.cl\/index.php?rest_route=%2Fwp%2Fv2%2Fcategories&post=5263"},{"taxonomy":"post_tag","embeddable":true,"href":"https:\/\/radiorevelacionfm.cl\/index.php?rest_route=%2Fwp%2Fv2%2Ftags&post=5263"}],"curies":[{"name":"wp","href":"https:\/\/api.w.org\/{rel}","templated":true}]}}