{"id":52626,"date":"2025-04-14T14:56:05","date_gmt":"2025-04-14T17:56:05","guid":{"rendered":"https:\/\/radiorevelacionfm.cl\/?p=52626"},"modified":"2025-04-14T14:56:05","modified_gmt":"2025-04-14T17:56:05","slug":"detectan-acumulacion-de-residuos-acuicolas-en-el-canal-moraleda-y-el-parque-nacional-isla-magdalena","status":"publish","type":"post","link":"https:\/\/radiorevelacionfm.cl\/?p=52626","title":{"rendered":"Detectan acumulaci\u00f3n de residuos acu\u00edcolas en el Canal Moraleda y el Parque Nacional Isla Magdalena"},"content":{"rendered":"<div class=\"flex_column av_one_full  flex_column_div av-zero-column-padding first  avia-builder-el-0  el_before_av_one_full  avia-builder-el-first  \" style='border-radius:0px; '><div  class='avia-image-container  av-styling-    avia-builder-el-1  avia-builder-el-no-sibling  avia-align-center '  itemprop=\"image\" itemscope=\"itemscope\" itemtype=\"https:\/\/schema.org\/ImageObject\"  ><div class='avia-image-container-inner'><div class='avia-image-overlay-wrap'><img decoding=\"async\" class='wp-image-52627 avia-img-lazy-loading-not-52627 avia_image' src=\"https:\/\/radiorevelacionfm.cl\/wp-content\/uploads\/2025\/04\/5-2025-04-14t145310_optimized.760-1.jpg\" alt='' title='5 - -2025-04-14t145310_optimized.760-(1)' height=\"600\" width=\"876\"  itemprop=\"thumbnailUrl\" srcset=\"https:\/\/radiorevelacionfm.cl\/wp-content\/uploads\/2025\/04\/5-2025-04-14t145310_optimized.760-1.jpg 876w, https:\/\/radiorevelacionfm.cl\/wp-content\/uploads\/2025\/04\/5-2025-04-14t145310_optimized.760-1-300x205.jpg 300w, https:\/\/radiorevelacionfm.cl\/wp-content\/uploads\/2025\/04\/5-2025-04-14t145310_optimized.760-1-768x526.jpg 768w, https:\/\/radiorevelacionfm.cl\/wp-content\/uploads\/2025\/04\/5-2025-04-14t145310_optimized.760-1-705x483.jpg 705w, https:\/\/radiorevelacionfm.cl\/wp-content\/uploads\/2025\/04\/5-2025-04-14t145310_optimized.760-1-450x308.jpg 450w, https:\/\/radiorevelacionfm.cl\/wp-content\/uploads\/2025\/04\/5-2025-04-14t145310_optimized.760-1-600x411.jpg 600w\" sizes=\"(max-width: 876px) 100vw, 876px\" \/><\/div><\/div><\/div><\/div><div class=\"flex_column av_one_full  flex_column_div av-zero-column-padding first  avia-builder-el-2  el_after_av_one_full  el_before_av_one_full  column-top-margin\" style='border-radius:0px; '><section class=\"av_textblock_section \"  itemscope=\"itemscope\" itemtype=\"https:\/\/schema.org\/BlogPosting\" itemprop=\"blogPost\" ><div class='avia_textblock  '   itemprop=\"text\" ><p style=\"text-align: center;\"><span style=\"font-size: 18pt;\"><b>Detectan acumulaci\u00f3n de residuos acu\u00edcolas en el Canal Moraleda y el Parque Nacional Isla Magdalena<\/b><\/span><\/p>\n<div id=\"gtx-trans\" style=\"position: absolute; left: -50px; top: 4.31534px;\">\n<div class=\"gtx-trans-icon\"><\/div>\n<\/div>\n<\/div><\/section><\/div><div class=\"flex_column av_one_full  flex_column_div av-zero-column-padding first  avia-builder-el-4  el_after_av_one_full  el_before_av_hr  column-top-margin\" style='border-radius:0px; '><section class=\"av_textblock_section \"  itemscope=\"itemscope\" itemtype=\"https:\/\/schema.org\/BlogPosting\" itemprop=\"blogPost\" ><div class='avia_textblock  '   itemprop=\"text\" ><p style=\"font-weight: 400; text-align: justify;\">Durante fiscalizaciones realizadas por el Servicio Nacional de Pesca y Acuicultura (Sernapesca) en la regi\u00f3n de Ays\u00e9n, se logr\u00f3 identificar acumulaci\u00f3n de residuos provenientes de la actividad acu\u00edcola en el borde costero del Parque Nacional Isla Magdalena.<\/p>\n<p style=\"font-weight: 400; text-align: justify;\">En la inspecci\u00f3n, los funcionarios de Sernapesca identificaron diversos residuos s\u00f3lidos en la zona, entre ellos elementos estructurales abandonados, como pasillos en mal estado, y materiales de flotaci\u00f3n, incluyendo boyas, flotadores y plumavit en distintos niveles de deterioro. Adem\u00e1s, se encontraron restos de sistemas de alimentaci\u00f3n, como tubos de HDPE, junto con otros desechos.<\/p>\n<p style=\"font-weight: 400; text-align: justify;\">Estos hallazgos representan un incumplimiento a la normativa vigente, espec\u00edficamente del Reglamento Ambiental para la Acuicultura (RAMA, D.S. N\u00b0 320\/2001) y del Reglamento sobre tratamiento y disposici\u00f3n final de desechos provenientes de actividades acu\u00edcolas (D.S. N\u00b0 64\/2020). Ambas regulaciones establecen, entre otros aspectos, que los centros de cultivo deben mantener la limpieza de playas y terrenos aleda\u00f1os de cualquier residuo s\u00f3lido generado por su actividad, y utilizar elementos de flotaci\u00f3n que impidan el desprendimiento de sus materiales (art\u00edculo 4g).<\/p>\n<p style=\"font-weight: 400; text-align: justify;\">En este sentido y por tratarse de una playa sumidero, Sernapesca tom\u00f3 contacto con las asociaciones de productores y centros aleda\u00f1os. El Consejo del Salm\u00f3n, en conjunto con la empresa Aqua Chile y Granja Marina Tornagaleones, coordinaron actividades de limpieza del \u00e1rea afectada, limpiaron en su totalidad el sector, retirando 182 m3 de residuos. Cabe se\u00f1alar, que la normativa establece un plazo de 10 d\u00edas corridos para realizar las maniobras de limpieza desde que Sernapesca notifica a las empresas.<\/p>\n<p style=\"font-weight: 400; text-align: justify;\">Daniela Leiva, directora regional de Sernapesca en Ays\u00e9n coment\u00f3: \u201cLa situaci\u00f3n era preocupante debido a la magnitud de la contaminaci\u00f3n, que se extend\u00eda a lo largo de aproximadamente 10 kil\u00f3metros, y al hecho de que afecta a un Parque Nacional que es un \u00e1rea protegida de alto valor ecol\u00f3gico. Es fundamental elevar los est\u00e1ndares de manejo de materiales y residuos en el sector acu\u00edcola y fortalecer la coordinaci\u00f3n entre las empresas para la limpieza de estos espacios. Desde Sernapesca continuaremos fiscalizando para garantizar el cumplimiento de la normativa y la protecci\u00f3n de nuestros ecosistemas\u201d.<\/p>\n<p style=\"font-weight: 400; text-align: justify;\">La autoridad regional tambi\u00e9n hizo un llamado a las empresas salmoneras para que refuercen sus medidas de gesti\u00f3n de residuos y cumplan con sus obligaciones ambientales.<\/p>\n<\/div><\/section><\/div><div  style='height:50px' class='hr hr-invisible   avia-builder-el-6  el_after_av_one_full  el_before_av_social_share '><span class='hr-inner ' ><span class='hr-inner-style'><\/span><\/span><\/div><\/p>\n<div  class='av-social-sharing-box  avia-builder-el-7  el_after_av_hr  el_before_av_hr  '><div class='av-share-box'><h5 class='av-share-link-description av-no-toc '>Compartir esta noticia<\/h5><ul class='av-share-box-list noLightbox'><li class='av-share-link av-social-link-facebook' ><a target=\"_blank\" aria-label=\"Compartir en Facebook\" href='https:\/\/www.facebook.com\/sharer.php?u=https:\/\/radiorevelacionfm.cl\/?p=52626&#038;t=Detectan%20acumulaci%C3%B3n%20de%20residuos%20acu%C3%ADcolas%20en%20el%20Canal%20Moraleda%20y%20el%20Parque%20Nacional%20Isla%20Magdalena' aria-hidden='false' data-av_icon='\ue8f3' data-av_iconfont='entypo-fontello' title='' data-avia-related-tooltip='Compartir en Facebook' rel=\"noopener\"><span class='avia_hidden_link_text'>Compartir en Facebook<\/span><\/a><\/li><li class='av-share-link av-social-link-twitter' ><a target=\"_blank\" aria-label=\"Compartir en Twitter\" href='https:\/\/twitter.com\/share?text=Detectan%20acumulaci%C3%B3n%20de%20residuos%20acu%C3%ADcolas%20en%20el%20Canal%20Moraleda%20y%20el%20Parque%20Nacional%20Isla%20Magdalena&#038;url=https:\/\/radiorevelacionfm.cl\/?p=52626' aria-hidden='false' data-av_icon='\ue8f1' data-av_iconfont='entypo-fontello' title='' data-avia-related-tooltip='Compartir en Twitter' rel=\"noopener\"><span class='avia_hidden_link_text'>Compartir en Twitter<\/span><\/a><\/li><li class='av-share-link av-social-link-whatsapp' ><a target=\"_blank\" aria-label=\"Compartir en Whatsapp\" href='https:\/\/api.whatsapp.com\/send?text=https:\/\/radiorevelacionfm.cl\/?p=52626' aria-hidden='false' data-av_icon='\uf232' data-av_iconfont='entypo-fontello' title='' data-avia-related-tooltip='Compartir en Whatsapp' rel=\"noopener\"><span class='avia_hidden_link_text'>Compartir en Whatsapp<\/span><\/a><\/li><li class='av-share-link av-social-link-linkedin' ><a target=\"_blank\" aria-label=\"Compartir en LinkedIn\" href='https:\/\/linkedin.com\/shareArticle?mini=true&#038;title=Detectan%20acumulaci%C3%B3n%20de%20residuos%20acu%C3%ADcolas%20en%20el%20Canal%20Moraleda%20y%20el%20Parque%20Nacional%20Isla%20Magdalena&#038;url=https:\/\/radiorevelacionfm.cl\/?p=52626' aria-hidden='false' data-av_icon='\ue8fc' data-av_iconfont='entypo-fontello' title='' data-avia-related-tooltip='Compartir en LinkedIn' rel=\"noopener\"><span class='avia_hidden_link_text'>Compartir en LinkedIn<\/span><\/a><\/li><li class='av-share-link av-social-link-mail' ><a  aria-label=\"Compartir por correo\" href='mailto:?subject=Detectan%20acumulaci%C3%B3n%20de%20residuos%20acu%C3%ADcolas%20en%20el%20Canal%20Moraleda%20y%20el%20Parque%20Nacional%20Isla%20Magdalena&#038;body=https:\/\/radiorevelacionfm.cl\/?p=52626' aria-hidden='false' data-av_icon='\ue805' data-av_iconfont='entypo-fontello' title='' data-avia-related-tooltip='Compartir por correo'><span class='avia_hidden_link_text'>Compartir por correo<\/span><\/a><\/li><\/ul><\/div><\/div>\n<div  style='height:50px' class='hr hr-invisible   avia-builder-el-8  el_after_av_social_share  el_before_av_comments_list '><span class='hr-inner ' ><span class='hr-inner-style'><\/span><\/span><\/div>\n<div  class='av-buildercomment  av-blog-meta-html-info-disabled av-blog-meta-tag-disabled  '><\/div>\n","protected":false},"excerpt":{"rendered":"","protected":false},"author":1,"featured_media":52627,"comment_status":"closed","ping_status":"closed","sticky":false,"template":"","format":"standard","meta":{"footnotes":""},"categories":[60],"tags":[],"class_list":["post-52626","post","type-post","status-publish","format-standard","has-post-thumbnail","hentry","category-pesca"],"jetpack_featured_media_url":"https:\/\/radiorevelacionfm.cl\/wp-content\/uploads\/2025\/04\/5-2025-04-14t145310_optimized.760-1.jpg","_links":{"self":[{"href":"https:\/\/radiorevelacionfm.cl\/index.php?rest_route=\/wp\/v2\/posts\/52626","targetHints":{"allow":["GET"]}}],"collection":[{"href":"https:\/\/radiorevelacionfm.cl\/index.php?rest_route=\/wp\/v2\/posts"}],"about":[{"href":"https:\/\/radiorevelacionfm.cl\/index.php?rest_route=\/wp\/v2\/types\/post"}],"author":[{"embeddable":true,"href":"https:\/\/radiorevelacionfm.cl\/index.php?rest_route=\/wp\/v2\/users\/1"}],"replies":[{"embeddable":true,"href":"https:\/\/radiorevelacionfm.cl\/index.php?rest_route=%2Fwp%2Fv2%2Fcomments&post=52626"}],"version-history":[{"count":2,"href":"https:\/\/radiorevelacionfm.cl\/index.php?rest_route=\/wp\/v2\/posts\/52626\/revisions"}],"predecessor-version":[{"id":52629,"href":"https:\/\/radiorevelacionfm.cl\/index.php?rest_route=\/wp\/v2\/posts\/52626\/revisions\/52629"}],"wp:featuredmedia":[{"embeddable":true,"href":"https:\/\/radiorevelacionfm.cl\/index.php?rest_route=\/wp\/v2\/media\/52627"}],"wp:attachment":[{"href":"https:\/\/radiorevelacionfm.cl\/index.php?rest_route=%2Fwp%2Fv2%2Fmedia&parent=52626"}],"wp:term":[{"taxonomy":"category","embeddable":true,"href":"https:\/\/radiorevelacionfm.cl\/index.php?rest_route=%2Fwp%2Fv2%2Fcategories&post=52626"},{"taxonomy":"post_tag","embeddable":true,"href":"https:\/\/radiorevelacionfm.cl\/index.php?rest_route=%2Fwp%2Fv2%2Ftags&post=52626"}],"curies":[{"name":"wp","href":"https:\/\/api.w.org\/{rel}","templated":true}]}}