{"id":52622,"date":"2025-04-14T12:39:12","date_gmt":"2025-04-14T15:39:12","guid":{"rendered":"https:\/\/radiorevelacionfm.cl\/?p=52622"},"modified":"2025-04-14T12:39:12","modified_gmt":"2025-04-14T15:39:12","slug":"temporada-turismo-2024-2025-aysen-patagonia-registra-aumento-sostenido-en-llegada-de-turistas-y-ocupacion-hotelera","status":"publish","type":"post","link":"https:\/\/radiorevelacionfm.cl\/?p=52622","title":{"rendered":"Temporada Turismo 2024-2025: Ays\u00e9n Patagonia registra aumento sostenido en llegada de turistas y ocupaci\u00f3n hotelera"},"content":{"rendered":"<div class=\"flex_column av_one_full  flex_column_div av-zero-column-padding first  avia-builder-el-0  el_before_av_one_full  avia-builder-el-first  \" style='border-radius:0px; '><div  class='avia-image-container  av-styling-    avia-builder-el-1  avia-builder-el-no-sibling  avia-align-center '  itemprop=\"image\" itemscope=\"itemscope\" itemtype=\"https:\/\/schema.org\/ImageObject\"  ><div class='avia-image-container-inner'><div class='avia-image-overlay-wrap'><img decoding=\"async\" class='wp-image-52623 avia-img-lazy-loading-not-52623 avia_image' src=\"https:\/\/radiorevelacionfm.cl\/wp-content\/uploads\/2025\/04\/20231018_112935-1_optimized.jpg\" alt='' title='20231018_112935-(1)_optimized' height=\"600\" width=\"800\"  itemprop=\"thumbnailUrl\" srcset=\"https:\/\/radiorevelacionfm.cl\/wp-content\/uploads\/2025\/04\/20231018_112935-1_optimized.jpg 800w, https:\/\/radiorevelacionfm.cl\/wp-content\/uploads\/2025\/04\/20231018_112935-1_optimized-300x225.jpg 300w, https:\/\/radiorevelacionfm.cl\/wp-content\/uploads\/2025\/04\/20231018_112935-1_optimized-768x576.jpg 768w, https:\/\/radiorevelacionfm.cl\/wp-content\/uploads\/2025\/04\/20231018_112935-1_optimized-705x529.jpg 705w, https:\/\/radiorevelacionfm.cl\/wp-content\/uploads\/2025\/04\/20231018_112935-1_optimized-450x338.jpg 450w, https:\/\/radiorevelacionfm.cl\/wp-content\/uploads\/2025\/04\/20231018_112935-1_optimized-600x450.jpg 600w\" sizes=\"(max-width: 800px) 100vw, 800px\" \/><\/div><\/div><\/div><\/div><div class=\"flex_column av_one_full  flex_column_div av-zero-column-padding first  avia-builder-el-2  el_after_av_one_full  el_before_av_one_full  column-top-margin\" style='border-radius:0px; '><section class=\"av_textblock_section \"  itemscope=\"itemscope\" itemtype=\"https:\/\/schema.org\/BlogPosting\" itemprop=\"blogPost\" ><div class='avia_textblock  '   itemprop=\"text\" ><p style=\"text-align: center;\"><strong><span style=\"font-size: 18pt;\">Temporada Turismo 2024-2025: Ays\u00e9n Patagonia registra aumento sostenido en llegada de turistas y ocupaci\u00f3n hotelera<\/span><\/strong><\/p>\n<div id=\"gtx-trans\" style=\"position: absolute; left: -50px; top: 4.31534px;\">\n<div class=\"gtx-trans-icon\"><\/div>\n<\/div>\n<\/div><\/section><\/div><div class=\"flex_column av_one_full  flex_column_div av-zero-column-padding first  avia-builder-el-4  el_after_av_one_full  el_before_av_hr  column-top-margin\" style='border-radius:0px; '><section class=\"av_textblock_section \"  itemscope=\"itemscope\" itemtype=\"https:\/\/schema.org\/BlogPosting\" itemprop=\"blogPost\" ><div class='avia_textblock  '   itemprop=\"text\" ><p style=\"text-align: justify;\"><em>La Regi\u00f3n de Ays\u00e9n vivi\u00f3 una destacada temporada tur\u00edstica, registrando un aumento del 40,3% en visitantes en comparaci\u00f3n con el verano anterior. Destac\u00f3 el aumento de turistas extranjeros y el alza en la ocupaci\u00f3n hotelera, resultados que consolidan a la regi\u00f3n como uno de los principales destinos tur\u00edsticos del pa\u00eds.<\/em><\/p>\n<p style=\"text-align: justify;\">La Regi\u00f3n de Ays\u00e9n registr\u00f3 un importante crecimiento durante la temporada tur\u00edstica 2024\u20132025, consolid\u00e1ndose como un destino de referencia en el escenario post-pandemia. En este per\u00edodo se evidenci\u00f3 un importante aumento en la llegada de pasajeros y turistas internacionales, evidenciando la recuperaci\u00f3n y el dinamismo del sector tur\u00edstico regional.<\/p>\n<p style=\"text-align: justify;\">De acuerdo con los datos sistematizados por Sernatur Ays\u00e9n, a trav\u00e9s del Sistema de Informaci\u00f3n Tur\u00edstica, el destino Ays\u00e9n Patagonia alcanz\u00f3 un total de 189.802 visitantes entre diciembre y febrero de 2025, lo que representa un incremento del 40,3% respecto al mismo per\u00edodo del a\u00f1o anterior. Este crecimiento incluye tanto a turistas nacionales como extranjeros.<\/p>\n<p style=\"text-align: justify;\">Entre los principales hitos de esta temporada destacan el aumento en el ingreso de turistas internacionales, el alza en las pernoctaciones, una ocupaci\u00f3n hotelera que supera el promedio nacional, y el notable impacto del turismo argentino en la regi\u00f3n. As\u00ed lo confirm\u00f3 Claudio Montecinos, director regional de Sernatur Ays\u00e9n, quien valor\u00f3 los positivos resultados de la temporada y destac\u00f3 especialmente el incremento del turismo trasandino: <em>\u201cEstamos muy contentos porque el destino Ays\u00e9n Patagonia tuvo un aumento significativo de visitantes en el \u00faltimo periodo estival, con un alza del 40,3% respecto a la temporada anterior. El principal incremento se registr\u00f3 en el acceso norte de nuestra regi\u00f3n, por la Carretera Austral, a trav\u00e9s de la Ruta Bimodal, donde el flujo creci\u00f3 en un 300% en comparaci\u00f3n al verano anterior. A esto se suma el ingreso de turistas internacionales por los distintos pasos fronterizos, con un aumento del 107%, siendo el 83,3% de ellos de nacionalidad argentina\u201d.<\/em><\/p>\n<p style=\"text-align: justify;\">Por otra parte, seg\u00fan lo reportado en el informe <em>Cifras Turismo Ays\u00e9n Patagonia 2025<\/em> de Sernatur, durante la temporada alta (diciembre 2024 a febrero 2025) ingresaron 60.041 turistas extranjeros por pasos fronterizos terrestres, lo que representa un incremento del 107,9% en comparaci\u00f3n con la temporada anterior. Dentro de este grupo, 50.035 visitantes correspondieron a turistas argentinos, lo que equivale a un aumento del 135,4% respecto al verano 2023\u20132024, fen\u00f3meno asociado al contexto econ\u00f3mico de ese pa\u00eds y al auge del turismo de compras.<\/p>\n<p style=\"text-align: justify;\">A nivel anual, entre enero y diciembre de 2024, la regi\u00f3n recibi\u00f3 un total de 108.703 turistas extranjeros, marcando un crecimiento del 50,5% en relaci\u00f3n con 2023 y del 15,7% respecto a 2019, a\u00f1o previo a la pandemia.<\/p>\n<p style=\"text-align: justify;\">En tanto, el Aer\u00f3dromo Balmaceda, principal puerta de entrada a la regi\u00f3n, registr\u00f3 312.900 pasajeros durante 2024, lo que representa un aumento del 4,6% respecto al a\u00f1o anterior. En la temporada media (octubre\u2013diciembre), se contabilizaron 87.794 pasajeros, lo que representa un crecimiento del 11,5% frente a 2023 y del 6,2% sobre los niveles pre-pandemia.<\/p>\n<p style=\"text-align: justify;\">Para los operadores tur\u00edsticos de la regi\u00f3n estas cifras dan cuenta de un punto de inflexi\u00f3n post-pandemia que posiciona a la Regi\u00f3n de Ays\u00e9n como un destino de inter\u00e9s a nivel nacional. Alicia Haro, due\u00f1a del Fundo Don Gerardo, iniciativa de turismo rural, destac\u00f3 los buenos resultados de la temporada y el creciente inter\u00e9s de los visitantes por vivir experiencias en la ruralidad, as\u00ed como las oportunidades que brinda la declaraci\u00f3n de la Ruta Esc\u00e9nica Carretera Austral. \u201cLa temporada tur\u00edstica este a\u00f1o fue buena porque parti\u00f3 desde el mes de septiembre en adelante. Ahora, para la siguiente temporada, debemos seguir mejorando nuestras rutas, organizarnos mejor con la red de turismo, potenciar el turismo rural, y que la Ruta Esc\u00e9nica de la Carretera Austral se ponga en valor como uno de los destinos m\u00e1s hermosos del mundo, se\u00f1al\u00f3 Alicia Haro desde Cerro Galera.<\/p>\n<p style=\"text-align: justify;\">Respecto de la tasa de ocupaci\u00f3n hotelera (TOH) recopilada por Sernatur Ays\u00e9n, la regi\u00f3n mostr\u00f3 un desempe\u00f1o sobresaliente, con cifras que superaron el promedio nacional en todos los destinos monitoreados. En enero, se registraron aumentos significativos respecto al a\u00f1o anterior, tendencia que se mantuvo en febrero. Adem\u00e1s, se incorpor\u00f3 por primera vez el monitoreo de la Provincia de Los Glaciares, que tambi\u00e9n mostr\u00f3 una ocupaci\u00f3n superior al promedio nacional.<\/p>\n<p style=\"text-align: justify;\">Desde el mundo hotelero, Rodrigo Bravo, gerente de Lober\u00edas del Sur, destac\u00f3 las buenas cifras que dej\u00f3 la temporada y la importancia de continuar fortaleciendo la promoci\u00f3n tur\u00edstica. \u201cPara nosotros ha sido una muy buena temporada. Podr\u00edamos decir que, a partir de esta temporada, ya logramos hacer el quiebre de la pandemia. Otro elemento importante de destacar es que los pasajeros extranjeros est\u00e1n creciendo bastante. De ah\u00ed la importancia de que el Gobierno Regional, a trav\u00e9s de Sernatur, mantenga sus inversiones en la promoci\u00f3n internacional\u201d, indic\u00f3 el representante de Lober\u00edas del Sur.<\/p>\n<p style=\"text-align: justify;\">Otro de los indicadores relevantes de esta temporada fue el aumento de atenciones en las Oficinas de Informaci\u00f3n Tur\u00edstica (OIT) de Sernatur Ays\u00e9n, que registraron un total de 2.721 personas atendidas entre diciembre y febrero de 2025, lo que representa un aumento del 46,9% respecto al mismo per\u00edodo del a\u00f1o anterior.<\/p>\n<p style=\"text-align: justify;\">Los buenos resultados de la temporada tur\u00edstica refuerzan la visibilidad de la regi\u00f3n y el inter\u00e9s creciente por los servicios tur\u00edsticos de Ays\u00e9n, consolid\u00e1ndose como un destino en pleno crecimiento y evidenciando el enorme potencial del territorio para seguir fortaleciendo su posicionamiento de cara a la pr\u00f3xima temporada.<\/p>\n<\/div><\/section><\/div><div  style='height:50px' class='hr hr-invisible   avia-builder-el-6  el_after_av_one_full  el_before_av_social_share '><span class='hr-inner ' ><span class='hr-inner-style'><\/span><\/span><\/div><\/p>\n<div  class='av-social-sharing-box  avia-builder-el-7  el_after_av_hr  el_before_av_hr  '><div class='av-share-box'><h5 class='av-share-link-description av-no-toc '>Compartir esta noticia<\/h5><ul class='av-share-box-list noLightbox'><li class='av-share-link av-social-link-facebook' ><a target=\"_blank\" aria-label=\"Compartir en Facebook\" href='https:\/\/www.facebook.com\/sharer.php?u=https:\/\/radiorevelacionfm.cl\/?p=52622&#038;t=Temporada%20Turismo%202024-2025%3A%20Ays%C3%A9n%20Patagonia%20registra%20aumento%20sostenido%20en%20llegada%20de%20turistas%20y%20ocupaci%C3%B3n%20hotelera' aria-hidden='false' data-av_icon='\ue8f3' data-av_iconfont='entypo-fontello' title='' data-avia-related-tooltip='Compartir en Facebook' rel=\"noopener\"><span class='avia_hidden_link_text'>Compartir en Facebook<\/span><\/a><\/li><li class='av-share-link av-social-link-twitter' ><a target=\"_blank\" aria-label=\"Compartir en Twitter\" href='https:\/\/twitter.com\/share?text=Temporada%20Turismo%202024-2025%3A%20Ays%C3%A9n%20Patagonia%20registra%20aumento%20sostenido%20en%20llegada%20de%20turistas%20y%20ocupaci%C3%B3n%20hotelera&#038;url=https:\/\/radiorevelacionfm.cl\/?p=52622' aria-hidden='false' data-av_icon='\ue8f1' data-av_iconfont='entypo-fontello' title='' data-avia-related-tooltip='Compartir en Twitter' rel=\"noopener\"><span class='avia_hidden_link_text'>Compartir en Twitter<\/span><\/a><\/li><li class='av-share-link av-social-link-whatsapp' ><a target=\"_blank\" aria-label=\"Compartir en Whatsapp\" href='https:\/\/api.whatsapp.com\/send?text=https:\/\/radiorevelacionfm.cl\/?p=52622' aria-hidden='false' data-av_icon='\uf232' data-av_iconfont='entypo-fontello' title='' data-avia-related-tooltip='Compartir en Whatsapp' rel=\"noopener\"><span class='avia_hidden_link_text'>Compartir en Whatsapp<\/span><\/a><\/li><li class='av-share-link av-social-link-linkedin' ><a target=\"_blank\" aria-label=\"Compartir en LinkedIn\" href='https:\/\/linkedin.com\/shareArticle?mini=true&#038;title=Temporada%20Turismo%202024-2025%3A%20Ays%C3%A9n%20Patagonia%20registra%20aumento%20sostenido%20en%20llegada%20de%20turistas%20y%20ocupaci%C3%B3n%20hotelera&#038;url=https:\/\/radiorevelacionfm.cl\/?p=52622' aria-hidden='false' data-av_icon='\ue8fc' data-av_iconfont='entypo-fontello' title='' data-avia-related-tooltip='Compartir en LinkedIn' rel=\"noopener\"><span class='avia_hidden_link_text'>Compartir en LinkedIn<\/span><\/a><\/li><li class='av-share-link av-social-link-mail' ><a  aria-label=\"Compartir por correo\" href='mailto:?subject=Temporada%20Turismo%202024-2025%3A%20Ays%C3%A9n%20Patagonia%20registra%20aumento%20sostenido%20en%20llegada%20de%20turistas%20y%20ocupaci%C3%B3n%20hotelera&#038;body=https:\/\/radiorevelacionfm.cl\/?p=52622' aria-hidden='false' data-av_icon='\ue805' data-av_iconfont='entypo-fontello' title='' data-avia-related-tooltip='Compartir por correo'><span class='avia_hidden_link_text'>Compartir por correo<\/span><\/a><\/li><\/ul><\/div><\/div>\n<div  style='height:50px' class='hr hr-invisible   avia-builder-el-8  el_after_av_social_share  el_before_av_comments_list '><span class='hr-inner ' ><span class='hr-inner-style'><\/span><\/span><\/div>\n<div  class='av-buildercomment  av-blog-meta-html-info-disabled av-blog-meta-tag-disabled  '><\/div>\n","protected":false},"excerpt":{"rendered":"","protected":false},"author":1,"featured_media":52623,"comment_status":"closed","ping_status":"closed","sticky":false,"template":"","format":"standard","meta":{"footnotes":""},"categories":[54],"tags":[],"class_list":["post-52622","post","type-post","status-publish","format-standard","has-post-thumbnail","hentry","category-turismo"],"jetpack_featured_media_url":"https:\/\/radiorevelacionfm.cl\/wp-content\/uploads\/2025\/04\/20231018_112935-1_optimized.jpg","_links":{"self":[{"href":"https:\/\/radiorevelacionfm.cl\/index.php?rest_route=\/wp\/v2\/posts\/52622","targetHints":{"allow":["GET"]}}],"collection":[{"href":"https:\/\/radiorevelacionfm.cl\/index.php?rest_route=\/wp\/v2\/posts"}],"about":[{"href":"https:\/\/radiorevelacionfm.cl\/index.php?rest_route=\/wp\/v2\/types\/post"}],"author":[{"embeddable":true,"href":"https:\/\/radiorevelacionfm.cl\/index.php?rest_route=\/wp\/v2\/users\/1"}],"replies":[{"embeddable":true,"href":"https:\/\/radiorevelacionfm.cl\/index.php?rest_route=%2Fwp%2Fv2%2Fcomments&post=52622"}],"version-history":[{"count":2,"href":"https:\/\/radiorevelacionfm.cl\/index.php?rest_route=\/wp\/v2\/posts\/52622\/revisions"}],"predecessor-version":[{"id":52625,"href":"https:\/\/radiorevelacionfm.cl\/index.php?rest_route=\/wp\/v2\/posts\/52622\/revisions\/52625"}],"wp:featuredmedia":[{"embeddable":true,"href":"https:\/\/radiorevelacionfm.cl\/index.php?rest_route=\/wp\/v2\/media\/52623"}],"wp:attachment":[{"href":"https:\/\/radiorevelacionfm.cl\/index.php?rest_route=%2Fwp%2Fv2%2Fmedia&parent=52622"}],"wp:term":[{"taxonomy":"category","embeddable":true,"href":"https:\/\/radiorevelacionfm.cl\/index.php?rest_route=%2Fwp%2Fv2%2Fcategories&post=52622"},{"taxonomy":"post_tag","embeddable":true,"href":"https:\/\/radiorevelacionfm.cl\/index.php?rest_route=%2Fwp%2Fv2%2Ftags&post=52622"}],"curies":[{"name":"wp","href":"https:\/\/api.w.org\/{rel}","templated":true}]}}