{"id":52614,"date":"2025-04-13T21:32:00","date_gmt":"2025-04-14T00:32:00","guid":{"rendered":"https:\/\/radiorevelacionfm.cl\/?p=52614"},"modified":"2025-04-13T21:32:00","modified_gmt":"2025-04-14T00:32:00","slug":"golpe-al-narcotrafico-desarticulan-banda-que-ingreso-3-kilos-y-medio-de-cocaina-a-la-region","status":"publish","type":"post","link":"https:\/\/radiorevelacionfm.cl\/?p=52614","title":{"rendered":"Golpe al narcotr\u00e1fico: Desarticulan banda que ingres\u00f3 3 kilos y medio de coca\u00edna a la regi\u00f3n"},"content":{"rendered":"<div class=\"flex_column av_one_full  flex_column_div av-zero-column-padding first  avia-builder-el-0  el_before_av_one_full  avia-builder-el-first  \" style='border-radius:0px; '><div  class='avia-image-container  av-styling-    avia-builder-el-1  avia-builder-el-no-sibling  avia-align-center '  itemprop=\"image\" itemscope=\"itemscope\" itemtype=\"https:\/\/schema.org\/ImageObject\"  ><div class='avia-image-container-inner'><div class='avia-image-overlay-wrap'><img decoding=\"async\" class='wp-image-52615 avia-img-lazy-loading-not-52615 avia_image' src=\"https:\/\/radiorevelacionfm.cl\/wp-content\/uploads\/2025\/04\/5e2a4c76-7a9e-4cd6-a636-e12960759001-1_optimized.jpg\" alt='' title='5e2a4c76-7a9e-4cd6-a636-e12960759001-(1)_optimized' height=\"600\" width=\"1415\"  itemprop=\"thumbnailUrl\" srcset=\"https:\/\/radiorevelacionfm.cl\/wp-content\/uploads\/2025\/04\/5e2a4c76-7a9e-4cd6-a636-e12960759001-1_optimized.jpg 1415w, https:\/\/radiorevelacionfm.cl\/wp-content\/uploads\/2025\/04\/5e2a4c76-7a9e-4cd6-a636-e12960759001-1_optimized-300x127.jpg 300w, https:\/\/radiorevelacionfm.cl\/wp-content\/uploads\/2025\/04\/5e2a4c76-7a9e-4cd6-a636-e12960759001-1_optimized-1030x437.jpg 1030w, https:\/\/radiorevelacionfm.cl\/wp-content\/uploads\/2025\/04\/5e2a4c76-7a9e-4cd6-a636-e12960759001-1_optimized-768x326.jpg 768w, https:\/\/radiorevelacionfm.cl\/wp-content\/uploads\/2025\/04\/5e2a4c76-7a9e-4cd6-a636-e12960759001-1_optimized-705x299.jpg 705w, https:\/\/radiorevelacionfm.cl\/wp-content\/uploads\/2025\/04\/5e2a4c76-7a9e-4cd6-a636-e12960759001-1_optimized-450x191.jpg 450w, https:\/\/radiorevelacionfm.cl\/wp-content\/uploads\/2025\/04\/5e2a4c76-7a9e-4cd6-a636-e12960759001-1_optimized-600x254.jpg 600w\" sizes=\"(max-width: 1415px) 100vw, 1415px\" \/><\/div><\/div><\/div><\/div><div class=\"flex_column av_one_full  flex_column_div av-zero-column-padding first  avia-builder-el-2  el_after_av_one_full  el_before_av_one_full  column-top-margin\" style='border-radius:0px; '><section class=\"av_textblock_section \"  itemscope=\"itemscope\" itemtype=\"https:\/\/schema.org\/BlogPosting\" itemprop=\"blogPost\" ><div class='avia_textblock  '   itemprop=\"text\" ><p style=\"text-align: center;\"><strong><span style=\"font-size: 18pt;\">Golpe al narcotr\u00e1fico: Desarticulan banda que ingres\u00f3 3 kilos y medio de coca\u00edna a la regi\u00f3n<\/span><\/strong><\/p>\n<div id=\"gtx-trans\" style=\"position: absolute; left: -50px; top: 4.31534px;\">\n<div class=\"gtx-trans-icon\"><\/div>\n<\/div>\n<\/div><\/section><\/div><div class=\"flex_column av_one_full  flex_column_div av-zero-column-padding first  avia-builder-el-4  el_after_av_one_full  el_before_av_hr  column-top-margin\" style='border-radius:0px; '><section class=\"av_textblock_section \"  itemscope=\"itemscope\" itemtype=\"https:\/\/schema.org\/BlogPosting\" itemprop=\"blogPost\" ><div class='avia_textblock  '   itemprop=\"text\" ><p style=\"font-weight: 400; text-align: justify;\"><em>Droga avaluada en m\u00e1s de 70 millones de pesos se encontraba oculta en el portaequipaje, siendo detectada por el can \u201cGaz\u00fa\u201d.<\/em><\/p>\n<p style=\"font-weight: 400; text-align: justify;\">Un nuevo operativo contra el tr\u00e1fico de drogas, como parte del trabajo coordinado entre el OS 7 de Carabineros, personal del Ret\u00e9n Ma\u00f1ihuales y la Fiscal\u00eda Regional de Ays\u00e9n, permiti\u00f3 la detenci\u00f3n de tres imputados y el decomiso de m\u00e1s de 3 kilos y medio de clorhidrato de coca\u00edna, estupefaciente que estaba siendo ingresado a la regi\u00f3n v\u00eda terrestre.\u00a0 Este caso cont\u00f3 con el apoyo del can detector de drogas \u201cGaz\u00fa\u201d.<\/p>\n<p style=\"font-weight: 400; text-align: justify;\">Seg\u00fan explic\u00f3 la fiscal especializada, Mar\u00eda In\u00e9s N\u00fa\u00f1ez, el 09 de abril de 2025, alrededor de las 16.20 horas, los tres imputados, cuyas edades fluct\u00faa entre los 23 y 38 a\u00f1os de edad, se trasladaban por la Ruta 7 a bordo de un veh\u00edculo marca Nissan y al llegar kil\u00f3metro 525 sector Ma\u00f1ihuales, fueron sorprendidos por personal policial que se encontraba efectuando controles vehiculares en el sector.<\/p>\n<p style=\"font-weight: 400; text-align: justify;\">Los sujetos, transportaban y pose\u00edan en el interior del m\u00f3vil, espec\u00edficamente en el portamaletas, tres envoltorios contenedores de sustancia color blanco dubitados como coca\u00edna, cuyo an\u00e1lisis qu\u00edmico posterior determin\u00f3 que se trataba de coca\u00edna clorhidrato, con un peso total bruto de 3 kilos 566 gramos.<\/p>\n<p style=\"font-weight: 400; text-align: justify;\">Adem\u00e1s, explic\u00f3 la Fiscal Mar\u00eda In\u00e9s N\u00fa\u00f1ez, cada uno de los imputados pose\u00edan seis tel\u00e9fonos celulares utilizados para esta actividad il\u00edcita. Los estupefacientes incautados estaban destinados para el tr\u00e1fico de drogas en la Regi\u00f3n de Ays\u00e9n.<\/p>\n<p style=\"font-weight: 400; text-align: justify;\">La Fiscal\u00eda solicit\u00f3 la prisi\u00f3n preventiva para los tres imputados, medida cautelar que fue acogida por el Juzgado de Garant\u00eda de Puerto Ays\u00e9n, el cual fij\u00f3 un plazo de investigaci\u00f3n de 90 d\u00edas.<\/p>\n<p style=\"font-weight: 400; text-align: justify;\">CARABINEROS<\/p>\n<p style=\"font-weight: 400; text-align: justify;\">Por su parte el Jefe de Zona de Carabineros Ays\u00e9n, General Eduardo Palma Fuentes indic\u00f3 que el operativo fue posible gracias a controles vehiculares especializados realizados en el Km 524 de la Ruta 7, ocasi\u00f3n en que las capacidades olfativas del ejemplar canino, permitieron efectuar una marcaci\u00f3n positiva en el portaequipaje del veh\u00edculo donde se ocultaba la droga.<\/p>\n<p style=\"font-weight: 400; text-align: justify;\">\u201cNuestros carabineros est\u00e1n de manera permanente haciendo presencia en diferentes puntos de la regi\u00f3n. Espec\u00edficamente en la Ruta 7 Carretera Austral, personal especializado antidrogas de Carabineros del OS7 Ays\u00e9n logr\u00f3 el decomiso de m\u00e1s de tres kilos y medio de clorhidrato de coca\u00edna, logrando la detenci\u00f3n de tres sujetos ocupantes del veh\u00edculo, luego que el can detector de drogas Gaz\u00fa, logr\u00f3 marcar un punto en el maletero del veh\u00edculo donde se decomisa esta droga, avaluada en m\u00e1s de 70 millones de pesos equivalente a m\u00e1s de 7 mil dosis\u201d, indic\u00f3 el Jefe de Zona.<\/p>\n<p style=\"font-weight: 400; text-align: justify;\">Entre los detenidos se encuentran dos sujetos de 23 a\u00f1os y uno de 38, este \u00faltimo con antecedentes penales y una orden vigente por falsificaci\u00f3n de documento privado. Tras la diligencia Carabineros incaut\u00f3 el veh\u00edculo en que se movilizaban, dinero en efectivo y tel\u00e9fonos celulares.<\/p>\n<p style=\"font-weight: 400; text-align: justify;\">CONTROLES<\/p>\n<p style=\"font-weight: 400; text-align: justify;\">\u201cEs importante se\u00f1alar que estos controles -m\u00e1s ahora en Semana Santa- van a ser mucho m\u00e1s intensivos y reforzados con diferentes otros servicios para evitar el contrabando de pescados y mariscos a lo largo de la regi\u00f3n\u201d, acot\u00f3 el General Palma.<\/p>\n<p style=\"font-weight: 400; text-align: justify;\">El resultado de este control es el fruto de un trabajo planificado, profesional y coordinado que desarrolla a diario la unidad especializada Secci\u00f3n OS7 Ays\u00e9n, donde el trabajo del can detector de drogas \u201cGaz\u00fa\u201d, ha sido clave para detectar nuevas formas de ocultamiento.<\/p>\n<p style=\"font-weight: 400; text-align: justify;\">Carabineros reiter\u00f3 el llamado a la ciudadan\u00eda a realizar denuncias an\u00f3nimas y seguras a trav\u00e9s del Fono Drogas 135, atendido las 24 horas por personal especializado con la finalidad de desarrollar procesos investigativos y derivar los antecedentes al Ministerio P\u00fablico.<\/p>\n<\/div><\/section><\/div><div  style='height:50px' class='hr hr-invisible   avia-builder-el-6  el_after_av_one_full  el_before_av_social_share '><span class='hr-inner ' ><span class='hr-inner-style'><\/span><\/span><\/div><\/p>\n<div  class='av-social-sharing-box  avia-builder-el-7  el_after_av_hr  el_before_av_hr  '><div class='av-share-box'><h5 class='av-share-link-description av-no-toc '>Compartir esta noticia<\/h5><ul class='av-share-box-list noLightbox'><li class='av-share-link av-social-link-facebook' ><a target=\"_blank\" aria-label=\"Compartir en Facebook\" href='https:\/\/www.facebook.com\/sharer.php?u=https:\/\/radiorevelacionfm.cl\/?p=52614&#038;t=Golpe%20al%20narcotr%C3%A1fico%3A%20Desarticulan%20banda%20que%20ingres%C3%B3%203%20kilos%20y%20medio%20de%20coca%C3%ADna%20a%20la%20regi%C3%B3n' aria-hidden='false' data-av_icon='\ue8f3' data-av_iconfont='entypo-fontello' title='' data-avia-related-tooltip='Compartir en Facebook' rel=\"noopener\"><span class='avia_hidden_link_text'>Compartir en Facebook<\/span><\/a><\/li><li class='av-share-link av-social-link-twitter' ><a target=\"_blank\" aria-label=\"Compartir en Twitter\" href='https:\/\/twitter.com\/share?text=Golpe%20al%20narcotr%C3%A1fico%3A%20Desarticulan%20banda%20que%20ingres%C3%B3%203%20kilos%20y%20medio%20de%20coca%C3%ADna%20a%20la%20regi%C3%B3n&#038;url=https:\/\/radiorevelacionfm.cl\/?p=52614' aria-hidden='false' data-av_icon='\ue8f1' data-av_iconfont='entypo-fontello' title='' data-avia-related-tooltip='Compartir en Twitter' rel=\"noopener\"><span class='avia_hidden_link_text'>Compartir en Twitter<\/span><\/a><\/li><li class='av-share-link av-social-link-whatsapp' ><a target=\"_blank\" aria-label=\"Compartir en Whatsapp\" href='https:\/\/api.whatsapp.com\/send?text=https:\/\/radiorevelacionfm.cl\/?p=52614' aria-hidden='false' data-av_icon='\uf232' data-av_iconfont='entypo-fontello' title='' data-avia-related-tooltip='Compartir en Whatsapp' rel=\"noopener\"><span class='avia_hidden_link_text'>Compartir en Whatsapp<\/span><\/a><\/li><li class='av-share-link av-social-link-linkedin' ><a target=\"_blank\" aria-label=\"Compartir en LinkedIn\" href='https:\/\/linkedin.com\/shareArticle?mini=true&#038;title=Golpe%20al%20narcotr%C3%A1fico%3A%20Desarticulan%20banda%20que%20ingres%C3%B3%203%20kilos%20y%20medio%20de%20coca%C3%ADna%20a%20la%20regi%C3%B3n&#038;url=https:\/\/radiorevelacionfm.cl\/?p=52614' aria-hidden='false' data-av_icon='\ue8fc' data-av_iconfont='entypo-fontello' title='' data-avia-related-tooltip='Compartir en LinkedIn' rel=\"noopener\"><span class='avia_hidden_link_text'>Compartir en LinkedIn<\/span><\/a><\/li><li class='av-share-link av-social-link-mail' ><a  aria-label=\"Compartir por correo\" href='mailto:?subject=Golpe%20al%20narcotr%C3%A1fico%3A%20Desarticulan%20banda%20que%20ingres%C3%B3%203%20kilos%20y%20medio%20de%20coca%C3%ADna%20a%20la%20regi%C3%B3n&#038;body=https:\/\/radiorevelacionfm.cl\/?p=52614' aria-hidden='false' data-av_icon='\ue805' data-av_iconfont='entypo-fontello' title='' data-avia-related-tooltip='Compartir por correo'><span class='avia_hidden_link_text'>Compartir por correo<\/span><\/a><\/li><\/ul><\/div><\/div>\n<div  style='height:50px' class='hr hr-invisible   avia-builder-el-8  el_after_av_social_share  el_before_av_comments_list '><span class='hr-inner ' ><span class='hr-inner-style'><\/span><\/span><\/div>\n<div  class='av-buildercomment  av-blog-meta-html-info-disabled av-blog-meta-tag-disabled  '><\/div>\n","protected":false},"excerpt":{"rendered":"","protected":false},"author":1,"featured_media":52615,"comment_status":"closed","ping_status":"closed","sticky":false,"template":"","format":"standard","meta":{"footnotes":""},"categories":[36],"tags":[],"class_list":["post-52614","post","type-post","status-publish","format-standard","has-post-thumbnail","hentry","category-policial"],"jetpack_featured_media_url":"https:\/\/radiorevelacionfm.cl\/wp-content\/uploads\/2025\/04\/5e2a4c76-7a9e-4cd6-a636-e12960759001-1_optimized.jpg","_links":{"self":[{"href":"https:\/\/radiorevelacionfm.cl\/index.php?rest_route=\/wp\/v2\/posts\/52614","targetHints":{"allow":["GET"]}}],"collection":[{"href":"https:\/\/radiorevelacionfm.cl\/index.php?rest_route=\/wp\/v2\/posts"}],"about":[{"href":"https:\/\/radiorevelacionfm.cl\/index.php?rest_route=\/wp\/v2\/types\/post"}],"author":[{"embeddable":true,"href":"https:\/\/radiorevelacionfm.cl\/index.php?rest_route=\/wp\/v2\/users\/1"}],"replies":[{"embeddable":true,"href":"https:\/\/radiorevelacionfm.cl\/index.php?rest_route=%2Fwp%2Fv2%2Fcomments&post=52614"}],"version-history":[{"count":2,"href":"https:\/\/radiorevelacionfm.cl\/index.php?rest_route=\/wp\/v2\/posts\/52614\/revisions"}],"predecessor-version":[{"id":52617,"href":"https:\/\/radiorevelacionfm.cl\/index.php?rest_route=\/wp\/v2\/posts\/52614\/revisions\/52617"}],"wp:featuredmedia":[{"embeddable":true,"href":"https:\/\/radiorevelacionfm.cl\/index.php?rest_route=\/wp\/v2\/media\/52615"}],"wp:attachment":[{"href":"https:\/\/radiorevelacionfm.cl\/index.php?rest_route=%2Fwp%2Fv2%2Fmedia&parent=52614"}],"wp:term":[{"taxonomy":"category","embeddable":true,"href":"https:\/\/radiorevelacionfm.cl\/index.php?rest_route=%2Fwp%2Fv2%2Fcategories&post=52614"},{"taxonomy":"post_tag","embeddable":true,"href":"https:\/\/radiorevelacionfm.cl\/index.php?rest_route=%2Fwp%2Fv2%2Ftags&post=52614"}],"curies":[{"name":"wp","href":"https:\/\/api.w.org\/{rel}","templated":true}]}}