{"id":52610,"date":"2025-04-13T20:37:22","date_gmt":"2025-04-13T23:37:22","guid":{"rendered":"https:\/\/radiorevelacionfm.cl\/?p=52610"},"modified":"2025-04-13T20:37:22","modified_gmt":"2025-04-13T23:37:22","slug":"con-clase-magistral-sobre-los-desafios-para-el-desarrollo-del-litoral-de-aysen-se-inauguro-ano-academico-2025-en-el-campus-patagonia","status":"publish","type":"post","link":"https:\/\/radiorevelacionfm.cl\/?p=52610","title":{"rendered":"Con Clase Magistral sobre los desaf\u00edos para el desarrollo del litoral de Ays\u00e9n, se inaugur\u00f3 A\u00f1o Acad\u00e9mico 2025 en el Campus Patagonia"},"content":{"rendered":"<div class=\"flex_column av_one_full  flex_column_div av-zero-column-padding first  avia-builder-el-0  el_before_av_one_full  avia-builder-el-first  \" style='border-radius:0px; '><div  class='avia-image-container  av-styling-    avia-builder-el-1  avia-builder-el-no-sibling  avia-align-center '  itemprop=\"image\" itemscope=\"itemscope\" itemtype=\"https:\/\/schema.org\/ImageObject\"  ><div class='avia-image-container-inner'><div class='avia-image-overlay-wrap'><img decoding=\"async\" class='wp-image-52611 avia-img-lazy-loading-not-52611 avia_image' src=\"https:\/\/radiorevelacionfm.cl\/wp-content\/uploads\/2025\/04\/img_6530-1_optimized.jpeg\" alt='' title='img_6530-(1)_optimized' height=\"600\" width=\"800\"  itemprop=\"thumbnailUrl\" srcset=\"https:\/\/radiorevelacionfm.cl\/wp-content\/uploads\/2025\/04\/img_6530-1_optimized.jpeg 800w, https:\/\/radiorevelacionfm.cl\/wp-content\/uploads\/2025\/04\/img_6530-1_optimized-300x225.jpeg 300w, https:\/\/radiorevelacionfm.cl\/wp-content\/uploads\/2025\/04\/img_6530-1_optimized-768x576.jpeg 768w, https:\/\/radiorevelacionfm.cl\/wp-content\/uploads\/2025\/04\/img_6530-1_optimized-705x529.jpeg 705w, https:\/\/radiorevelacionfm.cl\/wp-content\/uploads\/2025\/04\/img_6530-1_optimized-450x338.jpeg 450w, https:\/\/radiorevelacionfm.cl\/wp-content\/uploads\/2025\/04\/img_6530-1_optimized-600x450.jpeg 600w\" sizes=\"(max-width: 800px) 100vw, 800px\" \/><\/div><\/div><\/div><\/div><div class=\"flex_column av_one_full  flex_column_div av-zero-column-padding first  avia-builder-el-2  el_after_av_one_full  el_before_av_one_full  column-top-margin\" style='border-radius:0px; '><section class=\"av_textblock_section \"  itemscope=\"itemscope\" itemtype=\"https:\/\/schema.org\/BlogPosting\" itemprop=\"blogPost\" ><div class='avia_textblock  '   itemprop=\"text\" ><p style=\"text-align: center;\"><span style=\"font-size: 18pt;\"><strong>Con Clase Magistral sobre los desaf\u00edos para el desarrollo del litoral de Ays\u00e9n, se inaugur\u00f3 A\u00f1o Acad\u00e9mico 2025 en el Campus Patagonia<\/strong><\/span><\/p>\n<div id=\"gtx-trans\" style=\"position: absolute; left: -50px; top: 4.31534px;\">\n<div class=\"gtx-trans-icon\"><\/div>\n<\/div>\n<\/div><\/section><\/div><div class=\"flex_column av_one_full  flex_column_div av-zero-column-padding first  avia-builder-el-4  el_after_av_one_full  el_before_av_hr  column-top-margin\" style='border-radius:0px; '><section class=\"av_textblock_section \"  itemscope=\"itemscope\" itemtype=\"https:\/\/schema.org\/BlogPosting\" itemprop=\"blogPost\" ><div class='avia_textblock  '   itemprop=\"text\" ><p style=\"text-align: justify;\"><em>La ceremonia cont\u00f3 con la presencia de todos los estamentos universitarios, autoridades regionales y representantes de diversos sectores productivos de la regi\u00f3n de Ays\u00e9n.<\/em><\/p>\n<p style=\"text-align: justify;\">La Universidad Austral de Chile, Campus Patagonia inici\u00f3 su A\u00f1o Acad\u00e9mico 2025 con una ceremonia en la que estuvieron presentes las principales autoridades universitarias, encabezadas por el Rector Dr. Jos\u00e9 D\u00f6rner Fern\u00e1ndez, acompa\u00f1ado por el Vicerrector Acad\u00e9mico y el Vicerrector de Gesti\u00f3n Econ\u00f3mica y Administrativa, adem\u00e1s de parlamentarios, autoridades regionales, locales e integrantes de la comunidad universitaria de Coyhaique.<\/p>\n<p style=\"text-align: justify;\">En su discurso, el director del Campus Patagonia, Prof. Mario Brito destac\u00f3 que \u201cen Ays\u00e9n varias d\u00e9cadas despu\u00e9s de haber comenzado nuestra presencia en el territorio, seguimos buscando con dedicaci\u00f3n, las mejores formas de hacer realidad nuestra misi\u00f3n institucional, que tiene como horizonte contribuir al progreso espiritual y material de la sociedad, mediante los recursos del saber cient\u00edfico y human\u00edstico, del avance tecnol\u00f3gico y de la creaci\u00f3n art\u00edstica, de acuerdo con los valores de su propia tradici\u00f3n hist\u00f3rica, y de la necesidad de desarrollo sustentable del territorio sur austral y del pa\u00eds. La construcci\u00f3n de v\u00ednculos, afectos, confianza y complicidad es necesaria para cumplir con nuestra misi\u00f3n, que es fundamentalmente creativa y donde debe existir libertad para imaginar, descubrir, explorar y, por qu\u00e9 no, tambi\u00e9n cuestionar valores y creencias\u201d.<\/p>\n<p style=\"text-align: justify;\">Por su parte, el Rector de la UACh, Dr. Jos\u00e9 D\u00f6rner se mostr\u00f3 satisfecho con la ceremonia e indic\u00f3 que \u201cestamos muy contentos de poder estar el d\u00eda de hoy, en la inauguraci\u00f3n del a\u00f1o acad\u00e9mico 2025 del Campus Patagonia, en donde tuvimos la suerte de poder escuchar una muy interesante presentaci\u00f3n del profesor Carlos Molinet, de la sede Puerto Montt de nuestra universidad. Le deseamos a la comunidad del Campus Patagonia, un excelente a\u00f1o 2025 y que sus objetivos acad\u00e9micos se cumplan a cabalidad\u201d.<\/p>\n<p style=\"text-align: justify;\"><strong>Desaf\u00edos para el litoral de Ays\u00e9n <\/strong><\/p>\n<p style=\"text-align: justify;\">El elemento central de esta ceremonia, fue la clase magistral \u201cDesaf\u00edos para el desarrollo del litoral de Ays\u00e9n: El uso de los espacios, cambio ambiental y la paradoja de la competitividad\u201d dictada por el Dr. Caros Molinet Flores, acad\u00e9mico y Director del Instituto de Acuicultura y Medio Ambiente de la Sede Puerto Montt de la Universidad Austral de Chile, quien agradeci\u00f3 la oportunidad de poder participar de esta relevante actividad, \u201cpoder volver a la regi\u00f3n de Ays\u00e9n a participar en esta inauguraci\u00f3n del a\u00f1o acad\u00e9mico de la Universidad Austral de Chile es un privilegio. Pude transmitir ideas y ojal\u00e1 contribuir al desarrollo del conocimiento en la regi\u00f3n. El desaf\u00edo ahora, es que el litoral tiene que reconocerse a s\u00ed mismo. En la regi\u00f3n de Ays\u00e9n, la poblaci\u00f3n se concentra en el lado terrestre, entonces el litoral tiene un potencial productivo muy grande para la zona, pero pienso que la regi\u00f3n no ha sabido resolver c\u00f3mo desarrollarlo y c\u00f3mo hacerlo suyo y por lo tanto lo que ha estado pasando en el litoral de Ays\u00e9n es que contribuye m\u00e1s al desarrollo del litoral de la regi\u00f3n de los lagos que del propio litoral de Ays\u00e9n\u201d.<\/p>\n<\/div><\/section><\/div><div  style='height:50px' class='hr hr-invisible   avia-builder-el-6  el_after_av_one_full  el_before_av_social_share '><span class='hr-inner ' ><span class='hr-inner-style'><\/span><\/span><\/div><\/p>\n<div  class='av-social-sharing-box  avia-builder-el-7  el_after_av_hr  el_before_av_hr  '><div class='av-share-box'><h5 class='av-share-link-description av-no-toc '>Compartir esta noticia<\/h5><ul class='av-share-box-list noLightbox'><li class='av-share-link av-social-link-facebook' ><a target=\"_blank\" aria-label=\"Compartir en Facebook\" href='https:\/\/www.facebook.com\/sharer.php?u=https:\/\/radiorevelacionfm.cl\/?p=52610&#038;t=Con%20Clase%20Magistral%20sobre%20los%20desaf%C3%ADos%20para%20el%20desarrollo%20del%20litoral%20de%20Ays%C3%A9n%2C%20se%20inaugur%C3%B3%20A%C3%B1o%20Acad%C3%A9mico%202025%20en%20el%20Campus%20Patagonia' aria-hidden='false' data-av_icon='\ue8f3' data-av_iconfont='entypo-fontello' title='' data-avia-related-tooltip='Compartir en Facebook' rel=\"noopener\"><span class='avia_hidden_link_text'>Compartir en Facebook<\/span><\/a><\/li><li class='av-share-link av-social-link-twitter' ><a target=\"_blank\" aria-label=\"Compartir en Twitter\" href='https:\/\/twitter.com\/share?text=Con%20Clase%20Magistral%20sobre%20los%20desaf%C3%ADos%20para%20el%20desarrollo%20del%20litoral%20de%20Ays%C3%A9n%2C%20se%20inaugur%C3%B3%20A%C3%B1o%20Acad%C3%A9mico%202025%20en%20el%20Campus%20Patagonia&#038;url=https:\/\/radiorevelacionfm.cl\/?p=52610' aria-hidden='false' data-av_icon='\ue8f1' data-av_iconfont='entypo-fontello' title='' data-avia-related-tooltip='Compartir en Twitter' rel=\"noopener\"><span class='avia_hidden_link_text'>Compartir en Twitter<\/span><\/a><\/li><li class='av-share-link av-social-link-whatsapp' ><a target=\"_blank\" aria-label=\"Compartir en Whatsapp\" href='https:\/\/api.whatsapp.com\/send?text=https:\/\/radiorevelacionfm.cl\/?p=52610' aria-hidden='false' data-av_icon='\uf232' data-av_iconfont='entypo-fontello' title='' data-avia-related-tooltip='Compartir en Whatsapp' rel=\"noopener\"><span class='avia_hidden_link_text'>Compartir en Whatsapp<\/span><\/a><\/li><li class='av-share-link av-social-link-linkedin' ><a target=\"_blank\" aria-label=\"Compartir en LinkedIn\" href='https:\/\/linkedin.com\/shareArticle?mini=true&#038;title=Con%20Clase%20Magistral%20sobre%20los%20desaf%C3%ADos%20para%20el%20desarrollo%20del%20litoral%20de%20Ays%C3%A9n%2C%20se%20inaugur%C3%B3%20A%C3%B1o%20Acad%C3%A9mico%202025%20en%20el%20Campus%20Patagonia&#038;url=https:\/\/radiorevelacionfm.cl\/?p=52610' aria-hidden='false' data-av_icon='\ue8fc' data-av_iconfont='entypo-fontello' title='' data-avia-related-tooltip='Compartir en LinkedIn' rel=\"noopener\"><span class='avia_hidden_link_text'>Compartir en LinkedIn<\/span><\/a><\/li><li class='av-share-link av-social-link-mail' ><a  aria-label=\"Compartir por correo\" href='mailto:?subject=Con%20Clase%20Magistral%20sobre%20los%20desaf%C3%ADos%20para%20el%20desarrollo%20del%20litoral%20de%20Ays%C3%A9n%2C%20se%20inaugur%C3%B3%20A%C3%B1o%20Acad%C3%A9mico%202025%20en%20el%20Campus%20Patagonia&#038;body=https:\/\/radiorevelacionfm.cl\/?p=52610' aria-hidden='false' data-av_icon='\ue805' data-av_iconfont='entypo-fontello' title='' data-avia-related-tooltip='Compartir por correo'><span class='avia_hidden_link_text'>Compartir por correo<\/span><\/a><\/li><\/ul><\/div><\/div>\n<div  style='height:50px' class='hr hr-invisible   avia-builder-el-8  el_after_av_social_share  el_before_av_comments_list '><span class='hr-inner ' ><span class='hr-inner-style'><\/span><\/span><\/div>\n<div  class='av-buildercomment  av-blog-meta-html-info-disabled av-blog-meta-tag-disabled  '><\/div>\n","protected":false},"excerpt":{"rendered":"","protected":false},"author":1,"featured_media":52611,"comment_status":"closed","ping_status":"closed","sticky":false,"template":"","format":"standard","meta":{"footnotes":""},"categories":[49],"tags":[],"class_list":["post-52610","post","type-post","status-publish","format-standard","has-post-thumbnail","hentry","category-educacion"],"jetpack_featured_media_url":"https:\/\/radiorevelacionfm.cl\/wp-content\/uploads\/2025\/04\/img_6530-1_optimized.jpeg","_links":{"self":[{"href":"https:\/\/radiorevelacionfm.cl\/index.php?rest_route=\/wp\/v2\/posts\/52610","targetHints":{"allow":["GET"]}}],"collection":[{"href":"https:\/\/radiorevelacionfm.cl\/index.php?rest_route=\/wp\/v2\/posts"}],"about":[{"href":"https:\/\/radiorevelacionfm.cl\/index.php?rest_route=\/wp\/v2\/types\/post"}],"author":[{"embeddable":true,"href":"https:\/\/radiorevelacionfm.cl\/index.php?rest_route=\/wp\/v2\/users\/1"}],"replies":[{"embeddable":true,"href":"https:\/\/radiorevelacionfm.cl\/index.php?rest_route=%2Fwp%2Fv2%2Fcomments&post=52610"}],"version-history":[{"count":2,"href":"https:\/\/radiorevelacionfm.cl\/index.php?rest_route=\/wp\/v2\/posts\/52610\/revisions"}],"predecessor-version":[{"id":52613,"href":"https:\/\/radiorevelacionfm.cl\/index.php?rest_route=\/wp\/v2\/posts\/52610\/revisions\/52613"}],"wp:featuredmedia":[{"embeddable":true,"href":"https:\/\/radiorevelacionfm.cl\/index.php?rest_route=\/wp\/v2\/media\/52611"}],"wp:attachment":[{"href":"https:\/\/radiorevelacionfm.cl\/index.php?rest_route=%2Fwp%2Fv2%2Fmedia&parent=52610"}],"wp:term":[{"taxonomy":"category","embeddable":true,"href":"https:\/\/radiorevelacionfm.cl\/index.php?rest_route=%2Fwp%2Fv2%2Fcategories&post=52610"},{"taxonomy":"post_tag","embeddable":true,"href":"https:\/\/radiorevelacionfm.cl\/index.php?rest_route=%2Fwp%2Fv2%2Ftags&post=52610"}],"curies":[{"name":"wp","href":"https:\/\/api.w.org\/{rel}","templated":true}]}}