{"id":52606,"date":"2025-04-14T10:02:10","date_gmt":"2025-04-14T13:02:10","guid":{"rendered":"https:\/\/radiorevelacionfm.cl\/?p=52606"},"modified":"2025-04-14T10:37:42","modified_gmt":"2025-04-14T13:37:42","slug":"concejal-vera-urge-definir-administracion-del-centro-de-sky-el-fraile-y-proyectar-su-futuro","status":"publish","type":"post","link":"https:\/\/radiorevelacionfm.cl\/?p=52606","title":{"rendered":"Concejal Vera: Urge definir administraci\u00f3n del Centro de Ski El Fraile y proyectar su futuro"},"content":{"rendered":"<div class=\"flex_column av_one_full  flex_column_div av-zero-column-padding first  avia-builder-el-0  el_before_av_one_full  avia-builder-el-first  \" style='border-radius:0px; '><div  class='avia-image-container  av-styling-    avia-builder-el-1  avia-builder-el-no-sibling  avia-align-center '  itemprop=\"image\" itemscope=\"itemscope\" itemtype=\"https:\/\/schema.org\/ImageObject\"  ><div class='avia-image-container-inner'><div class='avia-image-overlay-wrap'><img decoding=\"async\" class='wp-image-52607 avia-img-lazy-loading-not-52607 avia_image' src=\"https:\/\/radiorevelacionfm.cl\/wp-content\/uploads\/2025\/04\/img-02-1_optimized.jpeg\" alt='' title='img-02-(1)_optimized' height=\"600\" width=\"800\"  itemprop=\"thumbnailUrl\" srcset=\"https:\/\/radiorevelacionfm.cl\/wp-content\/uploads\/2025\/04\/img-02-1_optimized.jpeg 800w, https:\/\/radiorevelacionfm.cl\/wp-content\/uploads\/2025\/04\/img-02-1_optimized-300x225.jpeg 300w, https:\/\/radiorevelacionfm.cl\/wp-content\/uploads\/2025\/04\/img-02-1_optimized-768x576.jpeg 768w, https:\/\/radiorevelacionfm.cl\/wp-content\/uploads\/2025\/04\/img-02-1_optimized-705x529.jpeg 705w, https:\/\/radiorevelacionfm.cl\/wp-content\/uploads\/2025\/04\/img-02-1_optimized-450x338.jpeg 450w, https:\/\/radiorevelacionfm.cl\/wp-content\/uploads\/2025\/04\/img-02-1_optimized-600x450.jpeg 600w\" sizes=\"(max-width: 800px) 100vw, 800px\" \/><\/div><\/div><\/div><\/div>\n<div class=\"flex_column av_one_full  flex_column_div av-zero-column-padding first  avia-builder-el-2  el_after_av_one_full  el_before_av_one_full  column-top-margin\" style='border-radius:0px; '><section class=\"av_textblock_section \"  itemscope=\"itemscope\" itemtype=\"https:\/\/schema.org\/BlogPosting\" itemprop=\"blogPost\" ><div class='avia_textblock  '   itemprop=\"text\" ><p style=\"text-align: center;\"><strong><span style=\"font-size: 18pt;\">Concejal Vera: Urge definir administraci\u00f3n del Centro de Ski El Fraile y proyectar su futuro<\/span><\/strong><\/p>\n<div id=\"gtx-trans\" style=\"position: absolute; left: -50px; top: 4.31534px;\">\n<div class=\"gtx-trans-icon\"><\/div>\n<\/div>\n<\/div><\/section><\/div><div class=\"flex_column av_one_full  flex_column_div av-zero-column-padding first  avia-builder-el-4  el_after_av_one_full  el_before_av_hr  column-top-margin\" style='border-radius:0px; '><section class=\"av_textblock_section \"  itemscope=\"itemscope\" itemtype=\"https:\/\/schema.org\/BlogPosting\" itemprop=\"blogPost\" ><div class='avia_textblock  '   itemprop=\"text\" ><div>\n<p dir=\"ltr\" style=\"text-align: justify;\">En un momento clave para el futuro del Centro de Ski El Fraile, el Concejo Municipal de Coyhaique, en conjunto con el Instituto Nacional del Deporte (IND), la Seremi del Deporte, la Corporaci\u00f3n Municipal de Deportes y los clubes deportivos locales, se encuentra evaluando seriamente la posibilidad de una administraci\u00f3n delegada a trav\u00e9s de nuestra Corporaci\u00f3n Municipal de Deportes.<\/p>\n<p dir=\"ltr\" style=\"text-align: justify;\">Como presidente de la Comisi\u00f3n de Deportes del Concejo Municipal, el concejal Sebasti\u00e1n Vera ha liderado una serie de reuniones con los clubes asociados al centro, recogiendo sus inquietudes, propuestas y urgencias de cara a la inminente temporada de invierno. \u201cNo es una conversaci\u00f3n que comience hoy. Este fin de semana tuvimos una importante reuni\u00f3n con el Alcalde, el IND, la Seremi del Deporte y parte del Concejo. Existe una preocupaci\u00f3n transversal por asegurar la continuidad de las actividades deportivas este invierno, y hoy la \u00fanica alternativa real es que la Corporaci\u00f3n Municipal asuma esta responsabilidad mediante una administraci\u00f3n delegada\u201d, se\u00f1al\u00f3 Vera.<\/p>\n<p dir=\"ltr\" style=\"text-align: justify;\">Actualmente, la Corporaci\u00f3n Municipal de Deportes est\u00e1 trabajando en levantar los costos asociados a una eventual administraci\u00f3n, mientras al interior del Concejo Municipal se desarrollan conversaciones necesarias para enfrentar una decisi\u00f3n que, de concretarse, requerir\u00e1 tambi\u00e9n un compromiso de inversi\u00f3n municipal.<\/p>\n<p dir=\"ltr\" style=\"text-align: justify;\">\u201cEl tiempo apremia. Cada d\u00eda que pasa se acerca m\u00e1s la apertura de la temporada, y como Concejo entendemos que esta decisi\u00f3n debe tomarse con responsabilidad, pero tambi\u00e9n con sentido de urgencia. Hay voluntad y preocupaci\u00f3n de todos los sectores para sacar esto adelante, y es por eso que nos hemos reunido con todos los actores involucrados\u201d, agreg\u00f3.<\/p>\n<p dir=\"ltr\" style=\"text-align: justify;\">Pero m\u00e1s all\u00e1 de esta medida inmediata, tambi\u00e9n urge una visi\u00f3n a largo plazo. En ese sentido, Vera no dud\u00f3 en plantear que debe abrirse una discusi\u00f3n seria sobre el futuro del centro, de cara al centenario de Coyhaique: una administraci\u00f3n privada que, con garant\u00edas m\u00ednimas, proyecte un modelo sustentable, profesional y con integraci\u00f3n social, a trav\u00e9s de una concesi\u00f3n de al menos 20 a\u00f1os.<\/p>\n<p dir=\"ltr\" style=\"text-align: justify;\">\u201cEl Centro de Ski El Fraile es un activo regional invaluable, a solo 29 km de Coyhaique. El IND, como propietario de las 783 hect\u00e1reas donde se emplaza, debe entregar certezas jur\u00eddicas que permitan que el centro crezca, se potencie y deje de depender exclusivamente de recursos p\u00fablicos. La falta hist\u00f3rica de inversi\u00f3n del Estado hace necesario considerar seriamente el rol del mundo privado, con condiciones claras para que se pueda invertir, recuperar y generar impacto en la comunidad\u201d, puntualiz\u00f3 el concejal.<\/p>\n<p dir=\"ltr\" style=\"text-align: justify;\">Coyhaique tiene la oportunidad de consolidar un centro de monta\u00f1a con funcionamiento todo el a\u00f1o, aportando al turismo, al deporte, y al desarrollo econ\u00f3mico local. \u201cLa administraci\u00f3n delegada es hoy la urgencia. Pero el futuro debe pensarse en grande, con mirada estrat\u00e9gica, comunitaria y sostenible\u201d, concluy\u00f3 Vera.<\/p>\n<\/div>\n<\/div><\/section><\/div><\/p>\n<div  style='height:50px' class='hr hr-invisible   avia-builder-el-6  el_after_av_one_full  el_before_av_social_share '><span class='hr-inner ' ><span class='hr-inner-style'><\/span><\/span><\/div>\n<div  class='av-social-sharing-box  avia-builder-el-7  el_after_av_hr  el_before_av_hr  '><div class='av-share-box'><h5 class='av-share-link-description av-no-toc '>Compartir esta noticia<\/h5><ul class='av-share-box-list noLightbox'><li class='av-share-link av-social-link-facebook' ><a target=\"_blank\" aria-label=\"Compartir en Facebook\" href='https:\/\/www.facebook.com\/sharer.php?u=https:\/\/radiorevelacionfm.cl\/?p=52606&#038;t=Concejal%20Vera%3A%20Urge%20definir%20administraci%C3%B3n%20del%20Centro%20de%20Ski%20El%20Fraile%20y%20proyectar%20su%20futuro' aria-hidden='false' data-av_icon='\ue8f3' data-av_iconfont='entypo-fontello' title='' data-avia-related-tooltip='Compartir en Facebook' rel=\"noopener\"><span class='avia_hidden_link_text'>Compartir en Facebook<\/span><\/a><\/li><li class='av-share-link av-social-link-twitter' ><a target=\"_blank\" aria-label=\"Compartir en Twitter\" href='https:\/\/twitter.com\/share?text=Concejal%20Vera%3A%20Urge%20definir%20administraci%C3%B3n%20del%20Centro%20de%20Ski%20El%20Fraile%20y%20proyectar%20su%20futuro&#038;url=https:\/\/radiorevelacionfm.cl\/?p=52606' aria-hidden='false' data-av_icon='\ue8f1' data-av_iconfont='entypo-fontello' title='' data-avia-related-tooltip='Compartir en Twitter' rel=\"noopener\"><span class='avia_hidden_link_text'>Compartir en Twitter<\/span><\/a><\/li><li class='av-share-link av-social-link-whatsapp' ><a target=\"_blank\" aria-label=\"Compartir en Whatsapp\" href='https:\/\/api.whatsapp.com\/send?text=https:\/\/radiorevelacionfm.cl\/?p=52606' aria-hidden='false' data-av_icon='\uf232' data-av_iconfont='entypo-fontello' title='' data-avia-related-tooltip='Compartir en Whatsapp' rel=\"noopener\"><span class='avia_hidden_link_text'>Compartir en Whatsapp<\/span><\/a><\/li><li class='av-share-link av-social-link-linkedin' ><a target=\"_blank\" aria-label=\"Compartir en LinkedIn\" href='https:\/\/linkedin.com\/shareArticle?mini=true&#038;title=Concejal%20Vera%3A%20Urge%20definir%20administraci%C3%B3n%20del%20Centro%20de%20Ski%20El%20Fraile%20y%20proyectar%20su%20futuro&#038;url=https:\/\/radiorevelacionfm.cl\/?p=52606' aria-hidden='false' data-av_icon='\ue8fc' data-av_iconfont='entypo-fontello' title='' data-avia-related-tooltip='Compartir en LinkedIn' rel=\"noopener\"><span class='avia_hidden_link_text'>Compartir en LinkedIn<\/span><\/a><\/li><li class='av-share-link av-social-link-mail' ><a  aria-label=\"Compartir por correo\" href='mailto:?subject=Concejal%20Vera%3A%20Urge%20definir%20administraci%C3%B3n%20del%20Centro%20de%20Ski%20El%20Fraile%20y%20proyectar%20su%20futuro&#038;body=https:\/\/radiorevelacionfm.cl\/?p=52606' aria-hidden='false' data-av_icon='\ue805' data-av_iconfont='entypo-fontello' title='' data-avia-related-tooltip='Compartir por correo'><span class='avia_hidden_link_text'>Compartir por correo<\/span><\/a><\/li><\/ul><\/div><\/div>\n<div  style='height:50px' class='hr hr-invisible   avia-builder-el-8  el_after_av_social_share  el_before_av_comments_list '><span class='hr-inner ' ><span class='hr-inner-style'><\/span><\/span><\/div>\n<div  class='av-buildercomment  av-blog-meta-html-info-disabled av-blog-meta-tag-disabled  '><\/div>\n","protected":false},"excerpt":{"rendered":"","protected":false},"author":1,"featured_media":52607,"comment_status":"closed","ping_status":"closed","sticky":false,"template":"","format":"standard","meta":{"footnotes":""},"categories":[38],"tags":[],"class_list":["post-52606","post","type-post","status-publish","format-standard","has-post-thumbnail","hentry","category-regional"],"jetpack_featured_media_url":"https:\/\/radiorevelacionfm.cl\/wp-content\/uploads\/2025\/04\/img-02-1_optimized.jpeg","_links":{"self":[{"href":"https:\/\/radiorevelacionfm.cl\/index.php?rest_route=\/wp\/v2\/posts\/52606","targetHints":{"allow":["GET"]}}],"collection":[{"href":"https:\/\/radiorevelacionfm.cl\/index.php?rest_route=\/wp\/v2\/posts"}],"about":[{"href":"https:\/\/radiorevelacionfm.cl\/index.php?rest_route=\/wp\/v2\/types\/post"}],"author":[{"embeddable":true,"href":"https:\/\/radiorevelacionfm.cl\/index.php?rest_route=\/wp\/v2\/users\/1"}],"replies":[{"embeddable":true,"href":"https:\/\/radiorevelacionfm.cl\/index.php?rest_route=%2Fwp%2Fv2%2Fcomments&post=52606"}],"version-history":[{"count":3,"href":"https:\/\/radiorevelacionfm.cl\/index.php?rest_route=\/wp\/v2\/posts\/52606\/revisions"}],"predecessor-version":[{"id":52618,"href":"https:\/\/radiorevelacionfm.cl\/index.php?rest_route=\/wp\/v2\/posts\/52606\/revisions\/52618"}],"wp:featuredmedia":[{"embeddable":true,"href":"https:\/\/radiorevelacionfm.cl\/index.php?rest_route=\/wp\/v2\/media\/52607"}],"wp:attachment":[{"href":"https:\/\/radiorevelacionfm.cl\/index.php?rest_route=%2Fwp%2Fv2%2Fmedia&parent=52606"}],"wp:term":[{"taxonomy":"category","embeddable":true,"href":"https:\/\/radiorevelacionfm.cl\/index.php?rest_route=%2Fwp%2Fv2%2Fcategories&post=52606"},{"taxonomy":"post_tag","embeddable":true,"href":"https:\/\/radiorevelacionfm.cl\/index.php?rest_route=%2Fwp%2Fv2%2Ftags&post=52606"}],"curies":[{"name":"wp","href":"https:\/\/api.w.org\/{rel}","templated":true}]}}