{"id":52602,"date":"2025-04-13T17:46:11","date_gmt":"2025-04-13T20:46:11","guid":{"rendered":"https:\/\/radiorevelacionfm.cl\/?p=52602"},"modified":"2025-04-13T17:46:11","modified_gmt":"2025-04-13T20:46:11","slug":"slep-aysen-inaugura-primera-oficina-local-en-el-territorio-chelenko","status":"publish","type":"post","link":"https:\/\/radiorevelacionfm.cl\/?p=52602","title":{"rendered":"SLEP Ays\u00e9n inaugura primera oficina local en el Territorio Chelenko"},"content":{"rendered":"<div class=\"flex_column av_one_full  flex_column_div av-zero-column-padding first  avia-builder-el-0  el_before_av_one_full  avia-builder-el-first  \" style='border-radius:0px; '><div  class='avia-image-container  av-styling-    avia-builder-el-1  avia-builder-el-no-sibling  avia-align-center '  itemprop=\"image\" itemscope=\"itemscope\" itemtype=\"https:\/\/schema.org\/ImageObject\"  ><div class='avia-image-container-inner'><div class='avia-image-overlay-wrap'><img decoding=\"async\" class='wp-image-52603 avia-img-lazy-loading-not-52603 avia_image' src=\"https:\/\/radiorevelacionfm.cl\/wp-content\/uploads\/2025\/04\/1-2025-04-13t153942_optimized_optimized.761-1-1.jpg\" alt='' title='1 - - 2025-04-13t153942_optimized_optimized.761-(1)-(1)' height=\"620\" width=\"801\"  itemprop=\"thumbnailUrl\" srcset=\"https:\/\/radiorevelacionfm.cl\/wp-content\/uploads\/2025\/04\/1-2025-04-13t153942_optimized_optimized.761-1-1.jpg 801w, https:\/\/radiorevelacionfm.cl\/wp-content\/uploads\/2025\/04\/1-2025-04-13t153942_optimized_optimized.761-1-1-300x232.jpg 300w, https:\/\/radiorevelacionfm.cl\/wp-content\/uploads\/2025\/04\/1-2025-04-13t153942_optimized_optimized.761-1-1-768x594.jpg 768w, https:\/\/radiorevelacionfm.cl\/wp-content\/uploads\/2025\/04\/1-2025-04-13t153942_optimized_optimized.761-1-1-705x546.jpg 705w, https:\/\/radiorevelacionfm.cl\/wp-content\/uploads\/2025\/04\/1-2025-04-13t153942_optimized_optimized.761-1-1-450x348.jpg 450w, https:\/\/radiorevelacionfm.cl\/wp-content\/uploads\/2025\/04\/1-2025-04-13t153942_optimized_optimized.761-1-1-600x464.jpg 600w\" sizes=\"(max-width: 801px) 100vw, 801px\" \/><\/div><\/div><\/div><\/div><div class=\"flex_column av_one_full  flex_column_div av-zero-column-padding first  avia-builder-el-2  el_after_av_one_full  el_before_av_one_full  column-top-margin\" style='border-radius:0px; '><section class=\"av_textblock_section \"  itemscope=\"itemscope\" itemtype=\"https:\/\/schema.org\/BlogPosting\" itemprop=\"blogPost\" ><div class='avia_textblock  '   itemprop=\"text\" ><p style=\"text-align: center;\"><strong><span style=\"font-size: 18pt;\">SLEP Ays\u00e9n inaugura primera oficina local en el Territorio Chelenko<\/span><\/strong><\/p>\n<div id=\"gtx-trans\" style=\"position: absolute; left: -50px; top: 4.31534px;\">\n<div class=\"gtx-trans-icon\"><\/div>\n<\/div>\n<\/div><\/section><\/div><div class=\"flex_column av_one_full  flex_column_div av-zero-column-padding first  avia-builder-el-4  el_after_av_one_full  el_before_av_hr  column-top-margin\" style='border-radius:0px; '><section class=\"av_textblock_section \"  itemscope=\"itemscope\" itemtype=\"https:\/\/schema.org\/BlogPosting\" itemprop=\"blogPost\" ><div class='avia_textblock  '   itemprop=\"text\" ><p style=\"text-align: justify;\">Con la participaci\u00f3n de autoridades regionales, comunales y representantes de las comunidades educativas, el Servicio Local de Educaci\u00f3n P\u00fablica (SLEP) de Ays\u00e9n inaugur\u00f3 el pasado viernes la primera oficina local del Territorio Chelenko. Ubicada en la ciudad de Chile Chico, esta oficina tendr\u00e1 la misi\u00f3n de atender y coordinar las acciones educativas en las localidades de Cerro Castillo, Puerto Ib\u00e1\u00f1ez, Puerto S\u00e1nchez, Chile Chico, Mall\u00edn Grande, Puerto Guadal, Puerto Tranquilo y Bah\u00eda Murta.<\/p>\n<p style=\"text-align: justify;\">La nueva oficina est\u00e1 conformada por la coordinadora Tamara Vera y los dos gestores territoriales Jorge Pillancari y Juan Haro, quienes contar\u00e1n con el respaldo de asesores t\u00e9cnicos pedag\u00f3gicos, adem\u00e1s de profesionales encargados de mantenimiento y compras.<\/p>\n<p style=\"text-align: justify;\">Esta iniciativa busca fortalecer la educaci\u00f3n p\u00fablica desde un enfoque contextualizado, pertinente y cercano a las realidades locales, permitiendo una atenci\u00f3n m\u00e1s \u00e1gil y eficiente a los requerimientos de los diez establecimientos que conforman este territorio. As\u00ed, se facilitar\u00e1n los procesos administrativos, pedag\u00f3gicos y log\u00edsticos en cada comunidad educativa.<\/p>\n<p style=\"text-align: justify;\">Sobre este importante avance, el director ejecutivo del SLEP Ays\u00e9n, Sebasti\u00e1n Gonz\u00e1lez Rogers, se\u00f1al\u00f3: \u201cHoy estamos cumpliendo un sue\u00f1o y un compromiso a la vez, de estar m\u00e1s cerca de las comunidades educativas. Estamos inaugurando oficialmente la oficina local del territorio Chelenko que une a las comunas de Ib\u00e1\u00f1ez y Chile Chico, y esto lo hacemos con la convicci\u00f3n de que la educaci\u00f3n p\u00fablica en Ays\u00e9n la construimos entre todos y todas. Cada comunidad educativa tiene que liderar sus procesos, pero como servicio local tenemos que estar ah\u00ed apoyando a nuestros docentes, asistentes de la educaci\u00f3n, a los padres y apoderados y principalmente poniendo el foco en los aprendizajes de nuestros estudiantes\u201d.<\/p>\n<p style=\"text-align: justify;\">Durante la ceremonia tambi\u00e9n se firm\u00f3 un convenio de colaboraci\u00f3n entre la Municipalidad de Chile Chico y el SLEP Ays\u00e9n, con el fin de trabajar en conjunto por el bienestar y desarrollo educativo de ni\u00f1os, ni\u00f1as y j\u00f3venes del territorio. En este contexto, Gonz\u00e1lez a\u00f1adi\u00f3: \u201cEsto es una se\u00f1al clara que en esta regi\u00f3n vamos a trabajar en conjunto por la educaci\u00f3n, donde los municipios quiz\u00e1s ya no administran la educaci\u00f3n, pero son actores relevantes apoyando los proyectos educativos porque los establecimientos educacionales son el coraz\u00f3n de nuestras comunas\u201d.<\/p>\n<p style=\"text-align: justify;\">Por su parte, el alcalde de Chile Chico, Ariel Keim Hermosilla, destac\u00f3: \u201cLa apertura de la oficina Chelenko viene a fortalecer la red de educaci\u00f3n p\u00fablica regional con esta oficina que estar\u00e1 a cargo de los establecimientos de la Provincia General Carrera y que es un compromiso que ten\u00eda el SLEP que se ha cumplido el d\u00eda de hoy. El municipio de manera complementaria hemos reforzado con un segundo hito muy importante que tiene relaci\u00f3n con la firma de este convenio de colaboraci\u00f3n entregando la se\u00f1al a la comunidad que la educaci\u00f3n no est\u00e1 lejana al municipio sino muy por el contrario; hoy d\u00eda desde nuestra administraci\u00f3n impulsamos una pol\u00edtica de trabajo en conjunto con el servicio local, con el objetivo de robustecer este convenio en beneficio de cada uno de los y las estudiantes y de sus familias. Tenemos grandes desaf\u00edos, pero sabemos que este convenio ser\u00e1 la hoja de ruta que va a permitir llegar con esos beneficios a nuestras comunidades educativas\u201d.<\/p>\n<p style=\"text-align: justify;\">La inauguraci\u00f3n de esta oficina representa un hito significativo para el SLEP Ays\u00e9n, ya que responde a una necesidad planteada desde sus inicios: brindar atenci\u00f3n oportuna y contextualizada a las comunidades educativas, considerando las particularidades geogr\u00e1ficas, de conectividad y distancia que caracterizan a la regi\u00f3n.<\/p>\n<p style=\"text-align: justify;\">En total, se proyecta la instalaci\u00f3n de cinco oficinas locales. A la recientemente inaugurada del Territorio Chelenko se suman las del Territorio Ays\u00e9n, ubicada en Puerto Ays\u00e9n, y la del Territorio Baker, con sede en Cochrane, que atender\u00e1 tambi\u00e9n a las comunas de Tortel y O\u2019Higgins. Ambas ya cuentan con sus respectivos coordinadores y espacios f\u00edsicos. Pr\u00f3ximamente, se sumar\u00e1n las oficinas de los Territorios Queulat y R\u00edo Cisnes, que dar\u00e1n cobertura a los establecimientos educacionales de la zona norte de la regi\u00f3n de Ays\u00e9n.<\/p>\n<\/div><\/section><\/div><div  style='height:50px' class='hr hr-invisible   avia-builder-el-6  el_after_av_one_full  el_before_av_social_share '><span class='hr-inner ' ><span class='hr-inner-style'><\/span><\/span><\/div><\/p>\n<div  class='av-social-sharing-box  avia-builder-el-7  el_after_av_hr  el_before_av_hr  '><div class='av-share-box'><h5 class='av-share-link-description av-no-toc '>Compartir esta noticia<\/h5><ul class='av-share-box-list noLightbox'><li class='av-share-link av-social-link-facebook' ><a target=\"_blank\" aria-label=\"Compartir en Facebook\" href='https:\/\/www.facebook.com\/sharer.php?u=https:\/\/radiorevelacionfm.cl\/?p=52602&#038;t=SLEP%20Ays%C3%A9n%20inaugura%20primera%20oficina%20local%20en%20el%20Territorio%20Chelenko' aria-hidden='false' data-av_icon='\ue8f3' data-av_iconfont='entypo-fontello' title='' data-avia-related-tooltip='Compartir en Facebook' rel=\"noopener\"><span class='avia_hidden_link_text'>Compartir en Facebook<\/span><\/a><\/li><li class='av-share-link av-social-link-twitter' ><a target=\"_blank\" aria-label=\"Compartir en Twitter\" href='https:\/\/twitter.com\/share?text=SLEP%20Ays%C3%A9n%20inaugura%20primera%20oficina%20local%20en%20el%20Territorio%20Chelenko&#038;url=https:\/\/radiorevelacionfm.cl\/?p=52602' aria-hidden='false' data-av_icon='\ue8f1' data-av_iconfont='entypo-fontello' title='' data-avia-related-tooltip='Compartir en Twitter' rel=\"noopener\"><span class='avia_hidden_link_text'>Compartir en Twitter<\/span><\/a><\/li><li class='av-share-link av-social-link-whatsapp' ><a target=\"_blank\" aria-label=\"Compartir en Whatsapp\" href='https:\/\/api.whatsapp.com\/send?text=https:\/\/radiorevelacionfm.cl\/?p=52602' aria-hidden='false' data-av_icon='\uf232' data-av_iconfont='entypo-fontello' title='' data-avia-related-tooltip='Compartir en Whatsapp' rel=\"noopener\"><span class='avia_hidden_link_text'>Compartir en Whatsapp<\/span><\/a><\/li><li class='av-share-link av-social-link-linkedin' ><a target=\"_blank\" aria-label=\"Compartir en LinkedIn\" href='https:\/\/linkedin.com\/shareArticle?mini=true&#038;title=SLEP%20Ays%C3%A9n%20inaugura%20primera%20oficina%20local%20en%20el%20Territorio%20Chelenko&#038;url=https:\/\/radiorevelacionfm.cl\/?p=52602' aria-hidden='false' data-av_icon='\ue8fc' data-av_iconfont='entypo-fontello' title='' data-avia-related-tooltip='Compartir en LinkedIn' rel=\"noopener\"><span class='avia_hidden_link_text'>Compartir en LinkedIn<\/span><\/a><\/li><li class='av-share-link av-social-link-mail' ><a  aria-label=\"Compartir por correo\" href='mailto:?subject=SLEP%20Ays%C3%A9n%20inaugura%20primera%20oficina%20local%20en%20el%20Territorio%20Chelenko&#038;body=https:\/\/radiorevelacionfm.cl\/?p=52602' aria-hidden='false' data-av_icon='\ue805' data-av_iconfont='entypo-fontello' title='' data-avia-related-tooltip='Compartir por correo'><span class='avia_hidden_link_text'>Compartir por correo<\/span><\/a><\/li><\/ul><\/div><\/div>\n<div  style='height:50px' class='hr hr-invisible   avia-builder-el-8  el_after_av_social_share  el_before_av_comments_list '><span class='hr-inner ' ><span class='hr-inner-style'><\/span><\/span><\/div>\n<div  class='av-buildercomment  av-blog-meta-html-info-disabled av-blog-meta-tag-disabled  '><\/div>\n","protected":false},"excerpt":{"rendered":"","protected":false},"author":1,"featured_media":52603,"comment_status":"closed","ping_status":"closed","sticky":false,"template":"","format":"standard","meta":{"footnotes":""},"categories":[49],"tags":[],"class_list":["post-52602","post","type-post","status-publish","format-standard","has-post-thumbnail","hentry","category-educacion"],"jetpack_featured_media_url":"https:\/\/radiorevelacionfm.cl\/wp-content\/uploads\/2025\/04\/1-2025-04-13t153942_optimized_optimized.761-1-1.jpg","_links":{"self":[{"href":"https:\/\/radiorevelacionfm.cl\/index.php?rest_route=\/wp\/v2\/posts\/52602","targetHints":{"allow":["GET"]}}],"collection":[{"href":"https:\/\/radiorevelacionfm.cl\/index.php?rest_route=\/wp\/v2\/posts"}],"about":[{"href":"https:\/\/radiorevelacionfm.cl\/index.php?rest_route=\/wp\/v2\/types\/post"}],"author":[{"embeddable":true,"href":"https:\/\/radiorevelacionfm.cl\/index.php?rest_route=\/wp\/v2\/users\/1"}],"replies":[{"embeddable":true,"href":"https:\/\/radiorevelacionfm.cl\/index.php?rest_route=%2Fwp%2Fv2%2Fcomments&post=52602"}],"version-history":[{"count":2,"href":"https:\/\/radiorevelacionfm.cl\/index.php?rest_route=\/wp\/v2\/posts\/52602\/revisions"}],"predecessor-version":[{"id":52609,"href":"https:\/\/radiorevelacionfm.cl\/index.php?rest_route=\/wp\/v2\/posts\/52602\/revisions\/52609"}],"wp:featuredmedia":[{"embeddable":true,"href":"https:\/\/radiorevelacionfm.cl\/index.php?rest_route=\/wp\/v2\/media\/52603"}],"wp:attachment":[{"href":"https:\/\/radiorevelacionfm.cl\/index.php?rest_route=%2Fwp%2Fv2%2Fmedia&parent=52602"}],"wp:term":[{"taxonomy":"category","embeddable":true,"href":"https:\/\/radiorevelacionfm.cl\/index.php?rest_route=%2Fwp%2Fv2%2Fcategories&post=52602"},{"taxonomy":"post_tag","embeddable":true,"href":"https:\/\/radiorevelacionfm.cl\/index.php?rest_route=%2Fwp%2Fv2%2Ftags&post=52602"}],"curies":[{"name":"wp","href":"https:\/\/api.w.org\/{rel}","templated":true}]}}