{"id":5260,"date":"2021-06-15T11:19:03","date_gmt":"2021-06-15T14:19:03","guid":{"rendered":"https:\/\/radiorevelacionfm.cl\/?p=5260"},"modified":"2021-06-15T11:19:03","modified_gmt":"2021-06-15T14:19:03","slug":"mas-de-11-mil-animales-han-sido-atendidos-gracias-al-componente-sanitario-del-programa-ovino-que-ejecuta-el-sag","status":"publish","type":"post","link":"https:\/\/radiorevelacionfm.cl\/?p=5260","title":{"rendered":"M\u00e1s de 11 mil animales han sido atendidos gracias al componente sanitario del Programa Ovino que ejecuta el SAG"},"content":{"rendered":"<div class=\"flex_column av_one_full  flex_column_div av-zero-column-padding first  avia-builder-el-0  el_before_av_one_full  avia-builder-el-first  \" style='border-radius:0px; '><div  class='avia-image-container  av-styling-    avia-builder-el-1  avia-builder-el-no-sibling  avia-align-center '  itemprop=\"image\" itemscope=\"itemscope\" itemtype=\"https:\/\/schema.org\/ImageObject\"  ><div class='avia-image-container-inner'><div class='avia-image-overlay-wrap'><img decoding=\"async\" class='wp-image-5261 avia-img-lazy-loading-not-5261 avia_image' src=\"https:\/\/radiorevelacionfm.cl\/wp-content\/uploads\/2021\/06\/SAG-20210514-WA0057-1-1.jpg\" alt='' title='SAG-20210514-WA0057 (1) (1)' height=\"600\" width=\"899\"  itemprop=\"thumbnailUrl\" srcset=\"https:\/\/radiorevelacionfm.cl\/wp-content\/uploads\/2021\/06\/SAG-20210514-WA0057-1-1.jpg 899w, https:\/\/radiorevelacionfm.cl\/wp-content\/uploads\/2021\/06\/SAG-20210514-WA0057-1-1-300x200.jpg 300w, https:\/\/radiorevelacionfm.cl\/wp-content\/uploads\/2021\/06\/SAG-20210514-WA0057-1-1-768x513.jpg 768w, https:\/\/radiorevelacionfm.cl\/wp-content\/uploads\/2021\/06\/SAG-20210514-WA0057-1-1-705x471.jpg 705w, https:\/\/radiorevelacionfm.cl\/wp-content\/uploads\/2021\/06\/SAG-20210514-WA0057-1-1-600x400.jpg 600w\" sizes=\"(max-width: 899px) 100vw, 899px\" \/><\/div><\/div><\/div><\/div><div class=\"flex_column av_one_full  flex_column_div av-zero-column-padding first  avia-builder-el-2  el_after_av_one_full  el_before_av_one_full  column-top-margin\" style='border-radius:0px; '><section class=\"av_textblock_section \"  itemscope=\"itemscope\" itemtype=\"https:\/\/schema.org\/BlogPosting\" itemprop=\"blogPost\" ><div class='avia_textblock  '   itemprop=\"text\" ><p style=\"text-align: center;\"><strong><span style=\"font-size: 18pt;\">M\u00e1s de 11 mil animales han sido atendidos gracias al componente sanitario del Programa Ovino que ejecuta el SAG<\/span><\/strong><\/p>\n<div id=\"gtx-trans\" style=\"position: absolute; left: -50px; top: 4.31534px;\">\n<div class=\"gtx-trans-icon\"><\/div>\n<\/div>\n<\/div><\/section><\/div><div class=\"flex_column av_one_full  flex_column_div av-zero-column-padding first  avia-builder-el-4  el_after_av_one_full  el_before_av_hr  column-top-margin\" style='border-radius:0px; '><section class=\"av_textblock_section \"  itemscope=\"itemscope\" itemtype=\"https:\/\/schema.org\/BlogPosting\" itemprop=\"blogPost\" ><div class='avia_textblock  '   itemprop=\"text\" ><p style=\"text-align: justify;\"><span lang=\"ES-TRAD\">El Programa Ovino, en ejecuci\u00f3n a nivel regional por intervenciones integrales por parte del Ministerio de Agricultura y sus servicios, financiado con recursos del Gobierno Regional de Ays\u00e9n, se gesta con el objetivo de modernizar y potenciar la ovejer\u00eda regional, hacerla sustentable y m\u00e1s rentable. Se trata de un programa integrado al Plan de Gobierno del Presidente Sebasti\u00e1n Pi\u00f1era que opera con varios componentes que pretenden aumentar el volumen y la productividad de la masa ovina regional<\/span><\/p>\n<p style=\"text-align: justify;\"><span lang=\"ES-TRAD\">Uno de los principales componentes es un plan de control de la hidatidosis, enfermedad\u00a0\u00a0parasitaria cuyo ciclo integra al perro y a los ovinos, capaz de provocar una zoonosis (enfermedad humana), la cual se est\u00e1 manejando a trav\u00e9s de la inmunizaci\u00f3n\u00a0\u00a0masiva de los lanares en la Provincia de Capit\u00e1n Prat. Esto busca mejorar el rendimiento productivo de las ovejas vacunadas y reducir el riesgo de enfermar de las personas, tomando el enfoque multisectorial que la OMS ha denominado \u201cUna Salud\u201d.<\/span><\/p>\n<p style=\"text-align: justify;\"><span lang=\"ES-TRAD\">Ha sido el Servicio Agr\u00edcola y Ganadero, a trav\u00e9s de su equipo regional, el que ha promovido esta estrategia a modo piloto, demostrando con ello una gran capacidad de innovaci\u00f3n, compromiso de sus equipos y visi\u00f3n de futuro. Es as\u00ed que entre septiembre del 2020 y hasta mayo 2021, pese a las restricciones que ha generado la pandemia, el equipo provincial de Capit\u00e1n Prat ha incorporado 118 reba\u00f1os al manejo, con aplicaci\u00f3n de dosis de vacunas contra la hidatidosis en ovejas, carneros y capones.<\/span><\/p>\n<p style=\"text-align: justify;\"><span lang=\"ES-TRAD\">Mat\u00edas Vial Orueta, Director Regional SAG\u00a0Ays<\/span><span lang=\"FR\">\u00e9<\/span><span lang=\"ES-TRAD\">n, al respecto indic\u00f3: \u201ccasi a un a\u00f1o del inicio del Programa Sanitario, se han vacunados casi 12 mil animales contra la hidatidosis, adem\u00e1s se han realizado manejos complementarios, de aplicaci\u00f3n de antiparasitario oral en ovejas y en un trabajo coordinado con los municipios se han desparasitado cerca de 900 perros, que adem\u00e1s han quedado micro chipiados, de esta forma abordamos el ciclo de esta enfermedad. Es importante entender que con las dos dosis de vacuna\u00a0antihidat\u00eddica, los corderos vacunados pr\u00e1cticamente no desarrollar\u00e1<\/span><span lang=\"FR\">n\u00a0quistes\u00a0hidat<span lang=\"ES-TRAD\">\u00eddicos<\/span><\/span><span lang=\"ES-TRAD\">\u00a0y sus\u00a0v\u00ed<\/span><span lang=\"PT\">sceras no infectar<\/span><span lang=\"ES-TRAD\">\u00e1n<\/span><span lang=\"ES-TRAD\">\u00a0a los perros y estos animales a la vez ser\u00e1n m\u00e1s<\/span><span lang=\"PT\">\u00a0productivos durante su vida\u201d.<\/span><\/p>\n<p style=\"text-align: justify;\"><span lang=\"ES-TRAD\">Respecto a este Programa, El SEREMI de Agricultura coment\u00f3 \u201cSe trata de un programa realmente innovador, cuya ejecuci\u00f3n es altamente demandante para los equipos t\u00e9cnicos y profesionales del SAG, pues requiere mucho trabajo de terreno, en corrales, largos recorridos por la regi\u00f3n, coordinaciones complejas en lugares donde la conectividad a\u00fan es deficiente, horas de trabajo dedicado sin importar las inclemencias clim\u00e1ticas, sin embargo hemos visto el compromiso de nuestros funcionarios SAG, liderados por Pedro Isamitt en Capit\u00e1n Prat y ahora tambi\u00e9n por Cristian Lozano en General Carrera, quienes junto a sus equipos est\u00e1n con mucha pasi\u00f3n y dedicaci\u00f3n apoyando a nuestros productores, velando por mejoras en salud p\u00fablica, incorporando la educaci\u00f3n sanitaria, un trabajo integral que nos llena de orgullo\u201d.<\/span><\/p>\n<p style=\"text-align: justify;\"><span lang=\"ES-TRAD\">Finalmente, el director del SAG\u00a0Ays<\/span><span lang=\"FR\">\u00e9<\/span><span lang=\"ES-TRAD\">n indic\u00f3: \u201cquisiera se\u00f1alar que est\u00e1 no es solo una enfermedad de car\u00e1cter sanitario tiene serias complicaciones en lo productivo, es por eso que invitamos a los ganaderos y ganaderas, hacerse parte, a informarse de este programa y\u00a0que juntos podamos cortar el ciclo de una enfermedad que afecta a nuestro ganado y tambi\u00e9n a las personas.<\/span><\/p>\n<\/div><\/section><\/div><div  style='height:50px' class='hr hr-invisible   avia-builder-el-6  el_after_av_one_full  el_before_av_social_share '><span class='hr-inner ' ><span class='hr-inner-style'><\/span><\/span><\/div><\/p>\n<div  class='av-social-sharing-box  avia-builder-el-7  el_after_av_hr  el_before_av_hr  '><div class='av-share-box'><h5 class='av-share-link-description av-no-toc '>Compartir esta noticia<\/h5><ul class='av-share-box-list noLightbox'><li class='av-share-link av-social-link-facebook' ><a target=\"_blank\" aria-label=\"Compartir en Facebook\" href='https:\/\/www.facebook.com\/sharer.php?u=https:\/\/radiorevelacionfm.cl\/?p=5260&#038;t=M%C3%A1s%20de%2011%20mil%20animales%20han%20sido%20atendidos%20gracias%20al%20componente%20sanitario%20del%20Programa%20Ovino%20que%20ejecuta%20el%20SAG' aria-hidden='false' data-av_icon='\ue8f3' data-av_iconfont='entypo-fontello' title='' data-avia-related-tooltip='Compartir en Facebook' rel=\"noopener\"><span class='avia_hidden_link_text'>Compartir en Facebook<\/span><\/a><\/li><li class='av-share-link av-social-link-twitter' ><a target=\"_blank\" aria-label=\"Compartir en Twitter\" href='https:\/\/twitter.com\/share?text=M%C3%A1s%20de%2011%20mil%20animales%20han%20sido%20atendidos%20gracias%20al%20componente%20sanitario%20del%20Programa%20Ovino%20que%20ejecuta%20el%20SAG&#038;url=https:\/\/radiorevelacionfm.cl\/?p=5260' aria-hidden='false' data-av_icon='\ue8f1' data-av_iconfont='entypo-fontello' title='' data-avia-related-tooltip='Compartir en Twitter' rel=\"noopener\"><span class='avia_hidden_link_text'>Compartir en Twitter<\/span><\/a><\/li><li class='av-share-link av-social-link-whatsapp' ><a target=\"_blank\" aria-label=\"Compartir en Whatsapp\" href='https:\/\/api.whatsapp.com\/send?text=https:\/\/radiorevelacionfm.cl\/?p=5260' aria-hidden='false' data-av_icon='\uf232' data-av_iconfont='entypo-fontello' title='' data-avia-related-tooltip='Compartir en Whatsapp' rel=\"noopener\"><span class='avia_hidden_link_text'>Compartir en Whatsapp<\/span><\/a><\/li><li class='av-share-link av-social-link-linkedin' ><a target=\"_blank\" aria-label=\"Compartir en LinkedIn\" href='https:\/\/linkedin.com\/shareArticle?mini=true&#038;title=M%C3%A1s%20de%2011%20mil%20animales%20han%20sido%20atendidos%20gracias%20al%20componente%20sanitario%20del%20Programa%20Ovino%20que%20ejecuta%20el%20SAG&#038;url=https:\/\/radiorevelacionfm.cl\/?p=5260' aria-hidden='false' data-av_icon='\ue8fc' data-av_iconfont='entypo-fontello' title='' data-avia-related-tooltip='Compartir en LinkedIn' rel=\"noopener\"><span class='avia_hidden_link_text'>Compartir en LinkedIn<\/span><\/a><\/li><li class='av-share-link av-social-link-mail' ><a  aria-label=\"Compartir por correo\" href='mailto:?subject=M%C3%A1s%20de%2011%20mil%20animales%20han%20sido%20atendidos%20gracias%20al%20componente%20sanitario%20del%20Programa%20Ovino%20que%20ejecuta%20el%20SAG&#038;body=https:\/\/radiorevelacionfm.cl\/?p=5260' aria-hidden='false' data-av_icon='\ue805' data-av_iconfont='entypo-fontello' title='' data-avia-related-tooltip='Compartir por correo'><span class='avia_hidden_link_text'>Compartir por correo<\/span><\/a><\/li><\/ul><\/div><\/div>\n<div  style='height:50px' class='hr hr-invisible   avia-builder-el-8  el_after_av_social_share  el_before_av_comments_list '><span class='hr-inner ' ><span class='hr-inner-style'><\/span><\/span><\/div>\n<div  class='av-buildercomment  av-blog-meta-html-info-disabled av-blog-meta-tag-disabled  '><\/div>\n","protected":false},"excerpt":{"rendered":"","protected":false},"author":1,"featured_media":5261,"comment_status":"open","ping_status":"open","sticky":false,"template":"","format":"standard","meta":{"footnotes":""},"categories":[58],"tags":[],"class_list":["post-5260","post","type-post","status-publish","format-standard","has-post-thumbnail","hentry","category-agricultura"],"jetpack_featured_media_url":"https:\/\/radiorevelacionfm.cl\/wp-content\/uploads\/2021\/06\/SAG-20210514-WA0057-1-1.jpg","_links":{"self":[{"href":"https:\/\/radiorevelacionfm.cl\/index.php?rest_route=\/wp\/v2\/posts\/5260","targetHints":{"allow":["GET"]}}],"collection":[{"href":"https:\/\/radiorevelacionfm.cl\/index.php?rest_route=\/wp\/v2\/posts"}],"about":[{"href":"https:\/\/radiorevelacionfm.cl\/index.php?rest_route=\/wp\/v2\/types\/post"}],"author":[{"embeddable":true,"href":"https:\/\/radiorevelacionfm.cl\/index.php?rest_route=\/wp\/v2\/users\/1"}],"replies":[{"embeddable":true,"href":"https:\/\/radiorevelacionfm.cl\/index.php?rest_route=%2Fwp%2Fv2%2Fcomments&post=5260"}],"version-history":[{"count":1,"href":"https:\/\/radiorevelacionfm.cl\/index.php?rest_route=\/wp\/v2\/posts\/5260\/revisions"}],"predecessor-version":[{"id":5262,"href":"https:\/\/radiorevelacionfm.cl\/index.php?rest_route=\/wp\/v2\/posts\/5260\/revisions\/5262"}],"wp:featuredmedia":[{"embeddable":true,"href":"https:\/\/radiorevelacionfm.cl\/index.php?rest_route=\/wp\/v2\/media\/5261"}],"wp:attachment":[{"href":"https:\/\/radiorevelacionfm.cl\/index.php?rest_route=%2Fwp%2Fv2%2Fmedia&parent=5260"}],"wp:term":[{"taxonomy":"category","embeddable":true,"href":"https:\/\/radiorevelacionfm.cl\/index.php?rest_route=%2Fwp%2Fv2%2Fcategories&post=5260"},{"taxonomy":"post_tag","embeddable":true,"href":"https:\/\/radiorevelacionfm.cl\/index.php?rest_route=%2Fwp%2Fv2%2Ftags&post=5260"}],"curies":[{"name":"wp","href":"https:\/\/api.w.org\/{rel}","templated":true}]}}