{"id":52599,"date":"2025-04-13T15:46:05","date_gmt":"2025-04-13T18:46:05","guid":{"rendered":"https:\/\/radiorevelacionfm.cl\/?p=52599"},"modified":"2025-04-13T15:46:05","modified_gmt":"2025-04-13T18:46:05","slug":"chile-chico-fortalece-desarrollo-vitivinicola-con-dia-de-campo-organizado-por-inia-tamel-aike","status":"publish","type":"post","link":"https:\/\/radiorevelacionfm.cl\/?p=52599","title":{"rendered":"Chile Chico fortalece desarrollo vitivin\u00edcola con D\u00eda de Campo organizado por INIA Tamel Aike"},"content":{"rendered":"<div class=\"flex_column av_one_full  flex_column_div av-zero-column-padding first  avia-builder-el-0  el_before_av_one_full  avia-builder-el-first  \" style='border-radius:0px; '><div  class='avia-image-container  av-styling-    avia-builder-el-1  avia-builder-el-no-sibling  avia-align-center '  itemprop=\"image\" itemscope=\"itemscope\" itemtype=\"https:\/\/schema.org\/ImageObject\"  ><div class='avia-image-container-inner'><div class='avia-image-overlay-wrap'><img decoding=\"async\" class='wp-image-52600 avia-img-lazy-loading-not-52600 avia_image' src=\"https:\/\/radiorevelacionfm.cl\/wp-content\/uploads\/2025\/04\/1z9a0877-2_optimized-1.jpg\" alt='' title='1z9a0877-(2)_optimized (1)' height=\"600\" width=\"906\"  itemprop=\"thumbnailUrl\" srcset=\"https:\/\/radiorevelacionfm.cl\/wp-content\/uploads\/2025\/04\/1z9a0877-2_optimized-1.jpg 906w, https:\/\/radiorevelacionfm.cl\/wp-content\/uploads\/2025\/04\/1z9a0877-2_optimized-1-300x199.jpg 300w, https:\/\/radiorevelacionfm.cl\/wp-content\/uploads\/2025\/04\/1z9a0877-2_optimized-1-768x509.jpg 768w, https:\/\/radiorevelacionfm.cl\/wp-content\/uploads\/2025\/04\/1z9a0877-2_optimized-1-705x467.jpg 705w, https:\/\/radiorevelacionfm.cl\/wp-content\/uploads\/2025\/04\/1z9a0877-2_optimized-1-450x298.jpg 450w, https:\/\/radiorevelacionfm.cl\/wp-content\/uploads\/2025\/04\/1z9a0877-2_optimized-1-600x397.jpg 600w\" sizes=\"(max-width: 906px) 100vw, 906px\" \/><\/div><\/div><\/div><\/div><div class=\"flex_column av_one_full  flex_column_div av-zero-column-padding first  avia-builder-el-2  el_after_av_one_full  el_before_av_one_full  column-top-margin\" style='border-radius:0px; '><section class=\"av_textblock_section \"  itemscope=\"itemscope\" itemtype=\"https:\/\/schema.org\/BlogPosting\" itemprop=\"blogPost\" ><div class='avia_textblock  '   itemprop=\"text\" ><p style=\"text-align: center;\"><span style=\"font-size: 18pt;\"><b>Chile Chico fortalece desarrollo vitivin\u00edcola con D\u00eda de Campo organizado por INIA Tamel Aike<\/b><\/span><\/p>\n<div id=\"gtx-trans\" style=\"position: absolute; left: -50px; top: 4.31534px;\">\n<div class=\"gtx-trans-icon\"><\/div>\n<\/div>\n<\/div><\/section><\/div><div class=\"flex_column av_one_full  flex_column_div av-zero-column-padding first  avia-builder-el-4  el_after_av_one_full  el_before_av_hr  column-top-margin\" style='border-radius:0px; '><section class=\"av_textblock_section \"  itemscope=\"itemscope\" itemtype=\"https:\/\/schema.org\/BlogPosting\" itemprop=\"blogPost\" ><div class='avia_textblock  '   itemprop=\"text\" ><p class=\"v1MsoNormal\" style=\"text-align: justify;\">Con la participaci\u00f3n de autoridades provinciales, comunales, representantes de INDAP, SAG y productores de la zona, se realiz\u00f3 un D\u00eda de Campo en la Oficina T\u00e9cnica de INIA Tamel Aike en Chile Chico. La actividad dio continuidad al trabajo iniciado con la Expo Vendimia 2024 y busca impulsar el desarrollo de la vitivinicultura como una alternativa productiva para la\u00a0Zona de Microlima\u00a0de la regi\u00f3n de Ays\u00e9n.<\/p>\n<p class=\"v1MsoNormal\" style=\"text-align: justify;\">Desde 2012, INIA ha evaluado el comportamiento de diferentes variedades de vid en esta zona, lo que permiti\u00f3 en 2017 la elaboraci\u00f3n del primer vino de la Patagonia chilena: Ke\u00f3ken, que en lengua tehuelche significa \u00abamanecer\u00bb. Actualmente, las variedades Chardonnay, Pinot Noir y Sauvignon Blanc han mostrado buena adaptaci\u00f3n a las condiciones locales, lo que abre oportunidades para la producci\u00f3n y el turismo.<\/p>\n<p class=\"v1MsoNormal\" style=\"text-align: justify;\">\u00abINIA contin\u00faa haciendo investigaci\u00f3n, apoyando a los productores que est\u00e1n liderando este sistema productivo, pero tambi\u00e9n invitando a nuevas personas a sumarse, para que puedan entender en qu\u00e9 consiste y conocer la informaci\u00f3n disponible\u00bb, indic\u00f3 Camila Reyes, Directora de INIA Tamel Aike.<\/p>\n<p class=\"v1MsoNormal\" style=\"text-align: justify;\">Durante la jornada, el equipo de frutales y vides de INIA Tamel Aike, junto al investigador de INIA Carillanca Gast\u00f3n Guti\u00e9rrez y la en\u00f3loga Marion Saldivia, entregaron informaci\u00f3n t\u00e9cnica sobre cosecha, manejo de vi\u00f1edos y vinificaci\u00f3n,\u00a0adem\u00e1s estuvieron a cargo de la cata de los vinos cosecha 2024, dirigida a productores y t\u00e9cnicos del sector.<\/p>\n<p class=\"v1MsoNormal\" style=\"text-align: justify;\">\u00abUna muy buena jornada para poder conocer los avances que existen respecto a lo que es la elaboraci\u00f3n del vino m\u00e1s austral del mundo. Vemos con entusiasmo dada la proyecci\u00f3n que tiene este recurso\u00bb, se\u00f1al\u00f3 el alcalde Ariel Keim.<\/p>\n<p class=\"v1MsoNormal\" style=\"text-align: justify;\">Lo cual, seg\u00fan indic\u00f3 el delegado presidencial provincial, Crist\u00f3bal Barcel\u00f3, \u00abva a permitir que se generen nuevos polos productivos para el desarrollo econ\u00f3mico local y tur\u00edstico\u00bb, subray\u00f3.<\/p>\n<p class=\"v1MsoNormal\" style=\"text-align: justify;\">Uno de los principales desaf\u00edos en el desarrollo de esta actividad productiva en el extremo sur del pa\u00eds es generar paquetes tecnol\u00f3gicos adaptados, que incluyan estrategias para el manejo de heladas\u00a0tempranas\u00a0y la protecci\u00f3n frente a aves. Este trabajo requiere ensayos y validaciones en terreno para entregar soluciones viables a los productores.<\/p>\n<p class=\"v1MsoNormal\" style=\"text-align: justify;\">\u00abMe llam\u00f3 la atenci\u00f3n toda la variedad que hay y que se den bien ac\u00e1, que tiene un clima fr\u00edo. Igual yo me quiero atrever con algunas plantas, por la fruta, porque es un proceso largo, que la poda, que la cosecha&#8230; entonces admiro el trabajo realizado ac\u00e1<b>\u00ab<\/b>, coment\u00f3 la productora Macarena Anr\u00edquez, de Chile Chico.<\/p>\n<p class=\"v1MsoNormal\" style=\"text-align: justify;\">El cambio clim\u00e1tico\u00a0paulatinamente ha ampliado las fronteras de la vitivinicultura hacia la patagonia Sus Austral, potenciando nuevas zonas aptas para la producci\u00f3n de vid en el pa\u00eds. En Ays\u00e9n, esto representa una oportunidad para diversificar la matriz productiva y generar nuevas fuentes de ingreso para los productores locales.<\/p>\n<p class=\"v1MsoNormal\" style=\"text-align: justify;\">En 2016 se estableci\u00f3 un vi\u00f1edo experimental de 1.000 m\u00b2 en la Oficina T\u00e9cnica INIA Tamel Aike, donde se evaluaron ocho variedades de vid sobre dos portainjertos. Posteriormente en 2019, mediante un proyecto financiado por FIA e INIA, se establecieron dos vi\u00f1edos comerciales, uno en Chile Chico (Vi\u00f1a Jeinimeni) y otro en Puerto Ib\u00e1\u00f1ez (Vi\u00f1a Don Renato).<\/p>\n<p class=\"v1MsoNormal\" style=\"text-align: justify;\">El vino Ke\u00f3ken se produce a escala experimental en Chile Chico. Las variedades con mejores resultados hasta ahora han sido Chardonnay, Pinot Noir y Sauvignon Blanc. Tambi\u00e9n se ha probado el comportamiento de otras cepas Riesling,\u00a0Pinot Gris,\u00a0 Gew\u00fcrztraminer,Tempranillo y Portugais Bleu.<\/p>\n<p class=\"v1MsoNormal\" style=\"text-align: justify;\">La actividad desarrollada el d\u00eda mi\u00e9rcoles fue coordinada por el equipo producci\u00f3n vegetal de la Oficina T\u00e9cnica de Chile Chico que lidera el investigador Diego Arribillaga, junto a los funcionarios Elmo Pacheco y Felipe Cea.<\/p>\n<\/div><\/section><\/div><div  style='height:50px' class='hr hr-invisible   avia-builder-el-6  el_after_av_one_full  el_before_av_social_share '><span class='hr-inner ' ><span class='hr-inner-style'><\/span><\/span><\/div><\/p>\n<div  class='av-social-sharing-box  avia-builder-el-7  el_after_av_hr  el_before_av_hr  '><div class='av-share-box'><h5 class='av-share-link-description av-no-toc '>Compartir esta noticia<\/h5><ul class='av-share-box-list noLightbox'><li class='av-share-link av-social-link-facebook' ><a target=\"_blank\" aria-label=\"Compartir en Facebook\" href='https:\/\/www.facebook.com\/sharer.php?u=https:\/\/radiorevelacionfm.cl\/?p=52599&#038;t=Chile%20Chico%20fortalece%20desarrollo%20vitivin%C3%ADcola%20con%20D%C3%ADa%20de%20Campo%20organizado%20por%20INIA%20Tamel%20Aike' aria-hidden='false' data-av_icon='\ue8f3' data-av_iconfont='entypo-fontello' title='' data-avia-related-tooltip='Compartir en Facebook' rel=\"noopener\"><span class='avia_hidden_link_text'>Compartir en Facebook<\/span><\/a><\/li><li class='av-share-link av-social-link-twitter' ><a target=\"_blank\" aria-label=\"Compartir en Twitter\" href='https:\/\/twitter.com\/share?text=Chile%20Chico%20fortalece%20desarrollo%20vitivin%C3%ADcola%20con%20D%C3%ADa%20de%20Campo%20organizado%20por%20INIA%20Tamel%20Aike&#038;url=https:\/\/radiorevelacionfm.cl\/?p=52599' aria-hidden='false' data-av_icon='\ue8f1' data-av_iconfont='entypo-fontello' title='' data-avia-related-tooltip='Compartir en Twitter' rel=\"noopener\"><span class='avia_hidden_link_text'>Compartir en Twitter<\/span><\/a><\/li><li class='av-share-link av-social-link-whatsapp' ><a target=\"_blank\" aria-label=\"Compartir en Whatsapp\" href='https:\/\/api.whatsapp.com\/send?text=https:\/\/radiorevelacionfm.cl\/?p=52599' aria-hidden='false' data-av_icon='\uf232' data-av_iconfont='entypo-fontello' title='' data-avia-related-tooltip='Compartir en Whatsapp' rel=\"noopener\"><span class='avia_hidden_link_text'>Compartir en Whatsapp<\/span><\/a><\/li><li class='av-share-link av-social-link-linkedin' ><a target=\"_blank\" aria-label=\"Compartir en LinkedIn\" href='https:\/\/linkedin.com\/shareArticle?mini=true&#038;title=Chile%20Chico%20fortalece%20desarrollo%20vitivin%C3%ADcola%20con%20D%C3%ADa%20de%20Campo%20organizado%20por%20INIA%20Tamel%20Aike&#038;url=https:\/\/radiorevelacionfm.cl\/?p=52599' aria-hidden='false' data-av_icon='\ue8fc' data-av_iconfont='entypo-fontello' title='' data-avia-related-tooltip='Compartir en LinkedIn' rel=\"noopener\"><span class='avia_hidden_link_text'>Compartir en LinkedIn<\/span><\/a><\/li><li class='av-share-link av-social-link-mail' ><a  aria-label=\"Compartir por correo\" href='mailto:?subject=Chile%20Chico%20fortalece%20desarrollo%20vitivin%C3%ADcola%20con%20D%C3%ADa%20de%20Campo%20organizado%20por%20INIA%20Tamel%20Aike&#038;body=https:\/\/radiorevelacionfm.cl\/?p=52599' aria-hidden='false' data-av_icon='\ue805' data-av_iconfont='entypo-fontello' title='' data-avia-related-tooltip='Compartir por correo'><span class='avia_hidden_link_text'>Compartir por correo<\/span><\/a><\/li><\/ul><\/div><\/div>\n<div  style='height:50px' class='hr hr-invisible   avia-builder-el-8  el_after_av_social_share  el_before_av_comments_list '><span class='hr-inner ' ><span class='hr-inner-style'><\/span><\/span><\/div>\n<div  class='av-buildercomment  av-blog-meta-html-info-disabled av-blog-meta-tag-disabled  '><\/div>\n","protected":false},"excerpt":{"rendered":"","protected":false},"author":1,"featured_media":52600,"comment_status":"closed","ping_status":"closed","sticky":false,"template":"","format":"standard","meta":{"footnotes":""},"categories":[38],"tags":[],"class_list":["post-52599","post","type-post","status-publish","format-standard","has-post-thumbnail","hentry","category-regional"],"jetpack_featured_media_url":"https:\/\/radiorevelacionfm.cl\/wp-content\/uploads\/2025\/04\/1z9a0877-2_optimized-1.jpg","_links":{"self":[{"href":"https:\/\/radiorevelacionfm.cl\/index.php?rest_route=\/wp\/v2\/posts\/52599","targetHints":{"allow":["GET"]}}],"collection":[{"href":"https:\/\/radiorevelacionfm.cl\/index.php?rest_route=\/wp\/v2\/posts"}],"about":[{"href":"https:\/\/radiorevelacionfm.cl\/index.php?rest_route=\/wp\/v2\/types\/post"}],"author":[{"embeddable":true,"href":"https:\/\/radiorevelacionfm.cl\/index.php?rest_route=\/wp\/v2\/users\/1"}],"replies":[{"embeddable":true,"href":"https:\/\/radiorevelacionfm.cl\/index.php?rest_route=%2Fwp%2Fv2%2Fcomments&post=52599"}],"version-history":[{"count":2,"href":"https:\/\/radiorevelacionfm.cl\/index.php?rest_route=\/wp\/v2\/posts\/52599\/revisions"}],"predecessor-version":[{"id":52605,"href":"https:\/\/radiorevelacionfm.cl\/index.php?rest_route=\/wp\/v2\/posts\/52599\/revisions\/52605"}],"wp:featuredmedia":[{"embeddable":true,"href":"https:\/\/radiorevelacionfm.cl\/index.php?rest_route=\/wp\/v2\/media\/52600"}],"wp:attachment":[{"href":"https:\/\/radiorevelacionfm.cl\/index.php?rest_route=%2Fwp%2Fv2%2Fmedia&parent=52599"}],"wp:term":[{"taxonomy":"category","embeddable":true,"href":"https:\/\/radiorevelacionfm.cl\/index.php?rest_route=%2Fwp%2Fv2%2Fcategories&post=52599"},{"taxonomy":"post_tag","embeddable":true,"href":"https:\/\/radiorevelacionfm.cl\/index.php?rest_route=%2Fwp%2Fv2%2Ftags&post=52599"}],"curies":[{"name":"wp","href":"https:\/\/api.w.org\/{rel}","templated":true}]}}