{"id":52595,"date":"2025-04-13T15:28:15","date_gmt":"2025-04-13T18:28:15","guid":{"rendered":"https:\/\/radiorevelacionfm.cl\/?p=52595"},"modified":"2025-04-13T15:28:15","modified_gmt":"2025-04-13T18:28:15","slug":"injuv-aysen-lanza-su-oferta-programatica-2025-enfocada-en-las-juventudes-de-la-region","status":"publish","type":"post","link":"https:\/\/radiorevelacionfm.cl\/?p=52595","title":{"rendered":"INJUV Ays\u00e9n lanza su oferta program\u00e1tica 2025 enfocada en las juventudes de la regi\u00f3n"},"content":{"rendered":"<div class=\"flex_column av_one_full  flex_column_div av-zero-column-padding first  avia-builder-el-0  el_before_av_one_full  avia-builder-el-first  \" style='border-radius:0px; '><div  class='avia-image-container  av-styling-    avia-builder-el-1  avia-builder-el-no-sibling  avia-align-center '  itemprop=\"image\" itemscope=\"itemscope\" itemtype=\"https:\/\/schema.org\/ImageObject\"  ><div class='avia-image-container-inner'><div class='avia-image-overlay-wrap'><img decoding=\"async\" class='wp-image-52596 avia-img-lazy-loading-not-52596 avia_image' src=\"https:\/\/radiorevelacionfm.cl\/wp-content\/uploads\/2025\/04\/IMG_2387-1-1.jpg\" alt='' title='IMG_2387 (1) (1)' height=\"600\" width=\"800\"  itemprop=\"thumbnailUrl\" srcset=\"https:\/\/radiorevelacionfm.cl\/wp-content\/uploads\/2025\/04\/IMG_2387-1-1.jpg 800w, https:\/\/radiorevelacionfm.cl\/wp-content\/uploads\/2025\/04\/IMG_2387-1-1-300x225.jpg 300w, https:\/\/radiorevelacionfm.cl\/wp-content\/uploads\/2025\/04\/IMG_2387-1-1-768x576.jpg 768w, https:\/\/radiorevelacionfm.cl\/wp-content\/uploads\/2025\/04\/IMG_2387-1-1-705x529.jpg 705w, https:\/\/radiorevelacionfm.cl\/wp-content\/uploads\/2025\/04\/IMG_2387-1-1-450x338.jpg 450w, https:\/\/radiorevelacionfm.cl\/wp-content\/uploads\/2025\/04\/IMG_2387-1-1-600x450.jpg 600w\" sizes=\"(max-width: 800px) 100vw, 800px\" \/><\/div><\/div><\/div><\/div><div class=\"flex_column av_one_full  flex_column_div av-zero-column-padding first  avia-builder-el-2  el_after_av_one_full  el_before_av_one_full  column-top-margin\" style='border-radius:0px; '><section class=\"av_textblock_section \"  itemscope=\"itemscope\" itemtype=\"https:\/\/schema.org\/BlogPosting\" itemprop=\"blogPost\" ><div class='avia_textblock  '   itemprop=\"text\" ><p style=\"text-align: center;\"><strong><span style=\"font-size: 18pt;\">INJUV Ays\u00e9n lanza su oferta program\u00e1tica 2025 enfocada en las juventudes de la regi\u00f3n<\/span><\/strong><\/p>\n<div id=\"gtx-trans\" style=\"position: absolute; left: -50px; top: 4.31534px;\">\n<div class=\"gtx-trans-icon\"><\/div>\n<\/div>\n<\/div><\/section><\/div><div class=\"flex_column av_one_full  flex_column_div av-zero-column-padding first  avia-builder-el-4  el_after_av_one_full  el_before_av_hr  column-top-margin\" style='border-radius:0px; '><section class=\"av_textblock_section \"  itemscope=\"itemscope\" itemtype=\"https:\/\/schema.org\/BlogPosting\" itemprop=\"blogPost\" ><div class='avia_textblock  '   itemprop=\"text\" ><p style=\"text-align: justify;\">Con la participaci\u00f3n de autoridades regionales, representantes de diversas organizaciones sociales, establecimientos educacionales y juventudes, se desarroll\u00f3 el lanzamiento de la oferta program\u00e1tica de INJUV Ays\u00e9n 2025, instancia que fue encabezada por el director regional de INJUV, Camilo Trivi\u00f1o Urtubia.<\/p>\n<p style=\"text-align: justify;\">La actividad que \u00a0se llev\u00f3 a cabo en el auditorio del Liceo San Felipe Benicio, tuvo como objetivo dar a conocer los principales programas impulsados por el Instituto Nacional de la Juventud para este a\u00f1o, promoviendo el fortalecimiento y \u00a0la participaci\u00f3n activa de las juventudes en diversos espacios.<\/p>\n<p style=\"text-align: justify;\">Durante la jornada, se present\u00f3 en detalle el programa <em>Compromiso Joven<\/em>, enfocado en fortalecer la participaci\u00f3n de las juventudes en iniciativas con impacto comunitario, y <em>Hablemos de Todo<\/em>, estrategia orientada a promover el bienestar emocional y la salud mental de las y los j\u00f3venes. Este \u00faltimo se presenta como un espacio de informaci\u00f3n y contenci\u00f3n, que permite a juventudes de entre 15 y 29 a\u00f1os, acceder a apoyo profesional gratuito y confidencial, a trav\u00e9s de psic\u00f3logos y trabajadores sociales. La plataforma est\u00e1 disponible en hablemosdetodo.injuv.gob.cl, donde se puede acceder a un banner con un chat de atenci\u00f3n directo para conversar con profesionales, sobre distintas tem\u00e1ticas que los afectan en su vida cotidiana.<\/p>\n<p style=\"text-align: justify;\">El chat en l\u00ednea del programa <em>Hablemos de Todo<\/em> se encuentra operativo de lunes a viernes de 10:00 a 21:00 horas y los s\u00e1bados de 11:00 a 17:00 y \u00a0busca dar respuesta eficaz a problemas o consultas de bienestar y autocuidado que tengan las juventudes, es importante destacar que las conversaciones entre las y los j\u00f3venes y el profesional de la salud mental son totalmente confidenciales.<\/p>\n<p style=\"text-align: justify;\">Destacando la participaci\u00f3n e inter\u00e9s de los distintos sectores en cuanto a las juventudes, la Seremi de Desarrollo Social y Familia, \u00a0Karina Acevedo Auad, \u00a0se\u00f1al\u00f3 que \u201ctuvimos una muy buena actividad donde el INJUV convoco a diferentes juventudes y autoridades pol\u00edticas de los diferentes servicios, para dar a conocer cu\u00e1l es la oferta program\u00e1tica con la cual cuenta para este a\u00f1o y donde ya \u00a0se ha estado trabajando con las juventudes a lo largo del territorio. Tenemos que destacar que es muy positiva la percepci\u00f3n de las y los j\u00f3venes y \u00a0c\u00f3mo reciben la oferta y m\u00e1s a\u00fan los aportes que siempre est\u00e1n haciendo al INJUV, \u00a0\u00a0lo que nos ayuda mucho para seguir fortaleciendo la pol\u00edtica p\u00fablica que est\u00e1 pensada para las juventudes\u201d.<\/p>\n<p style=\"text-align: justify;\">Javiera Heim Schulz, estudiante del Liceo San Felipe Benicio, destac\u00f3 la actividad y afirm\u00f3 que \u201cme pareci\u00f3 una actividad muy interesante, ya que los temas que se abordaron son s\u00faper importantes para las juventudes, se habl\u00f3 tambi\u00e9n\u00a0 un tema donde decimos que los j\u00f3venes no tienen voz y el espacio en s\u00ed mismo ya nos dio una voz por decirlo as\u00ed, siento que es algo que se necesita en la actualidad, porque yo creo que la mayor\u00eda de j\u00f3venes sienten eso, de no sentirse escuchados, o algunos no saben que ahora se est\u00e1n dando estos espacios y actividades que ayuden psicol\u00f3gicamente o en \u00e1reas que sean de nuestro inter\u00e9s\u201d.<\/p>\n<p style=\"text-align: justify;\">En tanto, Alex Alvarado Benavides, joven voluntario de Bomberos, indic\u00f3 que \u201cla actividad fue bastante grata, ya que pude informarme sobre las distintas problem\u00e1ticas y necesidades de las y los j\u00f3venes de nuestra regi\u00f3n y tambi\u00e9n de toda la oferta que existe disponible para este a\u00f1o para nosotros los j\u00f3venes. Espero se sigan realizando este tipo de instancias donde las juventudes se informan de manera completa de toda la parrilla de actividades gratuitas que est\u00e1n disponibles\u201d.<\/p>\n<\/div><\/section><\/div><div  style='height:50px' class='hr hr-invisible   avia-builder-el-6  el_after_av_one_full  el_before_av_social_share '><span class='hr-inner ' ><span class='hr-inner-style'><\/span><\/span><\/div><\/p>\n<div  class='av-social-sharing-box  avia-builder-el-7  el_after_av_hr  el_before_av_hr  '><div class='av-share-box'><h5 class='av-share-link-description av-no-toc '>Compartir esta noticia<\/h5><ul class='av-share-box-list noLightbox'><li class='av-share-link av-social-link-facebook' ><a target=\"_blank\" aria-label=\"Compartir en Facebook\" href='https:\/\/www.facebook.com\/sharer.php?u=https:\/\/radiorevelacionfm.cl\/?p=52595&#038;t=INJUV%20Ays%C3%A9n%20lanza%20su%20oferta%20program%C3%A1tica%202025%20enfocada%20en%20las%20juventudes%20de%20la%20regi%C3%B3n' aria-hidden='false' data-av_icon='\ue8f3' data-av_iconfont='entypo-fontello' title='' data-avia-related-tooltip='Compartir en Facebook' rel=\"noopener\"><span class='avia_hidden_link_text'>Compartir en Facebook<\/span><\/a><\/li><li class='av-share-link av-social-link-twitter' ><a target=\"_blank\" aria-label=\"Compartir en Twitter\" href='https:\/\/twitter.com\/share?text=INJUV%20Ays%C3%A9n%20lanza%20su%20oferta%20program%C3%A1tica%202025%20enfocada%20en%20las%20juventudes%20de%20la%20regi%C3%B3n&#038;url=https:\/\/radiorevelacionfm.cl\/?p=52595' aria-hidden='false' data-av_icon='\ue8f1' data-av_iconfont='entypo-fontello' title='' data-avia-related-tooltip='Compartir en Twitter' rel=\"noopener\"><span class='avia_hidden_link_text'>Compartir en Twitter<\/span><\/a><\/li><li class='av-share-link av-social-link-whatsapp' ><a target=\"_blank\" aria-label=\"Compartir en Whatsapp\" href='https:\/\/api.whatsapp.com\/send?text=https:\/\/radiorevelacionfm.cl\/?p=52595' aria-hidden='false' data-av_icon='\uf232' data-av_iconfont='entypo-fontello' title='' data-avia-related-tooltip='Compartir en Whatsapp' rel=\"noopener\"><span class='avia_hidden_link_text'>Compartir en Whatsapp<\/span><\/a><\/li><li class='av-share-link av-social-link-linkedin' ><a target=\"_blank\" aria-label=\"Compartir en LinkedIn\" href='https:\/\/linkedin.com\/shareArticle?mini=true&#038;title=INJUV%20Ays%C3%A9n%20lanza%20su%20oferta%20program%C3%A1tica%202025%20enfocada%20en%20las%20juventudes%20de%20la%20regi%C3%B3n&#038;url=https:\/\/radiorevelacionfm.cl\/?p=52595' aria-hidden='false' data-av_icon='\ue8fc' data-av_iconfont='entypo-fontello' title='' data-avia-related-tooltip='Compartir en LinkedIn' rel=\"noopener\"><span class='avia_hidden_link_text'>Compartir en LinkedIn<\/span><\/a><\/li><li class='av-share-link av-social-link-mail' ><a  aria-label=\"Compartir por correo\" href='mailto:?subject=INJUV%20Ays%C3%A9n%20lanza%20su%20oferta%20program%C3%A1tica%202025%20enfocada%20en%20las%20juventudes%20de%20la%20regi%C3%B3n&#038;body=https:\/\/radiorevelacionfm.cl\/?p=52595' aria-hidden='false' data-av_icon='\ue805' data-av_iconfont='entypo-fontello' title='' data-avia-related-tooltip='Compartir por correo'><span class='avia_hidden_link_text'>Compartir por correo<\/span><\/a><\/li><\/ul><\/div><\/div>\n<div  style='height:50px' class='hr hr-invisible   avia-builder-el-8  el_after_av_social_share  el_before_av_comments_list '><span class='hr-inner ' ><span class='hr-inner-style'><\/span><\/span><\/div>\n<div  class='av-buildercomment  av-blog-meta-html-info-disabled av-blog-meta-tag-disabled  '><\/div>\n","protected":false},"excerpt":{"rendered":"","protected":false},"author":1,"featured_media":52596,"comment_status":"closed","ping_status":"closed","sticky":false,"template":"","format":"standard","meta":{"footnotes":""},"categories":[38],"tags":[],"class_list":["post-52595","post","type-post","status-publish","format-standard","has-post-thumbnail","hentry","category-regional"],"jetpack_featured_media_url":"https:\/\/radiorevelacionfm.cl\/wp-content\/uploads\/2025\/04\/IMG_2387-1-1.jpg","_links":{"self":[{"href":"https:\/\/radiorevelacionfm.cl\/index.php?rest_route=\/wp\/v2\/posts\/52595","targetHints":{"allow":["GET"]}}],"collection":[{"href":"https:\/\/radiorevelacionfm.cl\/index.php?rest_route=\/wp\/v2\/posts"}],"about":[{"href":"https:\/\/radiorevelacionfm.cl\/index.php?rest_route=\/wp\/v2\/types\/post"}],"author":[{"embeddable":true,"href":"https:\/\/radiorevelacionfm.cl\/index.php?rest_route=\/wp\/v2\/users\/1"}],"replies":[{"embeddable":true,"href":"https:\/\/radiorevelacionfm.cl\/index.php?rest_route=%2Fwp%2Fv2%2Fcomments&post=52595"}],"version-history":[{"count":2,"href":"https:\/\/radiorevelacionfm.cl\/index.php?rest_route=\/wp\/v2\/posts\/52595\/revisions"}],"predecessor-version":[{"id":52598,"href":"https:\/\/radiorevelacionfm.cl\/index.php?rest_route=\/wp\/v2\/posts\/52595\/revisions\/52598"}],"wp:featuredmedia":[{"embeddable":true,"href":"https:\/\/radiorevelacionfm.cl\/index.php?rest_route=\/wp\/v2\/media\/52596"}],"wp:attachment":[{"href":"https:\/\/radiorevelacionfm.cl\/index.php?rest_route=%2Fwp%2Fv2%2Fmedia&parent=52595"}],"wp:term":[{"taxonomy":"category","embeddable":true,"href":"https:\/\/radiorevelacionfm.cl\/index.php?rest_route=%2Fwp%2Fv2%2Fcategories&post=52595"},{"taxonomy":"post_tag","embeddable":true,"href":"https:\/\/radiorevelacionfm.cl\/index.php?rest_route=%2Fwp%2Fv2%2Ftags&post=52595"}],"curies":[{"name":"wp","href":"https:\/\/api.w.org\/{rel}","templated":true}]}}