{"id":52592,"date":"2025-04-13T15:18:22","date_gmt":"2025-04-13T18:18:22","guid":{"rendered":"https:\/\/radiorevelacionfm.cl\/?p=52592"},"modified":"2025-04-13T15:18:22","modified_gmt":"2025-04-13T18:18:22","slug":"puerto-cisnes-sera-sede-de-una-jornada-cientifica-abierta-a-la-comunidad","status":"publish","type":"post","link":"https:\/\/radiorevelacionfm.cl\/?p=52592","title":{"rendered":"Puerto Cisnes ser\u00e1 sede de una jornada cient\u00edfica abierta a la comunidad"},"content":{"rendered":"<div class=\"flex_column av_one_full  flex_column_div av-zero-column-padding first  avia-builder-el-0  el_before_av_one_full  avia-builder-el-first  \" style='border-radius:0px; '><div  class='avia-image-container  av-styling-    avia-builder-el-1  avia-builder-el-no-sibling  avia-align-center '  itemprop=\"image\" itemscope=\"itemscope\" itemtype=\"https:\/\/schema.org\/ImageObject\"  ><div class='avia-image-container-inner'><div class='avia-image-overlay-wrap'><img decoding=\"async\" class='wp-image-31190 avia-img-lazy-loading-not-31190 avia_image' src=\"https:\/\/radiorevelacionfm.cl\/wp-content\/uploads\/2023\/05\/2_puerto_cisnes-1_optimized-1.jpg\" alt='' title='2_puerto_cisnes-(1)_optimized (1)' height=\"600\" width=\"800\"  itemprop=\"thumbnailUrl\" srcset=\"https:\/\/radiorevelacionfm.cl\/wp-content\/uploads\/2023\/05\/2_puerto_cisnes-1_optimized-1.jpg 800w, https:\/\/radiorevelacionfm.cl\/wp-content\/uploads\/2023\/05\/2_puerto_cisnes-1_optimized-1-300x225.jpg 300w, https:\/\/radiorevelacionfm.cl\/wp-content\/uploads\/2023\/05\/2_puerto_cisnes-1_optimized-1-768x576.jpg 768w, https:\/\/radiorevelacionfm.cl\/wp-content\/uploads\/2023\/05\/2_puerto_cisnes-1_optimized-1-705x529.jpg 705w, https:\/\/radiorevelacionfm.cl\/wp-content\/uploads\/2023\/05\/2_puerto_cisnes-1_optimized-1-450x338.jpg 450w, https:\/\/radiorevelacionfm.cl\/wp-content\/uploads\/2023\/05\/2_puerto_cisnes-1_optimized-1-600x450.jpg 600w\" sizes=\"(max-width: 800px) 100vw, 800px\" \/><\/div><\/div><\/div><\/div><div class=\"flex_column av_one_full  flex_column_div av-zero-column-padding first  avia-builder-el-2  el_after_av_one_full  el_before_av_one_full  column-top-margin\" style='border-radius:0px; '><section class=\"av_textblock_section \"  itemscope=\"itemscope\" itemtype=\"https:\/\/schema.org\/BlogPosting\" itemprop=\"blogPost\" ><div class='avia_textblock  '   itemprop=\"text\" ><p style=\"text-align: center;\"><strong><span style=\"font-size: 18pt;\">Puerto Cisnes ser\u00e1 sede de una jornada cient\u00edfica abierta a la comunidad<\/span><\/strong><\/p>\n<div id=\"gtx-trans\" style=\"position: absolute; left: -50px; top: 4.31534px;\">\n<div class=\"gtx-trans-icon\"><\/div>\n<\/div>\n<\/div><\/section><\/div><div class=\"flex_column av_one_full  flex_column_div av-zero-column-padding first  avia-builder-el-4  el_after_av_one_full  el_before_av_hr  column-top-margin\" style='border-radius:0px; '><section class=\"av_textblock_section \"  itemscope=\"itemscope\" itemtype=\"https:\/\/schema.org\/BlogPosting\" itemprop=\"blogPost\" ><div class='avia_textblock  '   itemprop=\"text\" ><p style=\"text-align: justify;\"><em>Durante todo el d\u00eda CIEP mostrar\u00e1 los diversos \u00e1mbitos en los cuales interviene investigando para promover un desarrollo sustentable de la regi\u00f3n de Ays\u00e9n.<\/em><\/p>\n<p style=\"text-align: justify;\">El pr\u00f3ximo 15 de abril, el gimnasio municipal de Puerto Cisnes se convertir\u00e1 en un espacio de encuentro para la ciencia y la comunidad local. A partir de las 10:30 horas, se llevar\u00e1 a cabo una actividad organizada por el Centro de Investigaci\u00f3n de los Ecosistemas de la Patagonia (CIEP) y financiada por el Gobierno Regional de Ays\u00e9n y su Consejo, orientada a todas las personas interesadas en conocer m\u00e1s sobre el trabajo cient\u00edfico que desarrolla la instituci\u00f3n en la regi\u00f3n.<\/p>\n<p style=\"text-align: justify;\">La actividad, denominada \u201cCiencia en el Territorio\u201d busca acercar la investigaci\u00f3n a la ciudadan\u00eda y promover un di\u00e1logo abierto sobre los ecosistemas de la Patagonia, su conservaci\u00f3n y los desaf\u00edos asociados. Durante la jornada, se ofrecer\u00e1n charlas interactivas, exposiciones, talleres educativos y la oportunidad de conversar directamente con las y los investigadores y especialistas de distintas l\u00edneas del conocimiento.<\/p>\n<p style=\"text-align: justify;\">La actividad es gratuita y abierta a toda la comunidad, y seg\u00fan expres\u00f3 el subdirector de Vinculaci\u00f3n y Transferencia de CIEP, Dr. Claudio Herrera, \u00e9sta es \u201cuna gran oportunidad para aprender, compartir e inspirarse con el fascinante mundo de la ciencia, y su aplicaci\u00f3n pr\u00e1ctica y \u00fatil a problem\u00e1ticas de quienes habitamos Ays\u00e9n\u201d.<\/p>\n<p style=\"text-align: justify;\">Cabe destacar que Ciencia en el Territorio cuenta con la colaboraci\u00f3n de la Ilustre Municipalidad de Cisnes, la agrupaci\u00f3n social de Turismo N\u00e1utico y Conservaci\u00f3n de Cet\u00e1ceos de Puerto Cisnes, la Escuela Guido G\u00f3mez y el Liceo Arturo Prat Chac\u00f3n.<\/p>\n<p style=\"text-align: justify;\">Para m\u00e1s informaci\u00f3n, pueden visitar la p\u00e1gina web de CIEP, o sus redes sociales @CentroCIEP.<\/p>\n<p style=\"text-align: justify;\">Esta actividad es financiada por el estudio \u201cDiagnostico de Mejoramiento Normativo de los Sistemas Medianos de la Regi\u00f3n de Ays\u00e9n\u201d, c\u00f3digo BIP 40047175-0.<\/p>\n<\/div><\/section><\/div><div  style='height:50px' class='hr hr-invisible   avia-builder-el-6  el_after_av_one_full  el_before_av_social_share '><span class='hr-inner ' ><span class='hr-inner-style'><\/span><\/span><\/div><\/p>\n<div  class='av-social-sharing-box  avia-builder-el-7  el_after_av_hr  el_before_av_hr  '><div class='av-share-box'><h5 class='av-share-link-description av-no-toc '>Compartir esta noticia<\/h5><ul class='av-share-box-list noLightbox'><li class='av-share-link av-social-link-facebook' ><a target=\"_blank\" aria-label=\"Compartir en Facebook\" href='https:\/\/www.facebook.com\/sharer.php?u=https:\/\/radiorevelacionfm.cl\/?p=52592&#038;t=Puerto%20Cisnes%20ser%C3%A1%20sede%20de%20una%20jornada%20cient%C3%ADfica%20abierta%20a%20la%20comunidad' aria-hidden='false' data-av_icon='\ue8f3' data-av_iconfont='entypo-fontello' title='' data-avia-related-tooltip='Compartir en Facebook' rel=\"noopener\"><span class='avia_hidden_link_text'>Compartir en Facebook<\/span><\/a><\/li><li class='av-share-link av-social-link-twitter' ><a target=\"_blank\" aria-label=\"Compartir en Twitter\" href='https:\/\/twitter.com\/share?text=Puerto%20Cisnes%20ser%C3%A1%20sede%20de%20una%20jornada%20cient%C3%ADfica%20abierta%20a%20la%20comunidad&#038;url=https:\/\/radiorevelacionfm.cl\/?p=52592' aria-hidden='false' data-av_icon='\ue8f1' data-av_iconfont='entypo-fontello' title='' data-avia-related-tooltip='Compartir en Twitter' rel=\"noopener\"><span class='avia_hidden_link_text'>Compartir en Twitter<\/span><\/a><\/li><li class='av-share-link av-social-link-whatsapp' ><a target=\"_blank\" aria-label=\"Compartir en Whatsapp\" href='https:\/\/api.whatsapp.com\/send?text=https:\/\/radiorevelacionfm.cl\/?p=52592' aria-hidden='false' data-av_icon='\uf232' data-av_iconfont='entypo-fontello' title='' data-avia-related-tooltip='Compartir en Whatsapp' rel=\"noopener\"><span class='avia_hidden_link_text'>Compartir en Whatsapp<\/span><\/a><\/li><li class='av-share-link av-social-link-linkedin' ><a target=\"_blank\" aria-label=\"Compartir en LinkedIn\" href='https:\/\/linkedin.com\/shareArticle?mini=true&#038;title=Puerto%20Cisnes%20ser%C3%A1%20sede%20de%20una%20jornada%20cient%C3%ADfica%20abierta%20a%20la%20comunidad&#038;url=https:\/\/radiorevelacionfm.cl\/?p=52592' aria-hidden='false' data-av_icon='\ue8fc' data-av_iconfont='entypo-fontello' title='' data-avia-related-tooltip='Compartir en LinkedIn' rel=\"noopener\"><span class='avia_hidden_link_text'>Compartir en LinkedIn<\/span><\/a><\/li><li class='av-share-link av-social-link-mail' ><a  aria-label=\"Compartir por correo\" href='mailto:?subject=Puerto%20Cisnes%20ser%C3%A1%20sede%20de%20una%20jornada%20cient%C3%ADfica%20abierta%20a%20la%20comunidad&#038;body=https:\/\/radiorevelacionfm.cl\/?p=52592' aria-hidden='false' data-av_icon='\ue805' data-av_iconfont='entypo-fontello' title='' data-avia-related-tooltip='Compartir por correo'><span class='avia_hidden_link_text'>Compartir por correo<\/span><\/a><\/li><\/ul><\/div><\/div>\n<div  style='height:50px' class='hr hr-invisible   avia-builder-el-8  el_after_av_social_share  el_before_av_comments_list '><span class='hr-inner ' ><span class='hr-inner-style'><\/span><\/span><\/div>\n<div  class='av-buildercomment  av-blog-meta-html-info-disabled av-blog-meta-tag-disabled  '><\/div>\n","protected":false},"excerpt":{"rendered":"","protected":false},"author":1,"featured_media":31190,"comment_status":"closed","ping_status":"closed","sticky":false,"template":"","format":"standard","meta":{"footnotes":""},"categories":[53],"tags":[],"class_list":["post-52592","post","type-post","status-publish","format-standard","has-post-thumbnail","hentry","category-ciencia"],"jetpack_featured_media_url":"https:\/\/radiorevelacionfm.cl\/wp-content\/uploads\/2023\/05\/2_puerto_cisnes-1_optimized-1.jpg","_links":{"self":[{"href":"https:\/\/radiorevelacionfm.cl\/index.php?rest_route=\/wp\/v2\/posts\/52592","targetHints":{"allow":["GET"]}}],"collection":[{"href":"https:\/\/radiorevelacionfm.cl\/index.php?rest_route=\/wp\/v2\/posts"}],"about":[{"href":"https:\/\/radiorevelacionfm.cl\/index.php?rest_route=\/wp\/v2\/types\/post"}],"author":[{"embeddable":true,"href":"https:\/\/radiorevelacionfm.cl\/index.php?rest_route=\/wp\/v2\/users\/1"}],"replies":[{"embeddable":true,"href":"https:\/\/radiorevelacionfm.cl\/index.php?rest_route=%2Fwp%2Fv2%2Fcomments&post=52592"}],"version-history":[{"count":2,"href":"https:\/\/radiorevelacionfm.cl\/index.php?rest_route=\/wp\/v2\/posts\/52592\/revisions"}],"predecessor-version":[{"id":52594,"href":"https:\/\/radiorevelacionfm.cl\/index.php?rest_route=\/wp\/v2\/posts\/52592\/revisions\/52594"}],"wp:featuredmedia":[{"embeddable":true,"href":"https:\/\/radiorevelacionfm.cl\/index.php?rest_route=\/wp\/v2\/media\/31190"}],"wp:attachment":[{"href":"https:\/\/radiorevelacionfm.cl\/index.php?rest_route=%2Fwp%2Fv2%2Fmedia&parent=52592"}],"wp:term":[{"taxonomy":"category","embeddable":true,"href":"https:\/\/radiorevelacionfm.cl\/index.php?rest_route=%2Fwp%2Fv2%2Fcategories&post=52592"},{"taxonomy":"post_tag","embeddable":true,"href":"https:\/\/radiorevelacionfm.cl\/index.php?rest_route=%2Fwp%2Fv2%2Ftags&post=52592"}],"curies":[{"name":"wp","href":"https:\/\/api.w.org\/{rel}","templated":true}]}}