{"id":52580,"date":"2025-04-12T13:03:10","date_gmt":"2025-04-12T16:03:10","guid":{"rendered":"https:\/\/radiorevelacionfm.cl\/?p=52580"},"modified":"2025-04-12T13:03:10","modified_gmt":"2025-04-12T16:03:10","slug":"ministro-elizalde-lidera-jornada-de-trabajo-con-delegados-presidenciales-para-%ef%ac%81jar-objetivos-politicos-del-ultimo-ano-de-gobierno","status":"publish","type":"post","link":"https:\/\/radiorevelacionfm.cl\/?p=52580","title":{"rendered":"Ministro Elizalde lidera jornada de trabajo con delegados presidenciales para \ufb01jar objetivos pol\u00edticos del \u00faltimo a\u00f1o de Gobierno"},"content":{"rendered":"<div class=\"flex_column av_one_full  flex_column_div av-zero-column-padding first  avia-builder-el-0  el_before_av_one_full  avia-builder-el-first  \" style='border-radius:0px; '><div  class='avia-image-container  av-styling-    avia-builder-el-1  avia-builder-el-no-sibling  avia-align-center '  itemprop=\"image\" itemscope=\"itemscope\" itemtype=\"https:\/\/schema.org\/ImageObject\"  ><div class='avia-image-container-inner'><div class='avia-image-overlay-wrap'><img decoding=\"async\" class='wp-image-52581 avia-img-lazy-loading-not-52581 avia_image' src=\"https:\/\/radiorevelacionfm.cl\/wp-content\/uploads\/2025\/04\/01-16-1_optimized.jpg\" alt='' title='01-(16)-(1)_optimized' height=\"600\" width=\"913\"  itemprop=\"thumbnailUrl\" srcset=\"https:\/\/radiorevelacionfm.cl\/wp-content\/uploads\/2025\/04\/01-16-1_optimized.jpg 913w, https:\/\/radiorevelacionfm.cl\/wp-content\/uploads\/2025\/04\/01-16-1_optimized-300x197.jpg 300w, https:\/\/radiorevelacionfm.cl\/wp-content\/uploads\/2025\/04\/01-16-1_optimized-768x505.jpg 768w, https:\/\/radiorevelacionfm.cl\/wp-content\/uploads\/2025\/04\/01-16-1_optimized-705x463.jpg 705w, https:\/\/radiorevelacionfm.cl\/wp-content\/uploads\/2025\/04\/01-16-1_optimized-450x296.jpg 450w, https:\/\/radiorevelacionfm.cl\/wp-content\/uploads\/2025\/04\/01-16-1_optimized-600x394.jpg 600w\" sizes=\"(max-width: 913px) 100vw, 913px\" \/><\/div><\/div><\/div><\/div><div class=\"flex_column av_one_full  flex_column_div av-zero-column-padding first  avia-builder-el-2  el_after_av_one_full  el_before_av_one_full  column-top-margin\" style='border-radius:0px; '><section class=\"av_textblock_section \"  itemscope=\"itemscope\" itemtype=\"https:\/\/schema.org\/BlogPosting\" itemprop=\"blogPost\" ><div class='avia_textblock  '   itemprop=\"text\" ><p style=\"text-align: center;\"><span style=\"font-size: 18pt;\"><b>Ministro Elizalde lidera jornada de trabajo con delegados presidenciales para \ufb01jar objetivos pol\u00edticos del \u00faltimo a\u00f1o de Gobierno<\/b><\/span><\/p>\n<div id=\"gtx-trans\" style=\"position: absolute; left: -50px; top: 4.31534px;\">\n<div class=\"gtx-trans-icon\"><\/div>\n<\/div>\n<\/div><\/section><\/div><div class=\"flex_column av_one_full  flex_column_div av-zero-column-padding first  avia-builder-el-4  el_after_av_one_full  el_before_av_hr  column-top-margin\" style='border-radius:0px; '><section class=\"av_textblock_section \"  itemscope=\"itemscope\" itemtype=\"https:\/\/schema.org\/BlogPosting\" itemprop=\"blogPost\" ><div class='avia_textblock  '   itemprop=\"text\" ><p style=\"text-align: justify;\">El ministro del Interior, \u00c1lvaro Elizalde, junto al Subsecretario del Interior, V\u00edctor Ramos, y la subsecretaria de Desarrollo Regional y Administrativo, Francisca Perales, encabez\u00f3 en el Palacio de La Moneda una jornada de trabajo con las y los delegados presidenciales regionales, con el \ufb01n de transmitir los objetivos del Ejecutivo en el \u00faltimo a\u00f1o de gobierno.<\/p>\n<p style=\"text-align: justify;\">El jefe de gabinete explic\u00f3 que en el encuentro \u201cse ha rea\ufb01rmado el compromiso de todas las autoridades de Gobierno de trabajar hasta el \u00faltimo d\u00eda, en un esfuerzo dedicado a mejorar la calidad de vida de las chilenas y chilenos y seguir haciendo realidad las transformaciones que el pa\u00eds demanda para construir un pa\u00eds m\u00e1s justo y profundizar nuestra democracia\u00bb.<\/p>\n<p style=\"text-align: justify;\">La jornada se da en el marco de la nueva etapa que inici\u00f3 el Ministerio del Interior, con funciones reforzadas tras la implementaci\u00f3n del Ministerio de Seguridad P\u00fablica, concentradas ahora en la coordinaci\u00f3n pol\u00edtica, gobierno interior, desarrollo regional, migraci\u00f3n, prevenci\u00f3n y respuesta ante desastres, entre otras \u00e1reas.<br \/>\nEl ministro Elizalde repas\u00f3 junto a las autoridades regionales los principales cambios que trajo consigo la nueva institucionalidad y las tareas espec\u00ed\ufb01cas que deben desempe\u00f1ar a partir de estas modi\ufb01caciones. \u00abSe ha transmitido la importancia del rol que deben ejercer, a partir de esta nueva recon\ufb01guraci\u00f3n institucional, los representantes del Presidente en todas las regiones de Chile\u201d, dijo.<\/p>\n<p style=\"text-align: justify;\">En esa l\u00ednea, el Delegado Presidencial Regional de Ays\u00e9n, Jorge D\u00edaz Guzm\u00e1n, recalc\u00f3 que en la jornada se reforz\u00f3 el mandato de actuar \u201ccomo articuladores y coordinadores del trabajo de los distintos ministerios y servicios regionales. Tambi\u00e9n, se han entregado las directrices y herramientas necesarias para velar por el adecuado funcionamiento de los distintos sectores en el marco del trabajo que se desarrolla en todas las regiones\u201d.<\/p>\n<p style=\"text-align: justify;\">Cabe recordar que con la nueva ley, los delegados presidenciales regionales mantienen su dependencia respecto del Ministerio del Interior, pero tambi\u00e9n tendr\u00e1n una importante funci\u00f3n en materia de seguridad al ser los encargados de presidir los Consejos Regionales de Seguridad P\u00fablica y de Prevenci\u00f3n del Delito. Adem\u00e1s, lideran el gabinete de Secretarios Regionales Ministeriales (Seremis), al que ahora se incorporaron los Seremis de Seguridad P\u00fablica.<\/p>\n<\/div><\/section><\/div><div  style='height:50px' class='hr hr-invisible   avia-builder-el-6  el_after_av_one_full  el_before_av_social_share '><span class='hr-inner ' ><span class='hr-inner-style'><\/span><\/span><\/div><\/p>\n<div  class='av-social-sharing-box  avia-builder-el-7  el_after_av_hr  el_before_av_hr  '><div class='av-share-box'><h5 class='av-share-link-description av-no-toc '>Compartir esta noticia<\/h5><ul class='av-share-box-list noLightbox'><li class='av-share-link av-social-link-facebook' ><a target=\"_blank\" aria-label=\"Compartir en Facebook\" href='https:\/\/www.facebook.com\/sharer.php?u=https:\/\/radiorevelacionfm.cl\/?p=52580&#038;t=Ministro%20Elizalde%20lidera%20jornada%20de%20trabajo%20con%20delegados%20presidenciales%20para%20%EF%AC%81jar%20objetivos%20pol%C3%ADticos%20del%20%C3%BAltimo%20a%C3%B1o%20de%20Gobierno' aria-hidden='false' data-av_icon='\ue8f3' data-av_iconfont='entypo-fontello' title='' data-avia-related-tooltip='Compartir en Facebook' rel=\"noopener\"><span class='avia_hidden_link_text'>Compartir en Facebook<\/span><\/a><\/li><li class='av-share-link av-social-link-twitter' ><a target=\"_blank\" aria-label=\"Compartir en Twitter\" href='https:\/\/twitter.com\/share?text=Ministro%20Elizalde%20lidera%20jornada%20de%20trabajo%20con%20delegados%20presidenciales%20para%20%EF%AC%81jar%20objetivos%20pol%C3%ADticos%20del%20%C3%BAltimo%20a%C3%B1o%20de%20Gobierno&#038;url=https:\/\/radiorevelacionfm.cl\/?p=52580' aria-hidden='false' data-av_icon='\ue8f1' data-av_iconfont='entypo-fontello' title='' data-avia-related-tooltip='Compartir en Twitter' rel=\"noopener\"><span class='avia_hidden_link_text'>Compartir en Twitter<\/span><\/a><\/li><li class='av-share-link av-social-link-whatsapp' ><a target=\"_blank\" aria-label=\"Compartir en Whatsapp\" href='https:\/\/api.whatsapp.com\/send?text=https:\/\/radiorevelacionfm.cl\/?p=52580' aria-hidden='false' data-av_icon='\uf232' data-av_iconfont='entypo-fontello' title='' data-avia-related-tooltip='Compartir en Whatsapp' rel=\"noopener\"><span class='avia_hidden_link_text'>Compartir en Whatsapp<\/span><\/a><\/li><li class='av-share-link av-social-link-linkedin' ><a target=\"_blank\" aria-label=\"Compartir en LinkedIn\" href='https:\/\/linkedin.com\/shareArticle?mini=true&#038;title=Ministro%20Elizalde%20lidera%20jornada%20de%20trabajo%20con%20delegados%20presidenciales%20para%20%EF%AC%81jar%20objetivos%20pol%C3%ADticos%20del%20%C3%BAltimo%20a%C3%B1o%20de%20Gobierno&#038;url=https:\/\/radiorevelacionfm.cl\/?p=52580' aria-hidden='false' data-av_icon='\ue8fc' data-av_iconfont='entypo-fontello' title='' data-avia-related-tooltip='Compartir en LinkedIn' rel=\"noopener\"><span class='avia_hidden_link_text'>Compartir en LinkedIn<\/span><\/a><\/li><li class='av-share-link av-social-link-mail' ><a  aria-label=\"Compartir por correo\" href='mailto:?subject=Ministro%20Elizalde%20lidera%20jornada%20de%20trabajo%20con%20delegados%20presidenciales%20para%20%EF%AC%81jar%20objetivos%20pol%C3%ADticos%20del%20%C3%BAltimo%20a%C3%B1o%20de%20Gobierno&#038;body=https:\/\/radiorevelacionfm.cl\/?p=52580' aria-hidden='false' data-av_icon='\ue805' data-av_iconfont='entypo-fontello' title='' data-avia-related-tooltip='Compartir por correo'><span class='avia_hidden_link_text'>Compartir por correo<\/span><\/a><\/li><\/ul><\/div><\/div>\n<div  style='height:50px' class='hr hr-invisible   avia-builder-el-8  el_after_av_social_share  el_before_av_comments_list '><span class='hr-inner ' ><span class='hr-inner-style'><\/span><\/span><\/div>\n<div  class='av-buildercomment  av-blog-meta-html-info-disabled av-blog-meta-tag-disabled  '><\/div>\n","protected":false},"excerpt":{"rendered":"","protected":false},"author":1,"featured_media":52581,"comment_status":"closed","ping_status":"closed","sticky":false,"template":"","format":"standard","meta":{"footnotes":""},"categories":[61],"tags":[],"class_list":["post-52580","post","type-post","status-publish","format-standard","has-post-thumbnail","hentry","category-nacional"],"jetpack_featured_media_url":"https:\/\/radiorevelacionfm.cl\/wp-content\/uploads\/2025\/04\/01-16-1_optimized.jpg","_links":{"self":[{"href":"https:\/\/radiorevelacionfm.cl\/index.php?rest_route=\/wp\/v2\/posts\/52580","targetHints":{"allow":["GET"]}}],"collection":[{"href":"https:\/\/radiorevelacionfm.cl\/index.php?rest_route=\/wp\/v2\/posts"}],"about":[{"href":"https:\/\/radiorevelacionfm.cl\/index.php?rest_route=\/wp\/v2\/types\/post"}],"author":[{"embeddable":true,"href":"https:\/\/radiorevelacionfm.cl\/index.php?rest_route=\/wp\/v2\/users\/1"}],"replies":[{"embeddable":true,"href":"https:\/\/radiorevelacionfm.cl\/index.php?rest_route=%2Fwp%2Fv2%2Fcomments&post=52580"}],"version-history":[{"count":2,"href":"https:\/\/radiorevelacionfm.cl\/index.php?rest_route=\/wp\/v2\/posts\/52580\/revisions"}],"predecessor-version":[{"id":52591,"href":"https:\/\/radiorevelacionfm.cl\/index.php?rest_route=\/wp\/v2\/posts\/52580\/revisions\/52591"}],"wp:featuredmedia":[{"embeddable":true,"href":"https:\/\/radiorevelacionfm.cl\/index.php?rest_route=\/wp\/v2\/media\/52581"}],"wp:attachment":[{"href":"https:\/\/radiorevelacionfm.cl\/index.php?rest_route=%2Fwp%2Fv2%2Fmedia&parent=52580"}],"wp:term":[{"taxonomy":"category","embeddable":true,"href":"https:\/\/radiorevelacionfm.cl\/index.php?rest_route=%2Fwp%2Fv2%2Fcategories&post=52580"},{"taxonomy":"post_tag","embeddable":true,"href":"https:\/\/radiorevelacionfm.cl\/index.php?rest_route=%2Fwp%2Fv2%2Ftags&post=52580"}],"curies":[{"name":"wp","href":"https:\/\/api.w.org\/{rel}","templated":true}]}}