{"id":52570,"date":"2025-04-14T10:43:33","date_gmt":"2025-04-14T13:43:33","guid":{"rendered":"https:\/\/radiorevelacionfm.cl\/?p=52570"},"modified":"2025-04-14T10:43:33","modified_gmt":"2025-04-14T13:43:33","slug":"conforman-comite-consultivo-de-alto-nivel-para-fortalecer-la-estrategia-nacional-de-minerales-criticos","status":"publish","type":"post","link":"https:\/\/radiorevelacionfm.cl\/?p=52570","title":{"rendered":"Conforman Comit\u00e9 Consultivo de Alto Nivel para fortalecer la Estrategia Nacional de Minerales Cr\u00edticos"},"content":{"rendered":"<div class=\"flex_column av_one_full  flex_column_div av-zero-column-padding first  avia-builder-el-0  el_before_av_one_full  avia-builder-el-first  \" style='border-radius:0px; '><div  class='avia-image-container  av-styling-    avia-builder-el-1  avia-builder-el-no-sibling  avia-align-center '  itemprop=\"image\" itemscope=\"itemscope\" itemtype=\"https:\/\/schema.org\/ImageObject\"  ><div class='avia-image-container-inner'><div class='avia-image-overlay-wrap'><img decoding=\"async\" class='wp-image-52571 avia-img-lazy-loading-not-52571 avia_image' src=\"https:\/\/radiorevelacionfm.cl\/wp-content\/uploads\/2025\/04\/0U9A4483-1-1.jpg\" alt='' title='0U9A4483 (1) (1)' height=\"600\" width=\"900\"  itemprop=\"thumbnailUrl\" srcset=\"https:\/\/radiorevelacionfm.cl\/wp-content\/uploads\/2025\/04\/0U9A4483-1-1.jpg 900w, https:\/\/radiorevelacionfm.cl\/wp-content\/uploads\/2025\/04\/0U9A4483-1-1-300x200.jpg 300w, https:\/\/radiorevelacionfm.cl\/wp-content\/uploads\/2025\/04\/0U9A4483-1-1-768x512.jpg 768w, https:\/\/radiorevelacionfm.cl\/wp-content\/uploads\/2025\/04\/0U9A4483-1-1-705x470.jpg 705w, https:\/\/radiorevelacionfm.cl\/wp-content\/uploads\/2025\/04\/0U9A4483-1-1-450x300.jpg 450w, https:\/\/radiorevelacionfm.cl\/wp-content\/uploads\/2025\/04\/0U9A4483-1-1-600x400.jpg 600w\" sizes=\"(max-width: 900px) 100vw, 900px\" \/><\/div><\/div><\/div><\/div><div class=\"flex_column av_one_full  flex_column_div av-zero-column-padding first  avia-builder-el-2  el_after_av_one_full  el_before_av_one_full  column-top-margin\" style='border-radius:0px; '><section class=\"av_textblock_section \"  itemscope=\"itemscope\" itemtype=\"https:\/\/schema.org\/BlogPosting\" itemprop=\"blogPost\" ><div class='avia_textblock  '   itemprop=\"text\" ><p style=\"text-align: center;\"><strong><span style=\"font-size: 18pt;\">Conforman Comit\u00e9 Consultivo de Alto Nivel para fortalecer la Estrategia Nacional de Minerales Cr\u00edticos<\/span><\/strong><\/p>\n<div id=\"gtx-trans\" style=\"position: absolute; left: -50px; top: 4.31534px;\">\n<div class=\"gtx-trans-icon\"><\/div>\n<\/div>\n<\/div><\/section><\/div><div class=\"flex_column av_one_full  flex_column_div av-zero-column-padding first  avia-builder-el-4  el_after_av_one_full  el_before_av_hr  column-top-margin\" style='border-radius:0px; '><section class=\"av_textblock_section \"  itemscope=\"itemscope\" itemtype=\"https:\/\/schema.org\/BlogPosting\" itemprop=\"blogPost\" ><div class='avia_textblock  '   itemprop=\"text\" ><p style=\"text-align: justify;\"><em>La instancia busca consolidar el liderazgo de Chile a nivel mundial en esta materia, integrando voces del sector p\u00fablico, privado, acad\u00e9mico y de la sociedad civil.<\/em><\/p>\n<p style=\"text-align: justify;\">Este jueves en el Sal\u00f3n Montt Varas del Palacio de La Moneda, se constituy\u00f3 el Comit\u00e9 Consultivo de Alto Nivel para la Estrategia Nacional de Minerales Cr\u00edticos, liderado por el ministerio de Miner\u00eda, y que congrega a representantes del mundo p\u00fablico y privado, la academia y la sociedad civil.<\/p>\n<p style=\"text-align: justify;\">La instancia tiene como objetivo definir las l\u00edneas estrat\u00e9gicas para posicionar a Chile como referente mundial en la producci\u00f3n sostenible de minerales clave para la transici\u00f3n energ\u00e9tica.<\/p>\n<p style=\"text-align: justify;\">La ministra de Miner\u00eda, Aurora Williams, se\u00f1al\u00f3 que \u201cen nuestro gobierno creemos firmemente que las pol\u00edticas p\u00fablicas deben construirse con participaci\u00f3n y con di\u00e1logo porque los grandes desaf\u00edos de nuestra \u00e9poca no se resuelven en forma aislada, se resuelven sumando capacidades, articulando visiones y buscando acuerdos\u201d.<\/p>\n<p style=\"text-align: justify;\">Asimismo, la secretaria de Estado coment\u00f3 que \u201ccon esta estrategia queremos dar el paso que nos falta, convertirnos en l\u00edderes no s\u00f3lo por nuestra geolog\u00eda sino por nuestra capacidad de transformar recursos en desarrollo sostenible, en empleo de calidad, en innovaci\u00f3n y en valor compartido para el pa\u00eds. Tengo la convicci\u00f3n de que este grupo ser\u00e1 un catalizador de ideas, un espacio de convergencia y un motor de propuestas que puedan contribuir al desarrollo sostenible y estrat\u00e9gico de nuestros recursos\u201d.<\/p>\n<p style=\"text-align: justify;\">El comit\u00e9 estar\u00e1 compuesto por 16 integrantes de reconocida trayectoria, provenientes de diversos \u00e1mbitos como el sector p\u00fablico, la academia, la industria minera y la sociedad civil. Esta composici\u00f3n busca asegurar una mirada transversal, integrando visiones complementarias que enriquecen el debate y permiten abordar los desaf\u00edos de la estrategia desde m\u00faltiples perspectivas.<\/p>\n<p style=\"text-align: justify;\">El grupo tendr\u00e1 la misi\u00f3n de entregar recomendaciones estrat\u00e9gicas que orienten el dise\u00f1o de pol\u00edticas p\u00fablicas para el desarrollo responsable de los recursos minerales, fomentando la inversi\u00f3n, la diversificaci\u00f3n productiva y el desarrollo territorial.<\/p>\n<p style=\"text-align: justify;\">Por su parte, el rector de la Universidad de Atacama, Forl\u00edn Aguilera, manifest\u00f3 que \u00abnos honra haber sido convocados como instituci\u00f3n de educaci\u00f3n superior para esta representaci\u00f3n y, asimismo, poner a disposici\u00f3n, desde nuestras universidades, nuestros cuerpos acad\u00e9micos y de investigaci\u00f3n, todas nuestras capacidades instaladas para aportar de manera significativa a este tremendo desaf\u00edo que tenemos por delante como pa\u00eds\u201d.<\/p>\n<p style=\"text-align: justify;\">Diagn\u00f3stico y fundamentos de la estrategia<\/p>\n<p style=\"text-align: justify;\">La creaci\u00f3n de este \u00f3rgano consultivo se enmarca en un proceso m\u00e1s amplio de elaboraci\u00f3n de la Estrategia Nacional de Minerales Cr\u00edticos, que considera tambi\u00e9n la instalaci\u00f3n de un Comit\u00e9 T\u00e9cnico y mesas territoriales de participaci\u00f3n ciudadana.<\/p>\n<p style=\"text-align: justify;\">El Comit\u00e9 T\u00e9cnico, que funcionar\u00e1 entre mayo y junio en modalidad telem\u00e1tica, estar\u00e1 integrado por especialistas que abordar\u00e1n cuatro ejes estrat\u00e9gicos: aumento y diversificaci\u00f3n de la producci\u00f3n; producci\u00f3n responsable; oportunidades de desarrollo y agregaci\u00f3n de valor; y asociaciones de beneficio mutuo. La estrategia responde a un contexto global marcado por el incremento sostenido en la demanda de minerales cr\u00edticos, esenciales para la transici\u00f3n energ\u00e9tica.<\/p>\n<p style=\"text-align: justify;\">Durante 2024 y hasta marzo de 2025, el Ministerio de Miner\u00eda desarroll\u00f3 una etapa de diagn\u00f3stico, apoyado en estudios elaborados por Cochilco, Sernageomin y la Fundaci\u00f3n Espacio P\u00fablico, que analizaron tanto el potencial geol\u00f3gico del pa\u00eds como su posicionamiento en el comercio internacional.<\/p>\n<\/div><\/section><\/div><div  style='height:50px' class='hr hr-invisible   avia-builder-el-6  el_after_av_one_full  el_before_av_social_share '><span class='hr-inner ' ><span class='hr-inner-style'><\/span><\/span><\/div><\/p>\n<div  class='av-social-sharing-box  avia-builder-el-7  el_after_av_hr  el_before_av_hr  '><div class='av-share-box'><h5 class='av-share-link-description av-no-toc '>Compartir esta noticia<\/h5><ul class='av-share-box-list noLightbox'><li class='av-share-link av-social-link-facebook' ><a target=\"_blank\" aria-label=\"Compartir en Facebook\" href='https:\/\/www.facebook.com\/sharer.php?u=https:\/\/radiorevelacionfm.cl\/?p=52570&#038;t=Conforman%20Comit%C3%A9%20Consultivo%20de%20Alto%20Nivel%20para%20fortalecer%20la%20Estrategia%20Nacional%20de%20Minerales%20Cr%C3%ADticos' aria-hidden='false' data-av_icon='\ue8f3' data-av_iconfont='entypo-fontello' title='' data-avia-related-tooltip='Compartir en Facebook' rel=\"noopener\"><span class='avia_hidden_link_text'>Compartir en Facebook<\/span><\/a><\/li><li class='av-share-link av-social-link-twitter' ><a target=\"_blank\" aria-label=\"Compartir en Twitter\" href='https:\/\/twitter.com\/share?text=Conforman%20Comit%C3%A9%20Consultivo%20de%20Alto%20Nivel%20para%20fortalecer%20la%20Estrategia%20Nacional%20de%20Minerales%20Cr%C3%ADticos&#038;url=https:\/\/radiorevelacionfm.cl\/?p=52570' aria-hidden='false' data-av_icon='\ue8f1' data-av_iconfont='entypo-fontello' title='' data-avia-related-tooltip='Compartir en Twitter' rel=\"noopener\"><span class='avia_hidden_link_text'>Compartir en Twitter<\/span><\/a><\/li><li class='av-share-link av-social-link-whatsapp' ><a target=\"_blank\" aria-label=\"Compartir en Whatsapp\" href='https:\/\/api.whatsapp.com\/send?text=https:\/\/radiorevelacionfm.cl\/?p=52570' aria-hidden='false' data-av_icon='\uf232' data-av_iconfont='entypo-fontello' title='' data-avia-related-tooltip='Compartir en Whatsapp' rel=\"noopener\"><span class='avia_hidden_link_text'>Compartir en Whatsapp<\/span><\/a><\/li><li class='av-share-link av-social-link-linkedin' ><a target=\"_blank\" aria-label=\"Compartir en LinkedIn\" href='https:\/\/linkedin.com\/shareArticle?mini=true&#038;title=Conforman%20Comit%C3%A9%20Consultivo%20de%20Alto%20Nivel%20para%20fortalecer%20la%20Estrategia%20Nacional%20de%20Minerales%20Cr%C3%ADticos&#038;url=https:\/\/radiorevelacionfm.cl\/?p=52570' aria-hidden='false' data-av_icon='\ue8fc' data-av_iconfont='entypo-fontello' title='' data-avia-related-tooltip='Compartir en LinkedIn' rel=\"noopener\"><span class='avia_hidden_link_text'>Compartir en LinkedIn<\/span><\/a><\/li><li class='av-share-link av-social-link-mail' ><a  aria-label=\"Compartir por correo\" href='mailto:?subject=Conforman%20Comit%C3%A9%20Consultivo%20de%20Alto%20Nivel%20para%20fortalecer%20la%20Estrategia%20Nacional%20de%20Minerales%20Cr%C3%ADticos&#038;body=https:\/\/radiorevelacionfm.cl\/?p=52570' aria-hidden='false' data-av_icon='\ue805' data-av_iconfont='entypo-fontello' title='' data-avia-related-tooltip='Compartir por correo'><span class='avia_hidden_link_text'>Compartir por correo<\/span><\/a><\/li><\/ul><\/div><\/div>\n<div  style='height:50px' class='hr hr-invisible   avia-builder-el-8  el_after_av_social_share  el_before_av_comments_list '><span class='hr-inner ' ><span class='hr-inner-style'><\/span><\/span><\/div>\n<div  class='av-buildercomment  av-blog-meta-html-info-disabled av-blog-meta-tag-disabled  '><\/div>\n","protected":false},"excerpt":{"rendered":"","protected":false},"author":1,"featured_media":52571,"comment_status":"closed","ping_status":"closed","sticky":false,"template":"","format":"standard","meta":{"footnotes":""},"categories":[61],"tags":[],"class_list":["post-52570","post","type-post","status-publish","format-standard","has-post-thumbnail","hentry","category-nacional"],"jetpack_featured_media_url":"https:\/\/radiorevelacionfm.cl\/wp-content\/uploads\/2025\/04\/0U9A4483-1-1.jpg","_links":{"self":[{"href":"https:\/\/radiorevelacionfm.cl\/index.php?rest_route=\/wp\/v2\/posts\/52570","targetHints":{"allow":["GET"]}}],"collection":[{"href":"https:\/\/radiorevelacionfm.cl\/index.php?rest_route=\/wp\/v2\/posts"}],"about":[{"href":"https:\/\/radiorevelacionfm.cl\/index.php?rest_route=\/wp\/v2\/types\/post"}],"author":[{"embeddable":true,"href":"https:\/\/radiorevelacionfm.cl\/index.php?rest_route=\/wp\/v2\/users\/1"}],"replies":[{"embeddable":true,"href":"https:\/\/radiorevelacionfm.cl\/index.php?rest_route=%2Fwp%2Fv2%2Fcomments&post=52570"}],"version-history":[{"count":2,"href":"https:\/\/radiorevelacionfm.cl\/index.php?rest_route=\/wp\/v2\/posts\/52570\/revisions"}],"predecessor-version":[{"id":52621,"href":"https:\/\/radiorevelacionfm.cl\/index.php?rest_route=\/wp\/v2\/posts\/52570\/revisions\/52621"}],"wp:featuredmedia":[{"embeddable":true,"href":"https:\/\/radiorevelacionfm.cl\/index.php?rest_route=\/wp\/v2\/media\/52571"}],"wp:attachment":[{"href":"https:\/\/radiorevelacionfm.cl\/index.php?rest_route=%2Fwp%2Fv2%2Fmedia&parent=52570"}],"wp:term":[{"taxonomy":"category","embeddable":true,"href":"https:\/\/radiorevelacionfm.cl\/index.php?rest_route=%2Fwp%2Fv2%2Fcategories&post=52570"},{"taxonomy":"post_tag","embeddable":true,"href":"https:\/\/radiorevelacionfm.cl\/index.php?rest_route=%2Fwp%2Fv2%2Ftags&post=52570"}],"curies":[{"name":"wp","href":"https:\/\/api.w.org\/{rel}","templated":true}]}}