{"id":52566,"date":"2025-04-11T17:29:51","date_gmt":"2025-04-11T20:29:51","guid":{"rendered":"https:\/\/radiorevelacionfm.cl\/?p=52566"},"modified":"2025-04-11T17:29:51","modified_gmt":"2025-04-11T20:29:51","slug":"dirigentes-piden-a-ministra-de-desarrollo-social-agilizar-tramitacion-de-apr-del-lago-pollux","status":"publish","type":"post","link":"https:\/\/radiorevelacionfm.cl\/?p=52566","title":{"rendered":"Dirigentes piden a Ministra de Desarrollo Social agilizar tramitaci\u00f3n de APR del Lago Pollux"},"content":{"rendered":"<div class=\"flex_column av_one_full  flex_column_div av-zero-column-padding first  avia-builder-el-0  el_before_av_one_full  avia-builder-el-first  \" style='border-radius:0px; '><div  class='avia-image-container  av-styling-    avia-builder-el-1  avia-builder-el-no-sibling  avia-align-center '  itemprop=\"image\" itemscope=\"itemscope\" itemtype=\"https:\/\/schema.org\/ImageObject\"  ><div class='avia-image-container-inner'><div class='avia-image-overlay-wrap'><img decoding=\"async\" class='wp-image-52567 avia-img-lazy-loading-not-52567 avia_image' src=\"https:\/\/radiorevelacionfm.cl\/wp-content\/uploads\/2025\/04\/foto-reu-lago-pollux-1_optimized-2-1.jpeg\" alt='' title='foto-reu-lago-pollux-(1)_optimized (2) (1)' height=\"600\" width=\"1067\"  itemprop=\"thumbnailUrl\" srcset=\"https:\/\/radiorevelacionfm.cl\/wp-content\/uploads\/2025\/04\/foto-reu-lago-pollux-1_optimized-2-1.jpeg 1067w, https:\/\/radiorevelacionfm.cl\/wp-content\/uploads\/2025\/04\/foto-reu-lago-pollux-1_optimized-2-1-300x169.jpeg 300w, https:\/\/radiorevelacionfm.cl\/wp-content\/uploads\/2025\/04\/foto-reu-lago-pollux-1_optimized-2-1-1030x579.jpeg 1030w, https:\/\/radiorevelacionfm.cl\/wp-content\/uploads\/2025\/04\/foto-reu-lago-pollux-1_optimized-2-1-768x432.jpeg 768w, https:\/\/radiorevelacionfm.cl\/wp-content\/uploads\/2025\/04\/foto-reu-lago-pollux-1_optimized-2-1-705x396.jpeg 705w, https:\/\/radiorevelacionfm.cl\/wp-content\/uploads\/2025\/04\/foto-reu-lago-pollux-1_optimized-2-1-450x253.jpeg 450w, https:\/\/radiorevelacionfm.cl\/wp-content\/uploads\/2025\/04\/foto-reu-lago-pollux-1_optimized-2-1-600x337.jpeg 600w\" sizes=\"(max-width: 1067px) 100vw, 1067px\" \/><\/div><\/div><\/div><\/div><div class=\"flex_column av_one_full  flex_column_div av-zero-column-padding first  avia-builder-el-2  el_after_av_one_full  el_before_av_one_full  column-top-margin\" style='border-radius:0px; '><section class=\"av_textblock_section \"  itemscope=\"itemscope\" itemtype=\"https:\/\/schema.org\/BlogPosting\" itemprop=\"blogPost\" ><div class='avia_textblock  '   itemprop=\"text\" ><p style=\"text-align: center;\"><strong><span style=\"font-size: 18pt;\">Dirigentes piden a Ministra de Desarrollo Social agilizar tramitaci\u00f3n de APR del Lago Pollux<\/span><\/strong><\/p>\n<div id=\"gtx-trans\" style=\"position: absolute; left: -50px; top: 4.31534px;\">\n<div class=\"gtx-trans-icon\"><\/div>\n<\/div>\n<\/div><\/section><\/div><div class=\"flex_column av_one_full  flex_column_div av-zero-column-padding first  avia-builder-el-4  el_after_av_one_full  el_before_av_hr  column-top-margin\" style='border-radius:0px; '><section class=\"av_textblock_section \"  itemscope=\"itemscope\" itemtype=\"https:\/\/schema.org\/BlogPosting\" itemprop=\"blogPost\" ><div class='avia_textblock  '   itemprop=\"text\" ><p style=\"text-align: justify;\">Ante las demoras que ha tenido la tramitaci\u00f3n para concretar el proyecto de Agua Potable Rural en el sector del Lago Pollux, el diputado Miguel \u00c1ngel Calisto y dirigentes de este Comit\u00e9 se reunieron con la Ministra de Desarrollo Social, Javiera Toro, a quien le plantearon la necesidad de agilizar esta iniciativa.<\/p>\n<p style=\"text-align: justify;\">Seg\u00fan el diputado Miguel \u00c1ngel Calisto, \u00absostuvimos una importante reuni\u00f3n con la Ministra de Desarrollo Social junto a los vecinos de Lago Pollux. Este es un comit\u00e9 de agua potable rural que estamos apoyando hace bastante tiempo y que hoy d\u00eda no tiene todav\u00eda la recomendaci\u00f3n t\u00e9cnica del dise\u00f1o para poder avanzar.\u00a0 Necesitamos el R.S. de las obras, que nos permita tener agua potable para cerca de 500 familias de este sector, como as\u00ed tambi\u00e9n en Cerro La Virgen, Cerro Galera y otros sectores m\u00e1s\u00bb.<\/p>\n<p style=\"text-align: justify;\">Calisto se\u00f1al\u00f3 que \u00abeste es un proyecto ambicioso, es un proyecto grande, es un proyecto que va a permitir dotar de un elemento de primera necesidad a los vecinos del comit\u00e9 de APR de Lago Pollux y la verdad es que nosotros esperamos que esto resulte porque anteriormente hicimos la misma gesti\u00f3n con los vecinos del sector Las Bandurrias, con el sector Las Chacras de Cochrane, con los de R\u00edo Los Palos en Ays\u00e9n Ellos ya tienen su R.S, y hoy en d\u00eda est\u00e1n toda la gran mayor\u00eda en el proceso de licitaci\u00f3n para luego ejecutar las obras de APR\u00bb.<\/p>\n<p style=\"text-align: justify;\">\u00abLamentablemente, el proyecto de APR de Lago P\u00f3lux est\u00e1 parado. Entonces por eso para nosotros es tan importante esta reuni\u00f3n con la Ministra de Desarrollo Social que nos va a permitir destrabar y esperamos que prontamente tengamos el R.S. de este proyecto\u00bb, indic\u00f3.<\/p>\n<p style=\"text-align: justify;\">Por su parte,\u00a0El\u00edas Mu\u00f1oz, Presidente del APR Lago Pollux, asegur\u00f3 que \u00abacabamos de salir de una reuni\u00f3n con el que hemos tenido la directiva nuestra con la Ministra, la se\u00f1ora Javiera Toro, gracias a una gesti\u00f3n que realiz\u00f3 el se\u00f1or Diputado Calisto, en la cual nos permiti\u00f3 reunirnos no solamente con la Ministra, sino con un representante de la DOH\u00bb.<\/p>\n<p style=\"text-align: justify;\">Finalmente, el dirigente afirm\u00f3 que \u00abhemos podido presentarle nuestra apreciaci\u00f3n a la Ministra en vista del entrampamiento en el cual se encuentra nuestro proyecto. Hemos logrado tener un compromiso con la Ministra de estudiar y darle prioridad a este proyecto. As\u00ed que, en ese sentido, nos vamos un poco m\u00e1s tranquilos, seguiremos insistiendo en que nuestro proyecto es una necesidad creciente para nuestros pobladores y seguiremos haciendo todas las gestiones posibles para que esto se haga\u00bb.<\/p>\n<\/div><\/section><\/div><div  style='height:50px' class='hr hr-invisible   avia-builder-el-6  el_after_av_one_full  el_before_av_social_share '><span class='hr-inner ' ><span class='hr-inner-style'><\/span><\/span><\/div><\/p>\n<div  class='av-social-sharing-box  avia-builder-el-7  el_after_av_hr  el_before_av_hr  '><div class='av-share-box'><h5 class='av-share-link-description av-no-toc '>Compartir esta noticia<\/h5><ul class='av-share-box-list noLightbox'><li class='av-share-link av-social-link-facebook' ><a target=\"_blank\" aria-label=\"Compartir en Facebook\" href='https:\/\/www.facebook.com\/sharer.php?u=https:\/\/radiorevelacionfm.cl\/?p=52566&#038;t=Dirigentes%20piden%20a%20Ministra%20de%20Desarrollo%20Social%20agilizar%20tramitaci%C3%B3n%20de%20APR%20del%20Lago%20Pollux' aria-hidden='false' data-av_icon='\ue8f3' data-av_iconfont='entypo-fontello' title='' data-avia-related-tooltip='Compartir en Facebook' rel=\"noopener\"><span class='avia_hidden_link_text'>Compartir en Facebook<\/span><\/a><\/li><li class='av-share-link av-social-link-twitter' ><a target=\"_blank\" aria-label=\"Compartir en Twitter\" href='https:\/\/twitter.com\/share?text=Dirigentes%20piden%20a%20Ministra%20de%20Desarrollo%20Social%20agilizar%20tramitaci%C3%B3n%20de%20APR%20del%20Lago%20Pollux&#038;url=https:\/\/radiorevelacionfm.cl\/?p=52566' aria-hidden='false' data-av_icon='\ue8f1' data-av_iconfont='entypo-fontello' title='' data-avia-related-tooltip='Compartir en Twitter' rel=\"noopener\"><span class='avia_hidden_link_text'>Compartir en Twitter<\/span><\/a><\/li><li class='av-share-link av-social-link-whatsapp' ><a target=\"_blank\" aria-label=\"Compartir en Whatsapp\" href='https:\/\/api.whatsapp.com\/send?text=https:\/\/radiorevelacionfm.cl\/?p=52566' aria-hidden='false' data-av_icon='\uf232' data-av_iconfont='entypo-fontello' title='' data-avia-related-tooltip='Compartir en Whatsapp' rel=\"noopener\"><span class='avia_hidden_link_text'>Compartir en Whatsapp<\/span><\/a><\/li><li class='av-share-link av-social-link-linkedin' ><a target=\"_blank\" aria-label=\"Compartir en LinkedIn\" href='https:\/\/linkedin.com\/shareArticle?mini=true&#038;title=Dirigentes%20piden%20a%20Ministra%20de%20Desarrollo%20Social%20agilizar%20tramitaci%C3%B3n%20de%20APR%20del%20Lago%20Pollux&#038;url=https:\/\/radiorevelacionfm.cl\/?p=52566' aria-hidden='false' data-av_icon='\ue8fc' data-av_iconfont='entypo-fontello' title='' data-avia-related-tooltip='Compartir en LinkedIn' rel=\"noopener\"><span class='avia_hidden_link_text'>Compartir en LinkedIn<\/span><\/a><\/li><li class='av-share-link av-social-link-mail' ><a  aria-label=\"Compartir por correo\" href='mailto:?subject=Dirigentes%20piden%20a%20Ministra%20de%20Desarrollo%20Social%20agilizar%20tramitaci%C3%B3n%20de%20APR%20del%20Lago%20Pollux&#038;body=https:\/\/radiorevelacionfm.cl\/?p=52566' aria-hidden='false' data-av_icon='\ue805' data-av_iconfont='entypo-fontello' title='' data-avia-related-tooltip='Compartir por correo'><span class='avia_hidden_link_text'>Compartir por correo<\/span><\/a><\/li><\/ul><\/div><\/div>\n<div  style='height:50px' class='hr hr-invisible   avia-builder-el-8  el_after_av_social_share  el_before_av_comments_list '><span class='hr-inner ' ><span class='hr-inner-style'><\/span><\/span><\/div>\n<div  class='av-buildercomment  av-blog-meta-html-info-disabled av-blog-meta-tag-disabled  '><\/div>\n","protected":false},"excerpt":{"rendered":"","protected":false},"author":1,"featured_media":52567,"comment_status":"closed","ping_status":"closed","sticky":false,"template":"","format":"standard","meta":{"footnotes":""},"categories":[38],"tags":[],"class_list":["post-52566","post","type-post","status-publish","format-standard","has-post-thumbnail","hentry","category-regional"],"jetpack_featured_media_url":"https:\/\/radiorevelacionfm.cl\/wp-content\/uploads\/2025\/04\/foto-reu-lago-pollux-1_optimized-2-1.jpeg","_links":{"self":[{"href":"https:\/\/radiorevelacionfm.cl\/index.php?rest_route=\/wp\/v2\/posts\/52566","targetHints":{"allow":["GET"]}}],"collection":[{"href":"https:\/\/radiorevelacionfm.cl\/index.php?rest_route=\/wp\/v2\/posts"}],"about":[{"href":"https:\/\/radiorevelacionfm.cl\/index.php?rest_route=\/wp\/v2\/types\/post"}],"author":[{"embeddable":true,"href":"https:\/\/radiorevelacionfm.cl\/index.php?rest_route=\/wp\/v2\/users\/1"}],"replies":[{"embeddable":true,"href":"https:\/\/radiorevelacionfm.cl\/index.php?rest_route=%2Fwp%2Fv2%2Fcomments&post=52566"}],"version-history":[{"count":2,"href":"https:\/\/radiorevelacionfm.cl\/index.php?rest_route=\/wp\/v2\/posts\/52566\/revisions"}],"predecessor-version":[{"id":52569,"href":"https:\/\/radiorevelacionfm.cl\/index.php?rest_route=\/wp\/v2\/posts\/52566\/revisions\/52569"}],"wp:featuredmedia":[{"embeddable":true,"href":"https:\/\/radiorevelacionfm.cl\/index.php?rest_route=\/wp\/v2\/media\/52567"}],"wp:attachment":[{"href":"https:\/\/radiorevelacionfm.cl\/index.php?rest_route=%2Fwp%2Fv2%2Fmedia&parent=52566"}],"wp:term":[{"taxonomy":"category","embeddable":true,"href":"https:\/\/radiorevelacionfm.cl\/index.php?rest_route=%2Fwp%2Fv2%2Fcategories&post=52566"},{"taxonomy":"post_tag","embeddable":true,"href":"https:\/\/radiorevelacionfm.cl\/index.php?rest_route=%2Fwp%2Fv2%2Ftags&post=52566"}],"curies":[{"name":"wp","href":"https:\/\/api.w.org\/{rel}","templated":true}]}}