{"id":52555,"date":"2025-04-11T12:51:40","date_gmt":"2025-04-11T15:51:40","guid":{"rendered":"https:\/\/radiorevelacionfm.cl\/?p=52555"},"modified":"2025-04-11T12:51:40","modified_gmt":"2025-04-11T15:51:40","slug":"edelaysen-entrega-instalacion-electrica-para-casa-minga-en-puerto-cisnes","status":"publish","type":"post","link":"https:\/\/radiorevelacionfm.cl\/?p=52555","title":{"rendered":"Edelaysen entrega instalaci\u00f3n el\u00e9ctrica para Casa Minga en Puerto Cisnes"},"content":{"rendered":"<div class=\"flex_column av_one_full  flex_column_div av-zero-column-padding first  avia-builder-el-0  el_before_av_one_full  avia-builder-el-first  \" style='border-radius:0px; '><div  class='avia-image-container  av-styling-    avia-builder-el-1  avia-builder-el-no-sibling  avia-align-center '  itemprop=\"image\" itemscope=\"itemscope\" itemtype=\"https:\/\/schema.org\/ImageObject\"  ><div class='avia-image-container-inner'><div class='avia-image-overlay-wrap'><img decoding=\"async\" class='wp-image-52556 avia-img-lazy-loading-not-52556 avia_image' src=\"https:\/\/radiorevelacionfm.cl\/wp-content\/uploads\/2025\/04\/casa-minga-cisnes-2-1_optimized.jpeg\" alt='' title='casa-minga-cisnes-(2)-(1)_optimized' height=\"600\" width=\"800\"  itemprop=\"thumbnailUrl\" srcset=\"https:\/\/radiorevelacionfm.cl\/wp-content\/uploads\/2025\/04\/casa-minga-cisnes-2-1_optimized.jpeg 800w, https:\/\/radiorevelacionfm.cl\/wp-content\/uploads\/2025\/04\/casa-minga-cisnes-2-1_optimized-300x225.jpeg 300w, https:\/\/radiorevelacionfm.cl\/wp-content\/uploads\/2025\/04\/casa-minga-cisnes-2-1_optimized-768x576.jpeg 768w, https:\/\/radiorevelacionfm.cl\/wp-content\/uploads\/2025\/04\/casa-minga-cisnes-2-1_optimized-705x529.jpeg 705w, https:\/\/radiorevelacionfm.cl\/wp-content\/uploads\/2025\/04\/casa-minga-cisnes-2-1_optimized-450x338.jpeg 450w, https:\/\/radiorevelacionfm.cl\/wp-content\/uploads\/2025\/04\/casa-minga-cisnes-2-1_optimized-600x450.jpeg 600w\" sizes=\"(max-width: 800px) 100vw, 800px\" \/><\/div><\/div><\/div><\/div><div class=\"flex_column av_one_full  flex_column_div av-zero-column-padding first  avia-builder-el-2  el_after_av_one_full  el_before_av_one_full  column-top-margin\" style='border-radius:0px; '><section class=\"av_textblock_section \"  itemscope=\"itemscope\" itemtype=\"https:\/\/schema.org\/BlogPosting\" itemprop=\"blogPost\" ><div class='avia_textblock  '   itemprop=\"text\" ><p style=\"text-align: center;\"><strong><span style=\"font-size: 18pt;\">Edelaysen entrega instalaci\u00f3n el\u00e9ctrica para Casa Minga en Puerto Cisnes<\/span><\/strong><\/p>\n<div id=\"gtx-trans\" style=\"position: absolute; left: -50px; top: 4.31534px;\">\n<div class=\"gtx-trans-icon\"><\/div>\n<\/div>\n<\/div><\/section><\/div><div class=\"flex_column av_one_full  flex_column_div av-zero-column-padding first  avia-builder-el-4  el_after_av_one_full  el_before_av_hr  column-top-margin\" style='border-radius:0px; '><section class=\"av_textblock_section \"  itemscope=\"itemscope\" itemtype=\"https:\/\/schema.org\/BlogPosting\" itemprop=\"blogPost\" ><div class='avia_textblock  '   itemprop=\"text\" ><ul>\n<li style=\"text-align: justify;\"><em>La el\u00e9ctrica visit\u00f3 la vivienda de la vecina beneficiada, por la Agrupaci\u00f3n Social y Cultural \u201cPesca\u2019o Frito\u201d, para revisar las terminaciones y correcta instalaci\u00f3n del sistema el\u00e9ctrico entregado a trav\u00e9s del programa \u201cConecta tu Sede\u201d.<\/em><\/li>\n<\/ul>\n<p style=\"text-align: justify;\">Edelaysen visit\u00f3 la casa minga de este a\u00f1o, en Puerto Cisnes, la cual fue entregada a una vecina de la comuna, quien hace algunos meses sufri\u00f3 el siniestro total de su vivienda. Dentro del encuentro, personal de la el\u00e9ctrica pudo reunirse con la beneficiada para verificar el estado de avance de la vivienda, que se encuentra en su etapa final, as\u00ed como revisar la instalaci\u00f3n el\u00e9ctrica que la empresa entreg\u00f3 en el marco del programa \u201cConecta tu Sede\u201d de Grupo Saesa.<\/p>\n<p style=\"text-align: justify;\">Durante el recorrido, se constat\u00f3 el positivo avance en las terminaciones, lo que permitir\u00e1 que la se\u00f1ora Francisca Alarc\u00f3n pueda habitar su nuevo hogar en un corto plazo. Adem\u00e1s, se evalu\u00f3 en terreno la instalaci\u00f3n el\u00e9ctrica interior y exterior, que permitir\u00e1 a la vivienda contar con suministro seguro y confiable.<\/p>\n<p style=\"text-align: justify;\">Francisco Pavez, jefe de zona de Edelaysen destac\u00f3 que: \u201cDesde Edelaysen estamos muy contentos por el avance de esta vivienda. A trav\u00e9s de nuestro programa \u201cConecta tu Sede\u201d, logramos apoyar con instalaciones el\u00e9ctricas en espacios comunitarios, o como en este caso y de manera excepcional, a una vivienda levantada gracias al esfuerzo colectivo de toda la comuna de Puerto Cisnes. Estar hoy aqu\u00ed, viendo los avances y conversando con la se\u00f1ora Francisca, nos llena de alegr\u00eda y satisfacci\u00f3n\u201d.<\/p>\n<p style=\"text-align: justify;\">Por su parte, Francisca Alarc\u00f3n, la adulta mayor beneficiada con la vivienda mencion\u00f3 sentirse muy contenta y agradecida, agregando qu\u00e9: \u201cHa sido un proceso largo, con momentos muy dif\u00edciles pero que con el esfuerzo de muchas personas que me han apoyado, hoy ya queda poco tiempo para poder usar mi casa. Saber que ya tengo la instalaci\u00f3n el\u00e9ctrica terminada y que pronto podr\u00e9 encender la luz me llena de alegr\u00eda. Agradezco a todos los que han hecho esto posible y tambi\u00e9n a Edelaysen por este importante apoyo\u201d.<\/p>\n<p style=\"text-align: justify;\">Es as\u00ed como esta colaboraci\u00f3n es parte de las acciones de la el\u00e9ctrica para fortalecer su v\u00ednculo con las comunidades y aportar, desde su rol, a mejorar la calidad de vida de los vecinos de la regi\u00f3n.<\/p>\n<\/div><\/section><\/div><div  style='height:50px' class='hr hr-invisible   avia-builder-el-6  el_after_av_one_full  el_before_av_social_share '><span class='hr-inner ' ><span class='hr-inner-style'><\/span><\/span><\/div><\/p>\n<div  class='av-social-sharing-box  avia-builder-el-7  el_after_av_hr  el_before_av_hr  '><div class='av-share-box'><h5 class='av-share-link-description av-no-toc '>Compartir esta noticia<\/h5><ul class='av-share-box-list noLightbox'><li class='av-share-link av-social-link-facebook' ><a target=\"_blank\" aria-label=\"Compartir en Facebook\" href='https:\/\/www.facebook.com\/sharer.php?u=https:\/\/radiorevelacionfm.cl\/?p=52555&#038;t=Edelaysen%20entrega%20instalaci%C3%B3n%20el%C3%A9ctrica%20para%20Casa%20Minga%20en%20Puerto%20Cisnes' aria-hidden='false' data-av_icon='\ue8f3' data-av_iconfont='entypo-fontello' title='' data-avia-related-tooltip='Compartir en Facebook' rel=\"noopener\"><span class='avia_hidden_link_text'>Compartir en Facebook<\/span><\/a><\/li><li class='av-share-link av-social-link-twitter' ><a target=\"_blank\" aria-label=\"Compartir en Twitter\" href='https:\/\/twitter.com\/share?text=Edelaysen%20entrega%20instalaci%C3%B3n%20el%C3%A9ctrica%20para%20Casa%20Minga%20en%20Puerto%20Cisnes&#038;url=https:\/\/radiorevelacionfm.cl\/?p=52555' aria-hidden='false' data-av_icon='\ue8f1' data-av_iconfont='entypo-fontello' title='' data-avia-related-tooltip='Compartir en Twitter' rel=\"noopener\"><span class='avia_hidden_link_text'>Compartir en Twitter<\/span><\/a><\/li><li class='av-share-link av-social-link-whatsapp' ><a target=\"_blank\" aria-label=\"Compartir en Whatsapp\" href='https:\/\/api.whatsapp.com\/send?text=https:\/\/radiorevelacionfm.cl\/?p=52555' aria-hidden='false' data-av_icon='\uf232' data-av_iconfont='entypo-fontello' title='' data-avia-related-tooltip='Compartir en Whatsapp' rel=\"noopener\"><span class='avia_hidden_link_text'>Compartir en Whatsapp<\/span><\/a><\/li><li class='av-share-link av-social-link-linkedin' ><a target=\"_blank\" aria-label=\"Compartir en LinkedIn\" href='https:\/\/linkedin.com\/shareArticle?mini=true&#038;title=Edelaysen%20entrega%20instalaci%C3%B3n%20el%C3%A9ctrica%20para%20Casa%20Minga%20en%20Puerto%20Cisnes&#038;url=https:\/\/radiorevelacionfm.cl\/?p=52555' aria-hidden='false' data-av_icon='\ue8fc' data-av_iconfont='entypo-fontello' title='' data-avia-related-tooltip='Compartir en LinkedIn' rel=\"noopener\"><span class='avia_hidden_link_text'>Compartir en LinkedIn<\/span><\/a><\/li><li class='av-share-link av-social-link-mail' ><a  aria-label=\"Compartir por correo\" href='mailto:?subject=Edelaysen%20entrega%20instalaci%C3%B3n%20el%C3%A9ctrica%20para%20Casa%20Minga%20en%20Puerto%20Cisnes&#038;body=https:\/\/radiorevelacionfm.cl\/?p=52555' aria-hidden='false' data-av_icon='\ue805' data-av_iconfont='entypo-fontello' title='' data-avia-related-tooltip='Compartir por correo'><span class='avia_hidden_link_text'>Compartir por correo<\/span><\/a><\/li><\/ul><\/div><\/div>\n<div  style='height:50px' class='hr hr-invisible   avia-builder-el-8  el_after_av_social_share  el_before_av_comments_list '><span class='hr-inner ' ><span class='hr-inner-style'><\/span><\/span><\/div>\n<div  class='av-buildercomment  av-blog-meta-html-info-disabled av-blog-meta-tag-disabled  '><\/div>\n","protected":false},"excerpt":{"rendered":"","protected":false},"author":1,"featured_media":52556,"comment_status":"closed","ping_status":"closed","sticky":false,"template":"","format":"standard","meta":{"footnotes":""},"categories":[38],"tags":[],"class_list":["post-52555","post","type-post","status-publish","format-standard","has-post-thumbnail","hentry","category-regional"],"jetpack_featured_media_url":"https:\/\/radiorevelacionfm.cl\/wp-content\/uploads\/2025\/04\/casa-minga-cisnes-2-1_optimized.jpeg","_links":{"self":[{"href":"https:\/\/radiorevelacionfm.cl\/index.php?rest_route=\/wp\/v2\/posts\/52555","targetHints":{"allow":["GET"]}}],"collection":[{"href":"https:\/\/radiorevelacionfm.cl\/index.php?rest_route=\/wp\/v2\/posts"}],"about":[{"href":"https:\/\/radiorevelacionfm.cl\/index.php?rest_route=\/wp\/v2\/types\/post"}],"author":[{"embeddable":true,"href":"https:\/\/radiorevelacionfm.cl\/index.php?rest_route=\/wp\/v2\/users\/1"}],"replies":[{"embeddable":true,"href":"https:\/\/radiorevelacionfm.cl\/index.php?rest_route=%2Fwp%2Fv2%2Fcomments&post=52555"}],"version-history":[{"count":2,"href":"https:\/\/radiorevelacionfm.cl\/index.php?rest_route=\/wp\/v2\/posts\/52555\/revisions"}],"predecessor-version":[{"id":52558,"href":"https:\/\/radiorevelacionfm.cl\/index.php?rest_route=\/wp\/v2\/posts\/52555\/revisions\/52558"}],"wp:featuredmedia":[{"embeddable":true,"href":"https:\/\/radiorevelacionfm.cl\/index.php?rest_route=\/wp\/v2\/media\/52556"}],"wp:attachment":[{"href":"https:\/\/radiorevelacionfm.cl\/index.php?rest_route=%2Fwp%2Fv2%2Fmedia&parent=52555"}],"wp:term":[{"taxonomy":"category","embeddable":true,"href":"https:\/\/radiorevelacionfm.cl\/index.php?rest_route=%2Fwp%2Fv2%2Fcategories&post=52555"},{"taxonomy":"post_tag","embeddable":true,"href":"https:\/\/radiorevelacionfm.cl\/index.php?rest_route=%2Fwp%2Fv2%2Ftags&post=52555"}],"curies":[{"name":"wp","href":"https:\/\/api.w.org\/{rel}","templated":true}]}}