{"id":52551,"date":"2025-04-11T11:50:34","date_gmt":"2025-04-11T14:50:34","guid":{"rendered":"https:\/\/radiorevelacionfm.cl\/?p=52551"},"modified":"2025-04-11T11:50:34","modified_gmt":"2025-04-11T14:50:34","slug":"mesa-regional-de-trafico-ilicito-recupera-261-piezas-arqueologicas-paleontologicas-y-geologicas","status":"publish","type":"post","link":"https:\/\/radiorevelacionfm.cl\/?p=52551","title":{"rendered":"Mesa Regional de Tr\u00e1fico il\u00edcito recupera 261 piezas arqueol\u00f3gicas, paleontol\u00f3gicas y geol\u00f3gicas"},"content":{"rendered":"<div class=\"flex_column av_one_full  flex_column_div av-zero-column-padding first  avia-builder-el-0  el_before_av_one_full  avia-builder-el-first  \" style='border-radius:0px; '><div  class='avia-image-container  av-styling-    avia-builder-el-1  avia-builder-el-no-sibling  avia-align-center '  itemprop=\"image\" itemscope=\"itemscope\" itemtype=\"https:\/\/schema.org\/ImageObject\"  ><div class='avia-image-container-inner'><div class='avia-image-overlay-wrap'><img decoding=\"async\" class='wp-image-52552 avia-img-lazy-loading-not-52552 avia_image' src=\"https:\/\/radiorevelacionfm.cl\/wp-content\/uploads\/2025\/04\/trafico-ilicito2-2-1-1.jpeg\" alt='' title='trafico ilicito2 (2) (1) (1)' height=\"600\" width=\"800\"  itemprop=\"thumbnailUrl\" srcset=\"https:\/\/radiorevelacionfm.cl\/wp-content\/uploads\/2025\/04\/trafico-ilicito2-2-1-1.jpeg 800w, https:\/\/radiorevelacionfm.cl\/wp-content\/uploads\/2025\/04\/trafico-ilicito2-2-1-1-300x225.jpeg 300w, https:\/\/radiorevelacionfm.cl\/wp-content\/uploads\/2025\/04\/trafico-ilicito2-2-1-1-768x576.jpeg 768w, https:\/\/radiorevelacionfm.cl\/wp-content\/uploads\/2025\/04\/trafico-ilicito2-2-1-1-705x529.jpeg 705w, https:\/\/radiorevelacionfm.cl\/wp-content\/uploads\/2025\/04\/trafico-ilicito2-2-1-1-450x338.jpeg 450w, https:\/\/radiorevelacionfm.cl\/wp-content\/uploads\/2025\/04\/trafico-ilicito2-2-1-1-600x450.jpeg 600w\" sizes=\"(max-width: 800px) 100vw, 800px\" \/><\/div><\/div><\/div><\/div><div class=\"flex_column av_one_full  flex_column_div av-zero-column-padding first  avia-builder-el-2  el_after_av_one_full  el_before_av_one_full  column-top-margin\" style='border-radius:0px; '><section class=\"av_textblock_section \"  itemscope=\"itemscope\" itemtype=\"https:\/\/schema.org\/BlogPosting\" itemprop=\"blogPost\" ><div class='avia_textblock  '   itemprop=\"text\" ><p style=\"text-align: center;\"><strong><span style=\"font-size: 18pt;\">Mesa Regional de Tr\u00e1fico il\u00edcito recupera 261 piezas arqueol\u00f3gicas, paleontol\u00f3gicas y geol\u00f3gicas<\/span><\/strong><\/p>\n<div id=\"gtx-trans\" style=\"position: absolute; left: -50px; top: 4.31534px;\">\n<div class=\"gtx-trans-icon\"><\/div>\n<\/div>\n<\/div><\/section><\/div><div class=\"flex_column av_one_full  flex_column_div av-zero-column-padding first  avia-builder-el-4  el_after_av_one_full  el_before_av_hr  column-top-margin\" style='border-radius:0px; '><section class=\"av_textblock_section \"  itemscope=\"itemscope\" itemtype=\"https:\/\/schema.org\/BlogPosting\" itemprop=\"blogPost\" ><div class='avia_textblock  '   itemprop=\"text\" ><p style=\"text-align: justify;\">Gracias a un acuerdo alcanzado entre el Servicio Nacional del Patrimonio Cultural, a trav\u00e9s del Consejo de Monumentos Nacionales y su Oficina T\u00e9cnica Regional, y el Servicio Nacional de Aduanas, se concret\u00f3 el traspaso de 261 piezas arqueol\u00f3gicas, paleontol\u00f3gicas y geol\u00f3gicas, en su mayor\u00eda de procedencia argentina. Entre los objetos destacan valvas de ostras f\u00f3siles, fragmentos de madera, caracoles y otras piezas paleontol\u00f3gicas, provenientes de localidades como Comodoro Rivadavia y Caleta Olivia. En cuanto al material arqueol\u00f3gico, se identificaron una boleadora y un raspador, ambos asociados a contextos precolombinos.<\/p>\n<p style=\"text-align: justify;\">Estas piezas fueron decomisadas durante controles fronterizos al intentar ser ingresadas a territorio chileno sin la debida autorizaci\u00f3n. Seg\u00fan la legislaci\u00f3n vigente, las piezas de origen argentino deben ser devueltas a su pa\u00eds de procedencia, mientras que aquellas que corresponden a territorio chileno ser\u00e1n entregadas al Museo Regional de Ays\u00e9n para su resguardo e incorporaci\u00f3n a la Colecci\u00f3n Patrimonial Regional.<\/p>\n<p style=\"text-align: justify;\">La directora regional del Patrimonio Cultural, Claudia Cantero, se mostr\u00f3 satisfecha con el trabajo conjunto que ha desempe\u00f1ado la Mesa Regional de Tr\u00e1fico Il\u00edcito, compuesta por instituciones policiales, de seguridad, patrimoniales y culturales que trabajan en torno a la protecci\u00f3n y el resguardo de los bienes arqueol\u00f3gicos y patrimoniales: \u201cGracias a este acuerdo hoy esas piezas est\u00e1n bajo resguardo del Consejo de Monumentos Nacionales y deben ser regresadas a su pa\u00eds de origen en el caso de las piezas argentinas. En el caso de las piezas chilenas deben ser entregadas a las Museo Regional de Ays\u00e9n para su resguardo y formar parte de las colecciones que ya posee el Museo\u201d.<\/p>\n<p style=\"text-align: justify;\">Para Felipe Quiroz, Seremi de las Culturas Ays\u00e9n, \u201cse trata de un logro muy importante que se concreta gracias al trabajo de las diversas instituciones p\u00fablicas que desde el a\u00f1o pasado est\u00e1n trabajando en esta mesa regional que busca proteger nuestros bienes patrimoniales y arqueol\u00f3gicos. Este trabajo finalmente va en directo beneficio de la comunidad que dentro de un tiempo podr\u00e1 apreciar nuevas piezas en la colecci\u00f3n del museo regional, las cuales forman parte de nuestra historia y de nuestra identidad\u201d.<\/p>\n<p style=\"text-align: justify;\">De acuerdo a la informaci\u00f3n entregada por Aduanas, la mayor\u00eda de las piezas paleontol\u00f3gicas corresponden a valvas de ostras f\u00f3siles, procedentes de Comodoro Rivadavia, Caleta Olivia y Rada Tilly, y fueron decomisados en un intento por ingresarlos a Chile.<\/p>\n<p style=\"text-align: justify;\">El director de Aduanas Coyhaique, Ra\u00fal Pizarro, dijo que \u201cnuestras funcionarias y funcionarios est\u00e1n capacitados para controlar estas mercanc\u00edas o poder identificar eventuales vulneraciones a la protecci\u00f3n patrimonial, como podr\u00eda ser la detecci\u00f3n de contrabando de obras de arte u objetos similares. Esta labor tambi\u00e9n requiere de la coordinaci\u00f3n con otras instituciones, como el Servicio Nacional del Patrimonio, para, por ejemplo, validar autorizaciones o certificaciones de objetos de valor patrimonial que pueden estar siendo transportados a trav\u00e9s de las fronteras\u201d.<\/p>\n<\/div><\/section><\/div><div  style='height:50px' class='hr hr-invisible   avia-builder-el-6  el_after_av_one_full  el_before_av_social_share '><span class='hr-inner ' ><span class='hr-inner-style'><\/span><\/span><\/div><\/p>\n<div  class='av-social-sharing-box  avia-builder-el-7  el_after_av_hr  el_before_av_hr  '><div class='av-share-box'><h5 class='av-share-link-description av-no-toc '>Compartir esta noticia<\/h5><ul class='av-share-box-list noLightbox'><li class='av-share-link av-social-link-facebook' ><a target=\"_blank\" aria-label=\"Compartir en Facebook\" href='https:\/\/www.facebook.com\/sharer.php?u=https:\/\/radiorevelacionfm.cl\/?p=52551&#038;t=Mesa%20Regional%20de%20Tr%C3%A1fico%20il%C3%ADcito%20recupera%20261%20piezas%20arqueol%C3%B3gicas%2C%20paleontol%C3%B3gicas%20y%20geol%C3%B3gicas' aria-hidden='false' data-av_icon='\ue8f3' data-av_iconfont='entypo-fontello' title='' data-avia-related-tooltip='Compartir en Facebook' rel=\"noopener\"><span class='avia_hidden_link_text'>Compartir en Facebook<\/span><\/a><\/li><li class='av-share-link av-social-link-twitter' ><a target=\"_blank\" aria-label=\"Compartir en Twitter\" href='https:\/\/twitter.com\/share?text=Mesa%20Regional%20de%20Tr%C3%A1fico%20il%C3%ADcito%20recupera%20261%20piezas%20arqueol%C3%B3gicas%2C%20paleontol%C3%B3gicas%20y%20geol%C3%B3gicas&#038;url=https:\/\/radiorevelacionfm.cl\/?p=52551' aria-hidden='false' data-av_icon='\ue8f1' data-av_iconfont='entypo-fontello' title='' data-avia-related-tooltip='Compartir en Twitter' rel=\"noopener\"><span class='avia_hidden_link_text'>Compartir en Twitter<\/span><\/a><\/li><li class='av-share-link av-social-link-whatsapp' ><a target=\"_blank\" aria-label=\"Compartir en Whatsapp\" href='https:\/\/api.whatsapp.com\/send?text=https:\/\/radiorevelacionfm.cl\/?p=52551' aria-hidden='false' data-av_icon='\uf232' data-av_iconfont='entypo-fontello' title='' data-avia-related-tooltip='Compartir en Whatsapp' rel=\"noopener\"><span class='avia_hidden_link_text'>Compartir en Whatsapp<\/span><\/a><\/li><li class='av-share-link av-social-link-linkedin' ><a target=\"_blank\" aria-label=\"Compartir en LinkedIn\" href='https:\/\/linkedin.com\/shareArticle?mini=true&#038;title=Mesa%20Regional%20de%20Tr%C3%A1fico%20il%C3%ADcito%20recupera%20261%20piezas%20arqueol%C3%B3gicas%2C%20paleontol%C3%B3gicas%20y%20geol%C3%B3gicas&#038;url=https:\/\/radiorevelacionfm.cl\/?p=52551' aria-hidden='false' data-av_icon='\ue8fc' data-av_iconfont='entypo-fontello' title='' data-avia-related-tooltip='Compartir en LinkedIn' rel=\"noopener\"><span class='avia_hidden_link_text'>Compartir en LinkedIn<\/span><\/a><\/li><li class='av-share-link av-social-link-mail' ><a  aria-label=\"Compartir por correo\" href='mailto:?subject=Mesa%20Regional%20de%20Tr%C3%A1fico%20il%C3%ADcito%20recupera%20261%20piezas%20arqueol%C3%B3gicas%2C%20paleontol%C3%B3gicas%20y%20geol%C3%B3gicas&#038;body=https:\/\/radiorevelacionfm.cl\/?p=52551' aria-hidden='false' data-av_icon='\ue805' data-av_iconfont='entypo-fontello' title='' data-avia-related-tooltip='Compartir por correo'><span class='avia_hidden_link_text'>Compartir por correo<\/span><\/a><\/li><\/ul><\/div><\/div>\n<div  style='height:50px' class='hr hr-invisible   avia-builder-el-8  el_after_av_social_share  el_before_av_comments_list '><span class='hr-inner ' ><span class='hr-inner-style'><\/span><\/span><\/div>\n<div  class='av-buildercomment  av-blog-meta-html-info-disabled av-blog-meta-tag-disabled  '><\/div>\n","protected":false},"excerpt":{"rendered":"","protected":false},"author":1,"featured_media":52552,"comment_status":"closed","ping_status":"closed","sticky":false,"template":"","format":"standard","meta":{"footnotes":""},"categories":[52],"tags":[],"class_list":["post-52551","post","type-post","status-publish","format-standard","has-post-thumbnail","hentry","category-cultura"],"jetpack_featured_media_url":"https:\/\/radiorevelacionfm.cl\/wp-content\/uploads\/2025\/04\/trafico-ilicito2-2-1-1.jpeg","_links":{"self":[{"href":"https:\/\/radiorevelacionfm.cl\/index.php?rest_route=\/wp\/v2\/posts\/52551","targetHints":{"allow":["GET"]}}],"collection":[{"href":"https:\/\/radiorevelacionfm.cl\/index.php?rest_route=\/wp\/v2\/posts"}],"about":[{"href":"https:\/\/radiorevelacionfm.cl\/index.php?rest_route=\/wp\/v2\/types\/post"}],"author":[{"embeddable":true,"href":"https:\/\/radiorevelacionfm.cl\/index.php?rest_route=\/wp\/v2\/users\/1"}],"replies":[{"embeddable":true,"href":"https:\/\/radiorevelacionfm.cl\/index.php?rest_route=%2Fwp%2Fv2%2Fcomments&post=52551"}],"version-history":[{"count":2,"href":"https:\/\/radiorevelacionfm.cl\/index.php?rest_route=\/wp\/v2\/posts\/52551\/revisions"}],"predecessor-version":[{"id":52554,"href":"https:\/\/radiorevelacionfm.cl\/index.php?rest_route=\/wp\/v2\/posts\/52551\/revisions\/52554"}],"wp:featuredmedia":[{"embeddable":true,"href":"https:\/\/radiorevelacionfm.cl\/index.php?rest_route=\/wp\/v2\/media\/52552"}],"wp:attachment":[{"href":"https:\/\/radiorevelacionfm.cl\/index.php?rest_route=%2Fwp%2Fv2%2Fmedia&parent=52551"}],"wp:term":[{"taxonomy":"category","embeddable":true,"href":"https:\/\/radiorevelacionfm.cl\/index.php?rest_route=%2Fwp%2Fv2%2Fcategories&post=52551"},{"taxonomy":"post_tag","embeddable":true,"href":"https:\/\/radiorevelacionfm.cl\/index.php?rest_route=%2Fwp%2Fv2%2Ftags&post=52551"}],"curies":[{"name":"wp","href":"https:\/\/api.w.org\/{rel}","templated":true}]}}