{"id":5254,"date":"2021-06-15T10:46:01","date_gmt":"2021-06-15T13:46:01","guid":{"rendered":"https:\/\/radiorevelacionfm.cl\/?p=5254"},"modified":"2021-06-15T10:46:01","modified_gmt":"2021-06-15T13:46:01","slug":"este-miercoles-finaliza-postulacion-al-capital-abeja-2021","status":"publish","type":"post","link":"https:\/\/radiorevelacionfm.cl\/?p=5254","title":{"rendered":"Este mi\u00e9rcoles finaliza postulaci\u00f3n al Capital Abeja 2021"},"content":{"rendered":"<div class=\"flex_column av_one_full  flex_column_div av-zero-column-padding first  avia-builder-el-0  el_before_av_one_full  avia-builder-el-first  \" style='border-radius:0px; '><div  class='avia-image-container  av-styling-    avia-builder-el-1  avia-builder-el-no-sibling  avia-align-center '  itemprop=\"image\" itemscope=\"itemscope\" itemtype=\"https:\/\/schema.org\/ImageObject\"  ><div class='avia-image-container-inner'><div class='avia-image-overlay-wrap'><img decoding=\"async\" class='wp-image-5255 avia-img-lazy-loading-not-5255 avia_image' src=\"https:\/\/radiorevelacionfm.cl\/wp-content\/uploads\/2021\/06\/capital-abeja-2021-1-1_optimized.jpg\" alt='' title='capital-abeja-2021-1-(1)_optimized' height=\"600\" width=\"1540\"  itemprop=\"thumbnailUrl\" srcset=\"https:\/\/radiorevelacionfm.cl\/wp-content\/uploads\/2021\/06\/capital-abeja-2021-1-1_optimized.jpg 1540w, https:\/\/radiorevelacionfm.cl\/wp-content\/uploads\/2021\/06\/capital-abeja-2021-1-1_optimized-300x117.jpg 300w, https:\/\/radiorevelacionfm.cl\/wp-content\/uploads\/2021\/06\/capital-abeja-2021-1-1_optimized-1030x401.jpg 1030w, https:\/\/radiorevelacionfm.cl\/wp-content\/uploads\/2021\/06\/capital-abeja-2021-1-1_optimized-768x299.jpg 768w, https:\/\/radiorevelacionfm.cl\/wp-content\/uploads\/2021\/06\/capital-abeja-2021-1-1_optimized-1536x598.jpg 1536w, https:\/\/radiorevelacionfm.cl\/wp-content\/uploads\/2021\/06\/capital-abeja-2021-1-1_optimized-1500x584.jpg 1500w, https:\/\/radiorevelacionfm.cl\/wp-content\/uploads\/2021\/06\/capital-abeja-2021-1-1_optimized-705x275.jpg 705w, https:\/\/radiorevelacionfm.cl\/wp-content\/uploads\/2021\/06\/capital-abeja-2021-1-1_optimized-600x234.jpg 600w\" sizes=\"(max-width: 1540px) 100vw, 1540px\" \/><\/div><\/div><\/div><\/div><div class=\"flex_column av_one_full  flex_column_div av-zero-column-padding first  avia-builder-el-2  el_after_av_one_full  el_before_av_one_full  column-top-margin\" style='border-radius:0px; '><section class=\"av_textblock_section \"  itemscope=\"itemscope\" itemtype=\"https:\/\/schema.org\/BlogPosting\" itemprop=\"blogPost\" ><div class='avia_textblock  '   itemprop=\"text\" ><p style=\"text-align: center;\"><strong><span style=\"font-size: 18pt;\">Este mi\u00e9rcoles finaliza postulaci\u00f3n al Capital Abeja 2021\u00a0<\/span><\/strong><\/p>\n<div id=\"gtx-trans\" style=\"position: absolute; left: -50px; top: 4.31534px;\">\n<div class=\"gtx-trans-icon\"><\/div>\n<\/div>\n<\/div><\/section><\/div><div class=\"flex_column av_one_full  flex_column_div av-zero-column-padding first  avia-builder-el-4  el_after_av_one_full  el_before_av_hr  column-top-margin\" style='border-radius:0px; '><section class=\"av_textblock_section \"  itemscope=\"itemscope\" itemtype=\"https:\/\/schema.org\/BlogPosting\" itemprop=\"blogPost\" ><div class='avia_textblock  '   itemprop=\"text\" ><p style=\"font-weight: 400; text-align: justify;\">Un llamado conjunto a las mujeres de la regi\u00f3n de Ays\u00e9n a postular al Capital Abeja 2021 &#8211; proceso que finaliza este mi\u00e9rcoles 16 de junio- realizaron el Servicio de Cooperaci\u00f3n T\u00e9cnica, Sercotec, y el Servicio Nacional de la Mujer y la Equidad de G\u00e9nero, SernamEG. Iniciativa que busca fortalecer el empoderamiento y la autonom\u00eda econ\u00f3mica de las emprendedoras.<\/p>\n<p style=\"font-weight: 400; text-align: justify;\">Respecto a datos relacionados con los emprendimientos de mujeres, seg\u00fan Sercotec el 56% de las empresas\/emprendimientos beneficiados por la instituci\u00f3n son liderados por mujeres en los \u00faltimos 5 a\u00f1os. De esa cifra, el 71% de los emprendimientos son liderados por mujeres mayores de 40 a\u00f1os. Sin embargo, el 53% de las mujeres que parten con una nueva idea de negocios tienen menos de 40 a\u00f1os.<\/p>\n<p style=\"font-weight: 400; text-align: justify;\">La Directora Regional de Sercotec, Cinthya Pantanalli Wandersleben, se refiri\u00f3 a los montos que ofrece el fondo concursable, que gracias a la alianza Sercotec &#8211; SernamEG, permitir\u00e1 que el presente a\u00f1o haya un presupuesto de $8.000 millones de pesos. La autoridad regional precis\u00f3 que \u201cest\u00e1 dirigido a mujeres sin inicio de actividades que va a permitir a que puedan obtener acciones de gestiones empresariales como capacitaci\u00f3n, asistencia t\u00e9cnica, acciones de marketing e inversiones para los bienes necesarios y as\u00ed poder hacer funcionar su negocio por montos de hasta 3 millones 300 mil pesos, y en el caso de las acciones de capacitaci\u00f3n por montos de 500 mil pesos. Estas emprendedoras van a tener que hacer un co- aporte en efectivo de un 2%, tanto para las acciones de gesti\u00f3n empresarial como para las inversiones. Este aporte corresponde a un porcentaje del subsidio de Sercotec\u201d.<\/p>\n<p style=\"font-weight: 400; text-align: justify;\">Por su parte, la Directora Regional de SernamEG, Elizabeth Guti\u00e9rrez Eggers, se refiri\u00f3 a las cifras macroecon\u00f3micas que avalan la apuesta a nivel nacional. \u201cLa proyecci\u00f3n del Banco Central en materia econ\u00f3mica establece que el crecimiento del pa\u00eds este a\u00f1o se proyecta en alrededor de un 9,5%; sin embargo, tenemos que estar alertas porque lo que viene para el 2022 es distinto y el crecimiento podr\u00eda bordear un 4%. Otro dato importante es que casi el 60% de los hogares en Chile es liderado por una mujer, por eso es necesario hoy d\u00eda entregar todas las herramientas a las mujeres que est\u00e1n emprendiendo. Por eso el Capital Abeja viene triplicado para permitir el desarrollo econ\u00f3mico de las mujeres que est\u00e1n tratando de emprender y que est\u00e1n ligadas a nuestros programas, los que tienen que ver no solamente los referidos a la autonom\u00eda f\u00edsica que implica superar la violencia que vive las mujeres sino que tambi\u00e9n la autonom\u00eda econ\u00f3mica porque esta conforma el pilar fundamental para alcanzar una vida aut\u00f3noma y dejar la violencia fuera de sus vidas\u201d.<\/p>\n<p style=\"font-weight: 400; text-align: justify;\">\u00adEl programa Capital Abeja est\u00e1 dirigido a mujeres emprendedoras, de sexo registral femenino, sin inicio de actividades en primera categor\u00eda ante el Servicio de Impuestos Internos (SII) o personas naturales con inicio de actividades en segunda categor\u00eda, que presenten una idea de negocio en l\u00ednea con el foco definido por la Direcci\u00f3n Regional de Sercotec. Las postulaciones y detalles del programa se encuentran en la p\u00e1gina web\u00a0<a href=\"http:\/\/www.sercotec.cl\/\" data-saferedirecturl=\"https:\/\/www.google.com\/url?q=http:\/\/www.sercotec.cl&amp;source=gmail&amp;ust=1623790604041000&amp;usg=AFQjCNGEJNy9MXAG6Vq9fbLhZN-YtfXgpw\">www.sercotec.cl<\/a><\/p>\n<\/div><\/section><\/div><div  style='height:50px' class='hr hr-invisible   avia-builder-el-6  el_after_av_one_full  el_before_av_social_share '><span class='hr-inner ' ><span class='hr-inner-style'><\/span><\/span><\/div><\/p>\n<div  class='av-social-sharing-box  avia-builder-el-7  el_after_av_hr  el_before_av_hr  '><div class='av-share-box'><h5 class='av-share-link-description av-no-toc '>Compartir esta noticia<\/h5><ul class='av-share-box-list noLightbox'><li class='av-share-link av-social-link-facebook' ><a target=\"_blank\" aria-label=\"Compartir en Facebook\" href='https:\/\/www.facebook.com\/sharer.php?u=https:\/\/radiorevelacionfm.cl\/?p=5254&#038;t=Este%20mi%C3%A9rcoles%20finaliza%20postulaci%C3%B3n%20al%20Capital%20Abeja%202021' aria-hidden='false' data-av_icon='\ue8f3' data-av_iconfont='entypo-fontello' title='' data-avia-related-tooltip='Compartir en Facebook' rel=\"noopener\"><span class='avia_hidden_link_text'>Compartir en Facebook<\/span><\/a><\/li><li class='av-share-link av-social-link-twitter' ><a target=\"_blank\" aria-label=\"Compartir en Twitter\" href='https:\/\/twitter.com\/share?text=Este%20mi%C3%A9rcoles%20finaliza%20postulaci%C3%B3n%20al%20Capital%20Abeja%202021&#038;url=https:\/\/radiorevelacionfm.cl\/?p=5254' aria-hidden='false' data-av_icon='\ue8f1' data-av_iconfont='entypo-fontello' title='' data-avia-related-tooltip='Compartir en Twitter' rel=\"noopener\"><span class='avia_hidden_link_text'>Compartir en Twitter<\/span><\/a><\/li><li class='av-share-link av-social-link-whatsapp' ><a target=\"_blank\" aria-label=\"Compartir en Whatsapp\" href='https:\/\/api.whatsapp.com\/send?text=https:\/\/radiorevelacionfm.cl\/?p=5254' aria-hidden='false' data-av_icon='\uf232' data-av_iconfont='entypo-fontello' title='' data-avia-related-tooltip='Compartir en Whatsapp' rel=\"noopener\"><span class='avia_hidden_link_text'>Compartir en Whatsapp<\/span><\/a><\/li><li class='av-share-link av-social-link-linkedin' ><a target=\"_blank\" aria-label=\"Compartir en LinkedIn\" href='https:\/\/linkedin.com\/shareArticle?mini=true&#038;title=Este%20mi%C3%A9rcoles%20finaliza%20postulaci%C3%B3n%20al%20Capital%20Abeja%202021&#038;url=https:\/\/radiorevelacionfm.cl\/?p=5254' aria-hidden='false' data-av_icon='\ue8fc' data-av_iconfont='entypo-fontello' title='' data-avia-related-tooltip='Compartir en LinkedIn' rel=\"noopener\"><span class='avia_hidden_link_text'>Compartir en LinkedIn<\/span><\/a><\/li><li class='av-share-link av-social-link-mail' ><a  aria-label=\"Compartir por correo\" href='mailto:?subject=Este%20mi%C3%A9rcoles%20finaliza%20postulaci%C3%B3n%20al%20Capital%20Abeja%202021&#038;body=https:\/\/radiorevelacionfm.cl\/?p=5254' aria-hidden='false' data-av_icon='\ue805' data-av_iconfont='entypo-fontello' title='' data-avia-related-tooltip='Compartir por correo'><span class='avia_hidden_link_text'>Compartir por correo<\/span><\/a><\/li><\/ul><\/div><\/div>\n<div  style='height:50px' class='hr hr-invisible   avia-builder-el-8  el_after_av_social_share  el_before_av_comments_list '><span class='hr-inner ' ><span class='hr-inner-style'><\/span><\/span><\/div>\n<div  class='av-buildercomment  av-blog-meta-html-info-disabled av-blog-meta-tag-disabled  '><\/div>\n","protected":false},"excerpt":{"rendered":"","protected":false},"author":1,"featured_media":5255,"comment_status":"open","ping_status":"open","sticky":false,"template":"","format":"standard","meta":{"footnotes":""},"categories":[37],"tags":[],"class_list":["post-5254","post","type-post","status-publish","format-standard","has-post-thumbnail","hentry","category-economia"],"jetpack_featured_media_url":"https:\/\/radiorevelacionfm.cl\/wp-content\/uploads\/2021\/06\/capital-abeja-2021-1-1_optimized.jpg","_links":{"self":[{"href":"https:\/\/radiorevelacionfm.cl\/index.php?rest_route=\/wp\/v2\/posts\/5254","targetHints":{"allow":["GET"]}}],"collection":[{"href":"https:\/\/radiorevelacionfm.cl\/index.php?rest_route=\/wp\/v2\/posts"}],"about":[{"href":"https:\/\/radiorevelacionfm.cl\/index.php?rest_route=\/wp\/v2\/types\/post"}],"author":[{"embeddable":true,"href":"https:\/\/radiorevelacionfm.cl\/index.php?rest_route=\/wp\/v2\/users\/1"}],"replies":[{"embeddable":true,"href":"https:\/\/radiorevelacionfm.cl\/index.php?rest_route=%2Fwp%2Fv2%2Fcomments&post=5254"}],"version-history":[{"count":1,"href":"https:\/\/radiorevelacionfm.cl\/index.php?rest_route=\/wp\/v2\/posts\/5254\/revisions"}],"predecessor-version":[{"id":5256,"href":"https:\/\/radiorevelacionfm.cl\/index.php?rest_route=\/wp\/v2\/posts\/5254\/revisions\/5256"}],"wp:featuredmedia":[{"embeddable":true,"href":"https:\/\/radiorevelacionfm.cl\/index.php?rest_route=\/wp\/v2\/media\/5255"}],"wp:attachment":[{"href":"https:\/\/radiorevelacionfm.cl\/index.php?rest_route=%2Fwp%2Fv2%2Fmedia&parent=5254"}],"wp:term":[{"taxonomy":"category","embeddable":true,"href":"https:\/\/radiorevelacionfm.cl\/index.php?rest_route=%2Fwp%2Fv2%2Fcategories&post=5254"},{"taxonomy":"post_tag","embeddable":true,"href":"https:\/\/radiorevelacionfm.cl\/index.php?rest_route=%2Fwp%2Fv2%2Ftags&post=5254"}],"curies":[{"name":"wp","href":"https:\/\/api.w.org\/{rel}","templated":true}]}}