{"id":52538,"date":"2025-04-11T20:47:08","date_gmt":"2025-04-11T23:47:08","guid":{"rendered":"https:\/\/radiorevelacionfm.cl\/?p=52538"},"modified":"2025-04-11T20:47:08","modified_gmt":"2025-04-11T23:47:08","slug":"xviii-jornadas-patagonicas-de-derecho-penal-coyhaique-sera-sede-de-reconocido-encuentro-academico","status":"publish","type":"post","link":"https:\/\/radiorevelacionfm.cl\/?p=52538","title":{"rendered":"XVIII Jornadas Patag\u00f3nicas de Derecho Penal: Coyhaique ser\u00e1 sede de reconocido encuentro acad\u00e9mico"},"content":{"rendered":"<div class=\"flex_column av_one_full  flex_column_div av-zero-column-padding first  avia-builder-el-0  el_before_av_one_full  avia-builder-el-first  \" style='border-radius:0px; '><div  class='avia-image-container  av-styling-    avia-builder-el-1  avia-builder-el-no-sibling  avia-align-center '  itemprop=\"image\" itemscope=\"itemscope\" itemtype=\"https:\/\/schema.org\/ImageObject\"  ><div class='avia-image-container-inner'><div class='avia-image-overlay-wrap'><img decoding=\"async\" class='wp-image-52539 avia-img-lazy-loading-not-52539 avia_image' src=\"https:\/\/radiorevelacionfm.cl\/wp-content\/uploads\/2025\/04\/afiche_con_nombres-2_optimized-1.jpg\" alt='' title='afiche_con_nombres-(2)_optimized (1)' height=\"600\" width=\"1067\"  itemprop=\"thumbnailUrl\" srcset=\"https:\/\/radiorevelacionfm.cl\/wp-content\/uploads\/2025\/04\/afiche_con_nombres-2_optimized-1.jpg 1067w, https:\/\/radiorevelacionfm.cl\/wp-content\/uploads\/2025\/04\/afiche_con_nombres-2_optimized-1-300x169.jpg 300w, https:\/\/radiorevelacionfm.cl\/wp-content\/uploads\/2025\/04\/afiche_con_nombres-2_optimized-1-1030x579.jpg 1030w, https:\/\/radiorevelacionfm.cl\/wp-content\/uploads\/2025\/04\/afiche_con_nombres-2_optimized-1-768x432.jpg 768w, https:\/\/radiorevelacionfm.cl\/wp-content\/uploads\/2025\/04\/afiche_con_nombres-2_optimized-1-705x396.jpg 705w, https:\/\/radiorevelacionfm.cl\/wp-content\/uploads\/2025\/04\/afiche_con_nombres-2_optimized-1-450x253.jpg 450w, https:\/\/radiorevelacionfm.cl\/wp-content\/uploads\/2025\/04\/afiche_con_nombres-2_optimized-1-600x337.jpg 600w\" sizes=\"(max-width: 1067px) 100vw, 1067px\" \/><\/div><\/div><\/div><\/div><div class=\"flex_column av_one_full  flex_column_div av-zero-column-padding first  avia-builder-el-2  el_after_av_one_full  el_before_av_one_full  column-top-margin\" style='border-radius:0px; '><section class=\"av_textblock_section \"  itemscope=\"itemscope\" itemtype=\"https:\/\/schema.org\/BlogPosting\" itemprop=\"blogPost\" ><div class='avia_textblock  '   itemprop=\"text\" ><p style=\"font-weight: 400; text-align: center;\"><span style=\"font-size: 18pt;\"><strong>XVIII Jornadas Patag\u00f3nicas de Derecho Penal: Coyhaique ser\u00e1 sede de reconocido encuentro acad\u00e9mico<\/strong><\/span><\/p>\n<div id=\"gtx-trans\" style=\"position: absolute; left: -50px; top: 4.31534px;\">\n<div class=\"gtx-trans-icon\"><\/div>\n<\/div>\n<\/div><\/section><\/div><div class=\"flex_column av_one_full  flex_column_div av-zero-column-padding first  avia-builder-el-4  el_after_av_one_full  el_before_av_hr  column-top-margin\" style='border-radius:0px; '><section class=\"av_textblock_section \"  itemscope=\"itemscope\" itemtype=\"https:\/\/schema.org\/BlogPosting\" itemprop=\"blogPost\" ><div class='avia_textblock  '   itemprop=\"text\" ><p style=\"font-weight: 400; text-align: justify;\"><em>Se realizar\u00e1 los d\u00edas 24 y 25 de abril de 2025 en el auditorio del Ej\u00e9rcito.<\/em><\/p>\n<p style=\"font-weight: 400; text-align: justify;\">Coyhaique ser\u00e1 sede de un importante encuentro acad\u00e9mico los d\u00edas 24 y 25 de abril de 2025, con motivo de la realizaci\u00f3n de las XVIII Jornadas Patag\u00f3nicas de Derecho Penal, un espacio de reflexi\u00f3n y an\u00e1lisis sobre temas de alta relevancia jur\u00eddica y social en el \u00e1mbito penal. El evento, abierto a abogados y profesionales de diversas \u00e1reas, se efectuar\u00e1 en el auditorio del Ej\u00e9rcito en Coyhaique, seg\u00fan explic\u00f3 el Fiscal Regional (s), Jos\u00e9 Moris.<\/p>\n<p style=\"font-weight: 400; text-align: justify;\">El programa contempla ponencias de destacados acad\u00e9micos y especialistas nacionales, quienes abordar\u00e1n diversas problem\u00e1ticas contempor\u00e1neas del Derecho Penal, a\u00f1adi\u00f3 el persecutor penal. El jueves 24 de abril, desde las 14:30 horas, expondr\u00e1 la Dra. Diva Serra Cruz, quien abordar\u00e1 la \u201cEficacia persecutoria y tipicidad en el delito de fraude al fisco\u201d y luego el Dr. Nicol\u00e1s Oxman Vilches, con la tem\u00e1tica denominada \u201cConsentimiento y medios de comisi\u00f3n en los delitos de violaci\u00f3n y abuso sexuales\u201d.<\/p>\n<p style=\"font-weight: 400; text-align: justify;\">El viernes 25 de abril a las 09:30 horas, el Dr. Carlos Castellv\u00ed Monserrat, analizar\u00e1 \u201cLa relevancia penal del stealthing y de otros enga\u00f1os sexuales\u201d y el Dr. Juan Pablo Ma\u00f1alich Raffo expondr\u00e1 sobre \u201cLa funci\u00f3n penol\u00f3gica del concepto legal de delito econ\u00f3mico\u201d.<\/p>\n<p style=\"font-weight: 400; text-align: justify;\">En la tarde del mismo viernes 25 de abril, desde las 14:30 horas, la Dra. Alejandra Castillo Ara, presentar\u00e1 los \u201cAspectos dogm\u00e1ticos del delito de secuestro\u201d y el Dr. H\u00e9ctor Hern\u00e1ndez Basualto abordar\u00e1 la \u201cResponsabilidad penal de los abogados por conductas de sus clientes. Algunas aclaraciones\u201d.<\/p>\n<p style=\"font-weight: 400; text-align: justify;\">Estas Jornadas Patag\u00f3nicas de Derecho Penal, las cuales no tienen costo de inscripci\u00f3n, representan una instancia fundamental de actualizaci\u00f3n y formaci\u00f3n jur\u00eddica, abierta a estudiantes, profesionales del Derecho, acad\u00e9micos y funcionarios p\u00fablicos. Las personas interesadas en asistir pueden escribir al correo\u00a0<a href=\"mailto:fnunez@minpublico.cl\">fnunez@minpublico.cl<\/a><\/p>\n<\/div><\/section><\/div><div  style='height:50px' class='hr hr-invisible   avia-builder-el-6  el_after_av_one_full  el_before_av_social_share '><span class='hr-inner ' ><span class='hr-inner-style'><\/span><\/span><\/div><\/p>\n<div  class='av-social-sharing-box  avia-builder-el-7  el_after_av_hr  el_before_av_hr  '><div class='av-share-box'><h5 class='av-share-link-description av-no-toc '>Compartir esta noticia<\/h5><ul class='av-share-box-list noLightbox'><li class='av-share-link av-social-link-facebook' ><a target=\"_blank\" aria-label=\"Compartir en Facebook\" href='https:\/\/www.facebook.com\/sharer.php?u=https:\/\/radiorevelacionfm.cl\/?p=52538&#038;t=XVIII%20Jornadas%20Patag%C3%B3nicas%20de%20Derecho%20Penal%3A%20Coyhaique%20ser%C3%A1%20sede%20de%20reconocido%20encuentro%20acad%C3%A9mico' aria-hidden='false' data-av_icon='\ue8f3' data-av_iconfont='entypo-fontello' title='' data-avia-related-tooltip='Compartir en Facebook' rel=\"noopener\"><span class='avia_hidden_link_text'>Compartir en Facebook<\/span><\/a><\/li><li class='av-share-link av-social-link-twitter' ><a target=\"_blank\" aria-label=\"Compartir en Twitter\" href='https:\/\/twitter.com\/share?text=XVIII%20Jornadas%20Patag%C3%B3nicas%20de%20Derecho%20Penal%3A%20Coyhaique%20ser%C3%A1%20sede%20de%20reconocido%20encuentro%20acad%C3%A9mico&#038;url=https:\/\/radiorevelacionfm.cl\/?p=52538' aria-hidden='false' data-av_icon='\ue8f1' data-av_iconfont='entypo-fontello' title='' data-avia-related-tooltip='Compartir en Twitter' rel=\"noopener\"><span class='avia_hidden_link_text'>Compartir en Twitter<\/span><\/a><\/li><li class='av-share-link av-social-link-whatsapp' ><a target=\"_blank\" aria-label=\"Compartir en Whatsapp\" href='https:\/\/api.whatsapp.com\/send?text=https:\/\/radiorevelacionfm.cl\/?p=52538' aria-hidden='false' data-av_icon='\uf232' data-av_iconfont='entypo-fontello' title='' data-avia-related-tooltip='Compartir en Whatsapp' rel=\"noopener\"><span class='avia_hidden_link_text'>Compartir en Whatsapp<\/span><\/a><\/li><li class='av-share-link av-social-link-linkedin' ><a target=\"_blank\" aria-label=\"Compartir en LinkedIn\" href='https:\/\/linkedin.com\/shareArticle?mini=true&#038;title=XVIII%20Jornadas%20Patag%C3%B3nicas%20de%20Derecho%20Penal%3A%20Coyhaique%20ser%C3%A1%20sede%20de%20reconocido%20encuentro%20acad%C3%A9mico&#038;url=https:\/\/radiorevelacionfm.cl\/?p=52538' aria-hidden='false' data-av_icon='\ue8fc' data-av_iconfont='entypo-fontello' title='' data-avia-related-tooltip='Compartir en LinkedIn' rel=\"noopener\"><span class='avia_hidden_link_text'>Compartir en LinkedIn<\/span><\/a><\/li><li class='av-share-link av-social-link-mail' ><a  aria-label=\"Compartir por correo\" href='mailto:?subject=XVIII%20Jornadas%20Patag%C3%B3nicas%20de%20Derecho%20Penal%3A%20Coyhaique%20ser%C3%A1%20sede%20de%20reconocido%20encuentro%20acad%C3%A9mico&#038;body=https:\/\/radiorevelacionfm.cl\/?p=52538' aria-hidden='false' data-av_icon='\ue805' data-av_iconfont='entypo-fontello' title='' data-avia-related-tooltip='Compartir por correo'><span class='avia_hidden_link_text'>Compartir por correo<\/span><\/a><\/li><\/ul><\/div><\/div>\n<div  style='height:50px' class='hr hr-invisible   avia-builder-el-8  el_after_av_social_share  el_before_av_comments_list '><span class='hr-inner ' ><span class='hr-inner-style'><\/span><\/span><\/div>\n<div  class='av-buildercomment  av-blog-meta-html-info-disabled av-blog-meta-tag-disabled  '><\/div>\n","protected":false},"excerpt":{"rendered":"","protected":false},"author":1,"featured_media":52539,"comment_status":"closed","ping_status":"closed","sticky":false,"template":"","format":"standard","meta":{"footnotes":""},"categories":[55],"tags":[],"class_list":["post-52538","post","type-post","status-publish","format-standard","has-post-thumbnail","hentry","category-justicia"],"jetpack_featured_media_url":"https:\/\/radiorevelacionfm.cl\/wp-content\/uploads\/2025\/04\/afiche_con_nombres-2_optimized-1.jpg","_links":{"self":[{"href":"https:\/\/radiorevelacionfm.cl\/index.php?rest_route=\/wp\/v2\/posts\/52538","targetHints":{"allow":["GET"]}}],"collection":[{"href":"https:\/\/radiorevelacionfm.cl\/index.php?rest_route=\/wp\/v2\/posts"}],"about":[{"href":"https:\/\/radiorevelacionfm.cl\/index.php?rest_route=\/wp\/v2\/types\/post"}],"author":[{"embeddable":true,"href":"https:\/\/radiorevelacionfm.cl\/index.php?rest_route=\/wp\/v2\/users\/1"}],"replies":[{"embeddable":true,"href":"https:\/\/radiorevelacionfm.cl\/index.php?rest_route=%2Fwp%2Fv2%2Fcomments&post=52538"}],"version-history":[{"count":2,"href":"https:\/\/radiorevelacionfm.cl\/index.php?rest_route=\/wp\/v2\/posts\/52538\/revisions"}],"predecessor-version":[{"id":52586,"href":"https:\/\/radiorevelacionfm.cl\/index.php?rest_route=\/wp\/v2\/posts\/52538\/revisions\/52586"}],"wp:featuredmedia":[{"embeddable":true,"href":"https:\/\/radiorevelacionfm.cl\/index.php?rest_route=\/wp\/v2\/media\/52539"}],"wp:attachment":[{"href":"https:\/\/radiorevelacionfm.cl\/index.php?rest_route=%2Fwp%2Fv2%2Fmedia&parent=52538"}],"wp:term":[{"taxonomy":"category","embeddable":true,"href":"https:\/\/radiorevelacionfm.cl\/index.php?rest_route=%2Fwp%2Fv2%2Fcategories&post=52538"},{"taxonomy":"post_tag","embeddable":true,"href":"https:\/\/radiorevelacionfm.cl\/index.php?rest_route=%2Fwp%2Fv2%2Ftags&post=52538"}],"curies":[{"name":"wp","href":"https:\/\/api.w.org\/{rel}","templated":true}]}}