{"id":52534,"date":"2025-04-10T19:15:01","date_gmt":"2025-04-10T22:15:01","guid":{"rendered":"https:\/\/radiorevelacionfm.cl\/?p=52534"},"modified":"2025-04-10T19:15:01","modified_gmt":"2025-04-10T22:15:01","slug":"carabineros-del-gope-aysen-se-suma-a-operativo-de-busqueda-y-rastreo-de-tripulante-desaparecido-en-melinka","status":"publish","type":"post","link":"https:\/\/radiorevelacionfm.cl\/?p=52534","title":{"rendered":"Carabineros del GOPE Ays\u00e9n se suma a operativo de b\u00fasqueda y rastreo de tripulante desaparecido en Melinka"},"content":{"rendered":"<div class=\"flex_column av_one_full  flex_column_div av-zero-column-padding first  avia-builder-el-0  el_before_av_one_full  avia-builder-el-first  \" style='border-radius:0px; '><div  class='avia-image-container  av-styling-    avia-builder-el-1  avia-builder-el-no-sibling  avia-align-center '  itemprop=\"image\" itemscope=\"itemscope\" itemtype=\"https:\/\/schema.org\/ImageObject\"  ><div class='avia-image-container-inner'><div class='avia-image-overlay-wrap'><img decoding=\"async\" class='wp-image-52535 avia-img-lazy-loading-not-52535 avia_image' src=\"https:\/\/radiorevelacionfm.cl\/wp-content\/uploads\/2025\/04\/927668c7-d7c6-4f93-ad99-977b47e6b912-1-1.jpg\" alt='' title='927668c7-d7c6-4f93-ad99-977b47e6b912 (1) (1)' height=\"600\" width=\"800\"  itemprop=\"thumbnailUrl\" srcset=\"https:\/\/radiorevelacionfm.cl\/wp-content\/uploads\/2025\/04\/927668c7-d7c6-4f93-ad99-977b47e6b912-1-1.jpg 800w, https:\/\/radiorevelacionfm.cl\/wp-content\/uploads\/2025\/04\/927668c7-d7c6-4f93-ad99-977b47e6b912-1-1-300x225.jpg 300w, https:\/\/radiorevelacionfm.cl\/wp-content\/uploads\/2025\/04\/927668c7-d7c6-4f93-ad99-977b47e6b912-1-1-768x576.jpg 768w, https:\/\/radiorevelacionfm.cl\/wp-content\/uploads\/2025\/04\/927668c7-d7c6-4f93-ad99-977b47e6b912-1-1-705x529.jpg 705w, https:\/\/radiorevelacionfm.cl\/wp-content\/uploads\/2025\/04\/927668c7-d7c6-4f93-ad99-977b47e6b912-1-1-450x338.jpg 450w, https:\/\/radiorevelacionfm.cl\/wp-content\/uploads\/2025\/04\/927668c7-d7c6-4f93-ad99-977b47e6b912-1-1-600x450.jpg 600w\" sizes=\"(max-width: 800px) 100vw, 800px\" \/><\/div><\/div><\/div><\/div><div class=\"flex_column av_one_full  flex_column_div av-zero-column-padding first  avia-builder-el-2  el_after_av_one_full  el_before_av_one_full  column-top-margin\" style='border-radius:0px; '><section class=\"av_textblock_section \"  itemscope=\"itemscope\" itemtype=\"https:\/\/schema.org\/BlogPosting\" itemprop=\"blogPost\" ><div class='avia_textblock  '   itemprop=\"text\" ><p style=\"text-align: center;\"><strong><span style=\"font-size: 18pt;\">Carabineros del GOPE Ays\u00e9n se suma a operativo de b\u00fasqueda y rastreo de tripulante desaparecido en Melinka<\/span><\/strong><\/p>\n<div id=\"gtx-trans\" style=\"position: absolute; left: -50px; top: 4.31534px;\">\n<div class=\"gtx-trans-icon\"><\/div>\n<\/div>\n<\/div><\/section><\/div><div class=\"flex_column av_one_full  flex_column_div av-zero-column-padding first  avia-builder-el-4  el_after_av_one_full  el_before_av_hr  column-top-margin\" style='border-radius:0px; '><section class=\"av_textblock_section \"  itemscope=\"itemscope\" itemtype=\"https:\/\/schema.org\/BlogPosting\" itemprop=\"blogPost\" ><div class='avia_textblock  '   itemprop=\"text\" ><p dir=\"ltr\" style=\"text-align: justify;\">El personal especializado desarrolla tareas en una zona de inter\u00e9s para la familia, inspeccionando roquer\u00edos y zonas boscosas pr\u00f3ximas al \u00e1rea de b\u00fasqueda.<\/p>\n<p dir=\"ltr\" style=\"text-align: justify;\">Una patrulla del Grupo de Operaciones Policiales Especiales (GOPE) Ays\u00e9n se traslad\u00f3 hasta la isla de Melinka y se incorpor\u00f3 desde el jueves 10 de abril a las tareas de b\u00fasqueda\u00a0del tripulante de 58 a\u00f1os de una embarcaci\u00f3n quien se encuentra extraviado desde el 29 de marzo en el sector del canal Lagreze &#8211; Repollal, mientras desarrollaba labores de recolecci\u00f3n de le\u00f1a en el lugar.<\/p>\n<p dir=\"ltr\" style=\"text-align: justify;\">El Jefe del GOPE Ays\u00e9n, Teniente V\u00edctor Cuevas Pereira, indic\u00f3 que tras coordinaciones con la Fiscal\u00eda en virtud de una especial petici\u00f3n por parte de familiares, el personal especializado se incorpor\u00f3 a las tareas que desarrollan equipos de rescate de la Armada y el Grupo de rescate Subacu\u00e1tico (Gersa) de Bomberos de Dalcahue.<\/p>\n<p dir=\"ltr\" style=\"text-align: justify;\">\u00abEl GOPE comenz\u00f3 a trabajar hoy en un punto de inter\u00e9s a petici\u00f3n de la familia, donde eventualmente podr\u00eda encontrarse un rastro de esta persona. Con esos antecedentes comenzamos a trabajar en una triangulaci\u00f3n del sector para poder descartar todo tipo de lugares, sectores boscosos y roquer\u00edos de dif\u00edcil acceso, donde se trabaj\u00f3 arduamente desde las 08:30 horas\u00bb, indic\u00f3 el Oficial.<\/p>\n<p dir=\"ltr\" style=\"text-align: justify;\">\u00abSe trabaj\u00f3 en el borde costero y desde ah\u00ed hacia el interior, por donde la familia solicit\u00f3 que se busque, ante la eventualidad que la persona pueda haber logrado salir\u00bb, a\u00f1adi\u00f3.<\/p>\n<p dir=\"ltr\" style=\"text-align: justify;\">El Teniente Cuevas expres\u00f3 el compromiso de la Instituci\u00f3n en las labores, esperanzado en obtener resultados que permitan llevar tranquilidad a la familia.<\/p>\n<p dir=\"ltr\" style=\"text-align: justify;\">\u00abVamos a apoyar las tareas de b\u00fasqueda hoy y los pr\u00f3ximos d\u00edas, vamos a estar a disposici\u00f3n de la familia para llevarles tranquilidad y podamos encontrar a la persona que es lo m\u00e1s importante\u00bb, precis\u00f3.<\/p>\n<p dir=\"ltr\" style=\"text-align: justify;\">Asimismo el GOPE traslad\u00f3 un equipo rob\u00f3tico para b\u00fasqueda submarina estando disponible ante alg\u00fan requerimiento, previa verificaci\u00f3n de las condiciones del lugar en cuanto a roquer\u00edos, troncos, vegetaci\u00f3n o condiciones clim\u00e1ticas imperantes en la isla.<\/p>\n<\/div><\/section><\/div><div  style='height:50px' class='hr hr-invisible   avia-builder-el-6  el_after_av_one_full  el_before_av_social_share '><span class='hr-inner ' ><span class='hr-inner-style'><\/span><\/span><\/div><\/p>\n<div  class='av-social-sharing-box  avia-builder-el-7  el_after_av_hr  el_before_av_hr  '><div class='av-share-box'><h5 class='av-share-link-description av-no-toc '>Compartir esta noticia<\/h5><ul class='av-share-box-list noLightbox'><li class='av-share-link av-social-link-facebook' ><a target=\"_blank\" aria-label=\"Compartir en Facebook\" href='https:\/\/www.facebook.com\/sharer.php?u=https:\/\/radiorevelacionfm.cl\/?p=52534&#038;t=Carabineros%20del%20GOPE%20Ays%C3%A9n%20se%20suma%20a%20operativo%20de%20b%C3%BAsqueda%20y%20rastreo%20de%20tripulante%20desaparecido%20en%20Melinka' aria-hidden='false' data-av_icon='\ue8f3' data-av_iconfont='entypo-fontello' title='' data-avia-related-tooltip='Compartir en Facebook' rel=\"noopener\"><span class='avia_hidden_link_text'>Compartir en Facebook<\/span><\/a><\/li><li class='av-share-link av-social-link-twitter' ><a target=\"_blank\" aria-label=\"Compartir en Twitter\" href='https:\/\/twitter.com\/share?text=Carabineros%20del%20GOPE%20Ays%C3%A9n%20se%20suma%20a%20operativo%20de%20b%C3%BAsqueda%20y%20rastreo%20de%20tripulante%20desaparecido%20en%20Melinka&#038;url=https:\/\/radiorevelacionfm.cl\/?p=52534' aria-hidden='false' data-av_icon='\ue8f1' data-av_iconfont='entypo-fontello' title='' data-avia-related-tooltip='Compartir en Twitter' rel=\"noopener\"><span class='avia_hidden_link_text'>Compartir en Twitter<\/span><\/a><\/li><li class='av-share-link av-social-link-whatsapp' ><a target=\"_blank\" aria-label=\"Compartir en Whatsapp\" href='https:\/\/api.whatsapp.com\/send?text=https:\/\/radiorevelacionfm.cl\/?p=52534' aria-hidden='false' data-av_icon='\uf232' data-av_iconfont='entypo-fontello' title='' data-avia-related-tooltip='Compartir en Whatsapp' rel=\"noopener\"><span class='avia_hidden_link_text'>Compartir en Whatsapp<\/span><\/a><\/li><li class='av-share-link av-social-link-linkedin' ><a target=\"_blank\" aria-label=\"Compartir en LinkedIn\" href='https:\/\/linkedin.com\/shareArticle?mini=true&#038;title=Carabineros%20del%20GOPE%20Ays%C3%A9n%20se%20suma%20a%20operativo%20de%20b%C3%BAsqueda%20y%20rastreo%20de%20tripulante%20desaparecido%20en%20Melinka&#038;url=https:\/\/radiorevelacionfm.cl\/?p=52534' aria-hidden='false' data-av_icon='\ue8fc' data-av_iconfont='entypo-fontello' title='' data-avia-related-tooltip='Compartir en LinkedIn' rel=\"noopener\"><span class='avia_hidden_link_text'>Compartir en LinkedIn<\/span><\/a><\/li><li class='av-share-link av-social-link-mail' ><a  aria-label=\"Compartir por correo\" href='mailto:?subject=Carabineros%20del%20GOPE%20Ays%C3%A9n%20se%20suma%20a%20operativo%20de%20b%C3%BAsqueda%20y%20rastreo%20de%20tripulante%20desaparecido%20en%20Melinka&#038;body=https:\/\/radiorevelacionfm.cl\/?p=52534' aria-hidden='false' data-av_icon='\ue805' data-av_iconfont='entypo-fontello' title='' data-avia-related-tooltip='Compartir por correo'><span class='avia_hidden_link_text'>Compartir por correo<\/span><\/a><\/li><\/ul><\/div><\/div>\n<div  style='height:50px' class='hr hr-invisible   avia-builder-el-8  el_after_av_social_share  el_before_av_comments_list '><span class='hr-inner ' ><span class='hr-inner-style'><\/span><\/span><\/div>\n<div  class='av-buildercomment  av-blog-meta-html-info-disabled av-blog-meta-tag-disabled  '><\/div>\n","protected":false},"excerpt":{"rendered":"","protected":false},"author":1,"featured_media":52535,"comment_status":"closed","ping_status":"closed","sticky":false,"template":"","format":"standard","meta":{"footnotes":""},"categories":[36],"tags":[],"class_list":["post-52534","post","type-post","status-publish","format-standard","has-post-thumbnail","hentry","category-policial"],"jetpack_featured_media_url":"https:\/\/radiorevelacionfm.cl\/wp-content\/uploads\/2025\/04\/927668c7-d7c6-4f93-ad99-977b47e6b912-1-1.jpg","_links":{"self":[{"href":"https:\/\/radiorevelacionfm.cl\/index.php?rest_route=\/wp\/v2\/posts\/52534","targetHints":{"allow":["GET"]}}],"collection":[{"href":"https:\/\/radiorevelacionfm.cl\/index.php?rest_route=\/wp\/v2\/posts"}],"about":[{"href":"https:\/\/radiorevelacionfm.cl\/index.php?rest_route=\/wp\/v2\/types\/post"}],"author":[{"embeddable":true,"href":"https:\/\/radiorevelacionfm.cl\/index.php?rest_route=\/wp\/v2\/users\/1"}],"replies":[{"embeddable":true,"href":"https:\/\/radiorevelacionfm.cl\/index.php?rest_route=%2Fwp%2Fv2%2Fcomments&post=52534"}],"version-history":[{"count":2,"href":"https:\/\/radiorevelacionfm.cl\/index.php?rest_route=\/wp\/v2\/posts\/52534\/revisions"}],"predecessor-version":[{"id":52541,"href":"https:\/\/radiorevelacionfm.cl\/index.php?rest_route=\/wp\/v2\/posts\/52534\/revisions\/52541"}],"wp:featuredmedia":[{"embeddable":true,"href":"https:\/\/radiorevelacionfm.cl\/index.php?rest_route=\/wp\/v2\/media\/52535"}],"wp:attachment":[{"href":"https:\/\/radiorevelacionfm.cl\/index.php?rest_route=%2Fwp%2Fv2%2Fmedia&parent=52534"}],"wp:term":[{"taxonomy":"category","embeddable":true,"href":"https:\/\/radiorevelacionfm.cl\/index.php?rest_route=%2Fwp%2Fv2%2Fcategories&post=52534"},{"taxonomy":"post_tag","embeddable":true,"href":"https:\/\/radiorevelacionfm.cl\/index.php?rest_route=%2Fwp%2Fv2%2Ftags&post=52534"}],"curies":[{"name":"wp","href":"https:\/\/api.w.org\/{rel}","templated":true}]}}