{"id":52526,"date":"2025-04-11T09:58:49","date_gmt":"2025-04-11T12:58:49","guid":{"rendered":"https:\/\/radiorevelacionfm.cl\/?p=52526"},"modified":"2025-04-11T09:58:49","modified_gmt":"2025-04-11T12:58:49","slug":"conaf-aysen-participa-en-la-firma-del-acuerdo-de-produccion-limpia-para-el-manejo-sustentable-del-bosque-nativo-en-coyhaique","status":"publish","type":"post","link":"https:\/\/radiorevelacionfm.cl\/?p=52526","title":{"rendered":"Conaf Ays\u00e9n participa en la firma del Acuerdo de Producci\u00f3n Limpia para el manejo sustentable del bosque nativo en Coyhaique"},"content":{"rendered":"<div class=\"flex_column av_one_full  flex_column_div av-zero-column-padding first  avia-builder-el-0  el_before_av_one_full  avia-builder-el-first  \" style='border-radius:0px; '><div  class='avia-image-container  av-styling-    avia-builder-el-1  avia-builder-el-no-sibling  avia-align-center '  itemprop=\"image\" itemscope=\"itemscope\" itemtype=\"https:\/\/schema.org\/ImageObject\"  ><div class='avia-image-container-inner'><div class='avia-image-overlay-wrap'><img decoding=\"async\" class='wp-image-52527 avia-img-lazy-loading-not-52527 avia_image' src=\"https:\/\/radiorevelacionfm.cl\/wp-content\/uploads\/2025\/04\/2-88-1_optimized-1.jpeg\" alt='' title='2-(88)-(1)_optimized (1)' height=\"625\" width=\"804\"  itemprop=\"thumbnailUrl\" srcset=\"https:\/\/radiorevelacionfm.cl\/wp-content\/uploads\/2025\/04\/2-88-1_optimized-1.jpeg 804w, https:\/\/radiorevelacionfm.cl\/wp-content\/uploads\/2025\/04\/2-88-1_optimized-1-300x233.jpeg 300w, https:\/\/radiorevelacionfm.cl\/wp-content\/uploads\/2025\/04\/2-88-1_optimized-1-768x597.jpeg 768w, https:\/\/radiorevelacionfm.cl\/wp-content\/uploads\/2025\/04\/2-88-1_optimized-1-705x548.jpeg 705w, https:\/\/radiorevelacionfm.cl\/wp-content\/uploads\/2025\/04\/2-88-1_optimized-1-450x350.jpeg 450w, https:\/\/radiorevelacionfm.cl\/wp-content\/uploads\/2025\/04\/2-88-1_optimized-1-600x466.jpeg 600w\" sizes=\"(max-width: 804px) 100vw, 804px\" \/><\/div><\/div><\/div><\/div><div class=\"flex_column av_one_full  flex_column_div av-zero-column-padding first  avia-builder-el-2  el_after_av_one_full  el_before_av_one_full  column-top-margin\" style='border-radius:0px; '><section class=\"av_textblock_section \"  itemscope=\"itemscope\" itemtype=\"https:\/\/schema.org\/BlogPosting\" itemprop=\"blogPost\" ><div class='avia_textblock  '   itemprop=\"text\" ><p style=\"text-align: center;\"><strong><span style=\"font-size: 18pt;\">Conaf Ays\u00e9n participa en la firma del Acuerdo de Producci\u00f3n Limpia para el manejo sustentable del bosque nativo en Coyhaique<\/span><\/strong><\/p>\n<div id=\"gtx-trans\" style=\"position: absolute; left: -50px; top: 4.31534px;\">\n<div class=\"gtx-trans-icon\"><\/div>\n<\/div>\n<\/div><\/section><\/div><div class=\"flex_column av_one_full  flex_column_div av-zero-column-padding first  avia-builder-el-4  el_after_av_one_full  el_before_av_hr  column-top-margin\" style='border-radius:0px; '><section class=\"av_textblock_section \"  itemscope=\"itemscope\" itemtype=\"https:\/\/schema.org\/BlogPosting\" itemprop=\"blogPost\" ><div class='avia_textblock  '   itemprop=\"text\" ><p style=\"font-weight: 400; text-align: justify;\">Se busca mejorar la competitividad de las y los propietarios de bosques, promover el uso de los productos forestales sostenibles aportando a la mitigaci\u00f3n del cambio clim\u00e1tico.<\/p>\n<p style=\"font-weight: 400; text-align: justify;\">En el hall central del Gobierno Regional de Ays\u00e9n se llev\u00f3 a cabo la ceremonia de firma del Acuerdo de Producci\u00f3n Limpia (APL) \u201cBosque Nativo Coyhaique bajo un Modelo de Gesti\u00f3n de Sustentabilidad Forestal\u201d, iniciativa que marca un hito para la conservaci\u00f3n y uso responsable del bosque nativo en la regi\u00f3n. El plazo de ejecuci\u00f3n de la etapa de implementaci\u00f3n del acuerdo es de 24 meses.<\/p>\n<p style=\"font-weight: 400; text-align: justify;\">El Acuerdo de Producci\u00f3n Limpia tiene como objetivo fortalecer el manejo sustentable del bosque nativo de Coyhaique, mediante la implementaci\u00f3n de planes de manejo bajo criterios de ordenaci\u00f3n forestal. Asimismo, se busca mejorar la competitividad de las y los propietarios del bosque nativo, la sustentabilidad de los territorios y su aporte en la mitigaci\u00f3n del cambio clim\u00e1tico.<\/p>\n<p style=\"font-weight: 400; text-align: justify;\">La actividad cont\u00f3 con la presencia de diferentes autoridades regionales, entre ellas, la directora ejecutiva de la Agencia de Sustentabilidad y Cambio Clim\u00e1tico de CORFO, Ximena Ruz Espejo; el gobernador regional de Ays\u00e9n, Marcelo Santana Vargas; el seremi de Energ\u00eda, Tom\u00e1s Laibe; el seremi de Agricultura, Eugenio Ruiz Espinoza; la seremi del Medio Ambiente, Yoal D\u00edaz; la directora regional del Instituto de Desarrollo Agropecuario, Yessica Lagos C\u00e1rdenas; el Director Regional de CONAF Ays\u00e9n, Ronald Valenzuela Campos; la directora regional del Servicio de Cooperaci\u00f3n T\u00e9cnica, Nelly Vargas Mansilla; el alcalde de Coyhaique, Carlos Gatica;\u00a0investigadores del centro CIEP y representantes del Consorcio de propietarios de Bosque Nativo,\u00a0entre otras autoridades.<\/p>\n<p style=\"font-weight: 400; text-align: justify;\">Entre los compromisos asumidos por las empresas y personas propietarias del bosque nativo que se adhieran al APL, se encuentra la implementaci\u00f3n un sistema de seguimiento, que permita medir, gestionar y reportar indicadores de sustentabilidad; fortalecer el modelo de gesti\u00f3n sustentable del bosque para desarrollar e implementar planes de manejo bajo criterios de Ordenaci\u00f3n Forestal junto a los propietarios del bosque nativo del APL; dise\u00f1ar e implementar una estrategia de fomento productivo que promueva el desarrollo del sector forestal, los bienes y servicios proporcionados por el bosque nativo; fomentar el acceso a financiamiento y la aplicaci\u00f3n de normativas energ\u00e9ticas para propietarios\/as del bosque nativo, con \u00e9nfasis en la Ley de Biocombustibles; dise\u00f1ar e implementar una estrategia comunicacional que visibilice la importancia y beneficios de los productos forestales sostenibles y el manejo sustentable del bosque nativo; y, por \u00faltimo, crear y fortalecer capacidades en los propietarios\/as del bosque nativo, en materias sobre competitividad, sustentabilidad y adaptaci\u00f3n del bosque nativo ante el cambio clim\u00e1tico.<\/p>\n<p style=\"font-weight: 400; text-align: justify;\">El seremi de Agricultura, Eugenio Ruiz Espinoza expres\u00f3 que \u201cesta alianza p\u00fablico-privada es un importante compromiso que abarca acciones concretas para resguardar sistemas boscosos y apoyar a quienes trabajan en la producci\u00f3n forestal de bosques nativos. Adem\u00e1s, la medida contempla m\u00e1s de 1.600 planes de manejo, un importante esfuerzo para seguir avanzando en un modelo de producci\u00f3n responsable con la protecci\u00f3n del medioambiente\u201d.<\/p>\n<p style=\"font-weight: 400; text-align: justify;\">Recordar que la regi\u00f3n de Ays\u00e9n alberga el 24,6% del bosque nativo de Chile, ecosistema fundamental\u00a0 para la regulaci\u00f3n h\u00eddrica, la conservaci\u00f3n del suelo y la biodiversidad.<\/p>\n<p style=\"font-weight: 400; text-align: justify;\">Por su parte, el director regional de CONAF, Ronald Valenzuela Campos, destac\u00f3 que \u201cesta colaboraci\u00f3n con la Agencia de Sustentabilidad y Cambio Clim\u00e1tico de CORFO es clave para el desarrollo sostenible de la regi\u00f3n. Permite avanzar en la mitigaci\u00f3n de problem\u00e1ticas ambientales, aline\u00e1ndose con el Plan de Descontaminaci\u00f3n Atmosf\u00e9rica de Coyhaique, contribuyendo al uso de le\u00f1a de calidad proveniente de bosques manejados. De esto modo, enfrentamos desaf\u00edos como la extracci\u00f3n informal de le\u00f1a y la degradaci\u00f3n ambiental, apostando por un modelo de futuro resiliente\u201d.<\/p>\n<\/div><\/section><\/div><div  style='height:50px' class='hr hr-invisible   avia-builder-el-6  el_after_av_one_full  el_before_av_social_share '><span class='hr-inner ' ><span class='hr-inner-style'><\/span><\/span><\/div><\/p>\n<div  class='av-social-sharing-box  avia-builder-el-7  el_after_av_hr  el_before_av_hr  '><div class='av-share-box'><h5 class='av-share-link-description av-no-toc '>Compartir esta noticia<\/h5><ul class='av-share-box-list noLightbox'><li class='av-share-link av-social-link-facebook' ><a target=\"_blank\" aria-label=\"Compartir en Facebook\" href='https:\/\/www.facebook.com\/sharer.php?u=https:\/\/radiorevelacionfm.cl\/?p=52526&#038;t=Conaf%20Ays%C3%A9n%20participa%20en%20la%20firma%20del%20Acuerdo%20de%20Producci%C3%B3n%20Limpia%20para%20el%20manejo%20sustentable%20del%20bosque%20nativo%20en%20Coyhaique' aria-hidden='false' data-av_icon='\ue8f3' data-av_iconfont='entypo-fontello' title='' data-avia-related-tooltip='Compartir en Facebook' rel=\"noopener\"><span class='avia_hidden_link_text'>Compartir en Facebook<\/span><\/a><\/li><li class='av-share-link av-social-link-twitter' ><a target=\"_blank\" aria-label=\"Compartir en Twitter\" href='https:\/\/twitter.com\/share?text=Conaf%20Ays%C3%A9n%20participa%20en%20la%20firma%20del%20Acuerdo%20de%20Producci%C3%B3n%20Limpia%20para%20el%20manejo%20sustentable%20del%20bosque%20nativo%20en%20Coyhaique&#038;url=https:\/\/radiorevelacionfm.cl\/?p=52526' aria-hidden='false' data-av_icon='\ue8f1' data-av_iconfont='entypo-fontello' title='' data-avia-related-tooltip='Compartir en Twitter' rel=\"noopener\"><span class='avia_hidden_link_text'>Compartir en Twitter<\/span><\/a><\/li><li class='av-share-link av-social-link-whatsapp' ><a target=\"_blank\" aria-label=\"Compartir en Whatsapp\" href='https:\/\/api.whatsapp.com\/send?text=https:\/\/radiorevelacionfm.cl\/?p=52526' aria-hidden='false' data-av_icon='\uf232' data-av_iconfont='entypo-fontello' title='' data-avia-related-tooltip='Compartir en Whatsapp' rel=\"noopener\"><span class='avia_hidden_link_text'>Compartir en Whatsapp<\/span><\/a><\/li><li class='av-share-link av-social-link-linkedin' ><a target=\"_blank\" aria-label=\"Compartir en LinkedIn\" href='https:\/\/linkedin.com\/shareArticle?mini=true&#038;title=Conaf%20Ays%C3%A9n%20participa%20en%20la%20firma%20del%20Acuerdo%20de%20Producci%C3%B3n%20Limpia%20para%20el%20manejo%20sustentable%20del%20bosque%20nativo%20en%20Coyhaique&#038;url=https:\/\/radiorevelacionfm.cl\/?p=52526' aria-hidden='false' data-av_icon='\ue8fc' data-av_iconfont='entypo-fontello' title='' data-avia-related-tooltip='Compartir en LinkedIn' rel=\"noopener\"><span class='avia_hidden_link_text'>Compartir en LinkedIn<\/span><\/a><\/li><li class='av-share-link av-social-link-mail' ><a  aria-label=\"Compartir por correo\" href='mailto:?subject=Conaf%20Ays%C3%A9n%20participa%20en%20la%20firma%20del%20Acuerdo%20de%20Producci%C3%B3n%20Limpia%20para%20el%20manejo%20sustentable%20del%20bosque%20nativo%20en%20Coyhaique&#038;body=https:\/\/radiorevelacionfm.cl\/?p=52526' aria-hidden='false' data-av_icon='\ue805' data-av_iconfont='entypo-fontello' title='' data-avia-related-tooltip='Compartir por correo'><span class='avia_hidden_link_text'>Compartir por correo<\/span><\/a><\/li><\/ul><\/div><\/div>\n<div  style='height:50px' class='hr hr-invisible   avia-builder-el-8  el_after_av_social_share  el_before_av_comments_list '><span class='hr-inner ' ><span class='hr-inner-style'><\/span><\/span><\/div>\n<div  class='av-buildercomment  av-blog-meta-html-info-disabled av-blog-meta-tag-disabled  '><\/div>\n","protected":false},"excerpt":{"rendered":"","protected":false},"author":1,"featured_media":52527,"comment_status":"closed","ping_status":"closed","sticky":false,"template":"","format":"standard","meta":{"footnotes":""},"categories":[38],"tags":[],"class_list":["post-52526","post","type-post","status-publish","format-standard","has-post-thumbnail","hentry","category-regional"],"jetpack_featured_media_url":"https:\/\/radiorevelacionfm.cl\/wp-content\/uploads\/2025\/04\/2-88-1_optimized-1.jpeg","_links":{"self":[{"href":"https:\/\/radiorevelacionfm.cl\/index.php?rest_route=\/wp\/v2\/posts\/52526","targetHints":{"allow":["GET"]}}],"collection":[{"href":"https:\/\/radiorevelacionfm.cl\/index.php?rest_route=\/wp\/v2\/posts"}],"about":[{"href":"https:\/\/radiorevelacionfm.cl\/index.php?rest_route=\/wp\/v2\/types\/post"}],"author":[{"embeddable":true,"href":"https:\/\/radiorevelacionfm.cl\/index.php?rest_route=\/wp\/v2\/users\/1"}],"replies":[{"embeddable":true,"href":"https:\/\/radiorevelacionfm.cl\/index.php?rest_route=%2Fwp%2Fv2%2Fcomments&post=52526"}],"version-history":[{"count":2,"href":"https:\/\/radiorevelacionfm.cl\/index.php?rest_route=\/wp\/v2\/posts\/52526\/revisions"}],"predecessor-version":[{"id":52545,"href":"https:\/\/radiorevelacionfm.cl\/index.php?rest_route=\/wp\/v2\/posts\/52526\/revisions\/52545"}],"wp:featuredmedia":[{"embeddable":true,"href":"https:\/\/radiorevelacionfm.cl\/index.php?rest_route=\/wp\/v2\/media\/52527"}],"wp:attachment":[{"href":"https:\/\/radiorevelacionfm.cl\/index.php?rest_route=%2Fwp%2Fv2%2Fmedia&parent=52526"}],"wp:term":[{"taxonomy":"category","embeddable":true,"href":"https:\/\/radiorevelacionfm.cl\/index.php?rest_route=%2Fwp%2Fv2%2Fcategories&post=52526"},{"taxonomy":"post_tag","embeddable":true,"href":"https:\/\/radiorevelacionfm.cl\/index.php?rest_route=%2Fwp%2Fv2%2Ftags&post=52526"}],"curies":[{"name":"wp","href":"https:\/\/api.w.org\/{rel}","templated":true}]}}